{"id":1,"date":"2026-07-22T18:25:58","date_gmt":"2026-07-22T18:25:58","guid":{"rendered":"http:\/\/127.0.0.1\/?p=1"},"modified":"2026-08-21T11:05:16","modified_gmt":"2026-08-21T18:05:16","slug":"hello-world","status":"publish","type":"post","link":"https:\/\/www.enfasis.mx\/?p=1","title":{"rendered":"Bienvenidos a \u00c9nfasis, el acento en la pol\u00edtica y economia"},"content":{"rendered":"\t\t<div data-elementor-type=\"wp-post\" data-elementor-id=\"1\" class=\"elementor elementor-1\">\n\t\t\t\t<div class=\"elementor-element elementor-element-58f47b96 e-flex e-con-boxed e-con e-parent\" data-id=\"58f47b96\" data-element_type=\"container\" data-e-type=\"container\">\n\t\t\t\t\t<div class=\"e-con-inner\">\n\t\t\t\t<div class=\"elementor-element elementor-element-2d15548c elementor-widget elementor-widget-text-editor\" data-id=\"2d15548c\" data-element_type=\"widget\" data-e-type=\"widget\" data-widget_type=\"text-editor.default\">\n\t\t\t\t\t\t\t\t\t<p style=\"caret-color: #000000; color: #000000;\"><strong style=\"font-size: 15px; text-align: var(--text-align);\">\u00c9nfasis<\/strong><span style=\"font-size: 15px; font-weight: 400; text-align: var(--text-align);\">\u00a0nace como un espacio de informaci\u00f3n, an\u00e1lisis y opini\u00f3n que pone el acento donde realmente importa: en la pol\u00edtica, la econom\u00eda y las decisiones que transforman nuestra realidad.<\/span><\/p><p style=\"caret-color: #000000; color: #000000;\">Con una mirada regional y una perspectiva amplia,\u00a0<strong>\u00c9nfasis<\/strong>\u00a0conecta tres territorios profundamente vinculados por su historia, su actividad econ\u00f3mica y su din\u00e1mica social:\u00a0<strong>Ciudad Ju\u00e1rez, Chihuahua y El Paso, Texas<\/strong>. Desde esta regi\u00f3n fronteriza, el portal busca convertirse en un referente para quienes desean comprender los acontecimientos que influyen en la vida p\u00fablica, el desarrollo empresarial y el rumbo econ\u00f3mico de M\u00e9xico, Estados Unidos y, particularmente, de nuestra comunidad binacional.<\/p><p style=\"caret-color: #000000; color: #000000;\">En\u00a0<strong>\u00c9nfasis<\/strong>\u00a0colaboran reconocidas personalidades del periodismo, la pol\u00edtica, la econom\u00eda y las finanzas, quienes aportan su experiencia, conocimiento y visi\u00f3n para ofrecer contenidos que van m\u00e1s all\u00e1 de la noticia. Nuestro prop\u00f3sito es generar an\u00e1lisis con contexto, opiniones con fundamento y perspectivas capaces de contribuir a una mejor comprensi\u00f3n de los temas que marcan la agenda.<\/p><p style=\"caret-color: #000000; color: #000000;\">La pol\u00edtica y la econom\u00eda est\u00e1n estrechamente relacionadas. Las decisiones de los gobiernos, las pol\u00edticas p\u00fablicas, los movimientos de los mercados, las inversiones, el comercio internacional y las relaciones entre M\u00e9xico y Estados Unidos tienen un impacto directo en las empresas, las familias y las comunidades. Por ello,\u00a0<strong>\u00c9nfasis<\/strong>\u00a0observa los acontecimientos desde una perspectiva cr\u00edtica, profesional y plural, con especial atenci\u00f3n a los temas que inciden en la vida cotidiana y en el futuro de nuestra regi\u00f3n.<\/p><p style=\"caret-color: #000000; color: #000000;\">Nuestro contenido busca informar, pero tambi\u00e9n provocar la reflexi\u00f3n y el di\u00e1logo. A trav\u00e9s de reportajes, entrevistas, columnas, an\u00e1lisis y opiniones, damos voz a quienes tienen algo relevante que aportar al debate p\u00fablico y acercamos a nuestros lectores a las ideas y protagonistas que est\u00e1n definiendo el presente y construyendo el futuro.<\/p><p style=\"caret-color: #000000; color: #000000;\">Desde la frontera norte de M\u00e9xico,\u00a0<strong>\u00c9nfasis<\/strong>\u00a0mira hacia el mundo. Analizamos lo que sucede en Ciudad Ju\u00e1rez y Chihuahua, seguimos la actividad de El Paso y la din\u00e1mica de la frontera, y ponemos atenci\u00f3n en los acontecimientos nacionales e internacionales que pueden generar oportunidades, desaf\u00edos y cambios para nuestra regi\u00f3n.<\/p><p style=\"caret-color: #000000; color: #000000;\"><strong>\u00c9nfasis<\/strong>\u00a0es informaci\u00f3n con contexto. Es an\u00e1lisis con perspectiva. Es opini\u00f3n con responsabilidad.<\/p><p style=\"caret-color: #000000; color: #000000;\">Porque en un mundo donde abundan las noticias, lo verdaderamente importante es saber qu\u00e9 significan, por qu\u00e9 suceden y hacia d\u00f3nde nos llevan.<\/p><p style=\"caret-color: #000000; color: #000000;\"><strong>\u00c9nfasis. El acento en la pol\u00edtica y la econom\u00eda.<\/strong><\/p>\t\t\t\t\t\t\t\t<\/div>\n\t\t\t\t\t<\/div>\n\t\t\t\t<\/div>\n\t\t\t\t<\/div>\n\t\t","protected":false},"excerpt":{"rendered":"<p>\u00c9nfasis\u00a0nace como un espacio de informaci\u00f3n, an\u00e1lisis y opini\u00f3n que pone el acento donde realmente importa: en la pol\u00edtica, la econom\u00eda y las decisiones que transforman nuestra realidad. Con una mirada regional y una perspectiva amplia,\u00a0\u00c9nfasis\u00a0conecta tres territorios profundamente vinculados por su historia, su actividad econ\u00f3mica y su din\u00e1mica social:\u00a0Ciudad Ju\u00e1rez, Chihuahua y El Paso, [&hellip;]<\/p>\n","protected":false},"author":1,"featured_media":18,"comment_status":"open","ping_status":"open","sticky":false,"template":"","format":"standard","meta":{"_jetpack_newsletter_access":"","_jetpack_dont_email_post_to_subs":false,"_jetpack_newsletter_tier_id":0,"_jetpack_memberships_contains_paywalled_content":false,"_jetpack_feature_clip_id":0,"_jetpack_memberships_contains_paid_content":false,"footnotes":"","jetpack_post_was_ever_published":false},"categories":[1],"tags":[],"class_list":["post-1","post","type-post","status-publish","format-standard","has-post-thumbnail","hentry","category-uncategorized"],"aioseo_notices":[],"aioseo_head":"\n\t\t<!-- All in One SEO 4.9.10 - aioseo.com -->\n\t<meta name=\"description\" content=\"\u00c9nfasis nace como un espacio de informaci\u00f3n, an\u00e1lisis y opini\u00f3n que pone el acento donde realmente importa: en la pol\u00edtica, la econom\u00eda y las decisiones que transforman nuestra realidad.Con una mirada regional y una perspectiva amplia, \u00c9nfasis conecta tres territorios profundamente vinculados por su historia, su actividad econ\u00f3mica y su din\u00e1mica social: Ciudad Ju\u00e1rez, Chihuahua y El Paso, Texas.\" \/>\n\t<meta name=\"robots\" content=\"max-image-preview:large\" \/>\n\t<meta name=\"author\" content=\"user\"\/>\n\t<meta name=\"google-site-verification\" content=\"jlwkLGgnMBpX8ktutl9e1D8Kvl7Rh7xmXQIHtOLk65U\" \/>\n\t<link rel=\"canonical\" href=\"https:\/\/www.enfasis.mx\/?p=1\" \/>\n\t<meta name=\"generator\" content=\"All in One SEO (AIOSEO) 4.9.10\" \/>\n\t\t<meta property=\"og:locale\" content=\"en_US\" \/>\n\t\t<meta property=\"og:site_name\" content=\"\u00c9nfasis - El acento en la econom\u00eda y la pol\u00edtica\" \/>\n\t\t<meta property=\"og:type\" content=\"article\" \/>\n\t\t<meta property=\"og:title\" content=\"Bienvenidos a \u00c9nfasis, el acento en la pol\u00edtica y economia - \u00c9nfasis\" \/>\n\t\t<meta property=\"og:description\" content=\"\u00c9nfasis nace como un espacio de informaci\u00f3n, an\u00e1lisis y opini\u00f3n que pone el acento donde realmente importa: en la pol\u00edtica, la econom\u00eda y las decisiones que transforman nuestra realidad.Con una mirada regional y una perspectiva amplia, \u00c9nfasis conecta tres territorios profundamente vinculados por su historia, su actividad econ\u00f3mica y su din\u00e1mica social: Ciudad Ju\u00e1rez, Chihuahua y El Paso, Texas.\" \/>\n\t\t<meta property=\"og:url\" content=\"https:\/\/www.enfasis.mx\/?p=1\" \/>\n\t\t<meta property=\"og:image\" content=\"https:\/\/www.enfasis.mx\/wp-content\/uploads\/2026\/07\/cropped-Enfasis-Icono-1.png\" \/>\n\t\t<meta property=\"og:image:secure_url\" content=\"https:\/\/www.enfasis.mx\/wp-content\/uploads\/2026\/07\/cropped-Enfasis-Icono-1.png\" \/>\n\t\t<meta property=\"og:image:width\" content=\"512\" \/>\n\t\t<meta property=\"og:image:height\" content=\"512\" \/>\n\t\t<meta property=\"article:published_time\" content=\"2026-07-22T18:25:58+00:00\" \/>\n\t\t<meta property=\"article:modified_time\" content=\"2026-08-21T18:05:16+00:00\" \/>\n\t\t<meta name=\"twitter:card\" content=\"summary_large_image\" \/>\n\t\t<meta name=\"twitter:title\" content=\"Bienvenidos a \u00c9nfasis, el acento en la pol\u00edtica y economia - \u00c9nfasis\" \/>\n\t\t<meta name=\"twitter:description\" content=\"\u00c9nfasis nace como un espacio de informaci\u00f3n, an\u00e1lisis y opini\u00f3n que pone el acento donde realmente importa: en la pol\u00edtica, la econom\u00eda y las decisiones que transforman nuestra realidad.Con una mirada regional y una perspectiva amplia, \u00c9nfasis conecta tres territorios profundamente vinculados por su historia, su actividad econ\u00f3mica y su din\u00e1mica social: Ciudad Ju\u00e1rez, Chihuahua y El Paso, Texas.\" \/>\n\t\t<meta name=\"twitter:image\" content=\"http:\/\/www.enfasis.mx\/wp-content\/uploads\/2026\/07\/Enfasis-Logo-1.png\" \/>\n\t\t<script type=\"application\/ld+json\" class=\"aioseo-schema\">\n\t\t\t{\"@context\":\"https:\\\/\\\/schema.org\",\"@graph\":[{\"@type\":\"BlogPosting\",\"@id\":\"https:\\\/\\\/www.enfasis.mx\\\/?p=1#blogposting\",\"name\":\"Bienvenidos a \\u00c9nfasis, el acento en la pol\\u00edtica y economia - \\u00c9nfasis\",\"headline\":\"Bienvenidos a \\u00c9nfasis, el acento en la pol\\u00edtica y economia\",\"author\":{\"@id\":\"https:\\\/\\\/www.enfasis.mx\\\/?author=1#author\"},\"publisher\":{\"@id\":\"https:\\\/\\\/www.enfasis.mx\\\/#organization\"},\"image\":{\"@type\":\"ImageObject\",\"url\":\"https:\\\/\\\/www.enfasis.mx\\\/wp-content\\\/uploads\\\/2026\\\/07\\\/cropped-Enfasis-Icono-1.png\",\"width\":512,\"height\":512},\"datePublished\":\"2026-07-22T18:25:58-07:00\",\"dateModified\":\"2026-08-21T11:05:16-07:00\",\"inLanguage\":\"en-US\",\"mainEntityOfPage\":{\"@id\":\"https:\\\/\\\/www.enfasis.mx\\\/?p=1#webpage\"},\"isPartOf\":{\"@id\":\"https:\\\/\\\/www.enfasis.mx\\\/?p=1#webpage\"},\"articleSection\":\"Uncategorized\"},{\"@type\":\"BreadcrumbList\",\"@id\":\"https:\\\/\\\/www.enfasis.mx\\\/?p=1#breadcrumblist\",\"itemListElement\":[{\"@type\":\"ListItem\",\"@id\":\"https:\\\/\\\/www.enfasis.mx#listItem\",\"position\":1,\"name\":\"Home\",\"item\":\"https:\\\/\\\/www.enfasis.mx\",\"nextItem\":{\"@type\":\"ListItem\",\"@id\":\"https:\\\/\\\/www.enfasis.mx\\\/?cat=1#listItem\",\"name\":\"Uncategorized\"}},{\"@type\":\"ListItem\",\"@id\":\"https:\\\/\\\/www.enfasis.mx\\\/?cat=1#listItem\",\"position\":2,\"name\":\"Uncategorized\",\"item\":\"https:\\\/\\\/www.enfasis.mx\\\/?cat=1\",\"nextItem\":{\"@type\":\"ListItem\",\"@id\":\"https:\\\/\\\/www.enfasis.mx\\\/?p=1#listItem\",\"name\":\"Bienvenidos a \\u00c9nfasis, el acento en la pol\\u00edtica y economia\"},\"previousItem\":{\"@type\":\"ListItem\",\"@id\":\"https:\\\/\\\/www.enfasis.mx#listItem\",\"name\":\"Home\"}},{\"@type\":\"ListItem\",\"@id\":\"https:\\\/\\\/www.enfasis.mx\\\/?p=1#listItem\",\"position\":3,\"name\":\"Bienvenidos a \\u00c9nfasis, el acento en la pol\\u00edtica y economia\",\"previousItem\":{\"@type\":\"ListItem\",\"@id\":\"https:\\\/\\\/www.enfasis.mx\\\/?cat=1#listItem\",\"name\":\"Uncategorized\"}}]},{\"@type\":\"Organization\",\"@id\":\"https:\\\/\\\/www.enfasis.mx\\\/#organization\",\"name\":\"\\u00c9nfasis Ser Empresario\",\"description\":\"El acento en la econom\\u00eda y la pol\\u00edtica Grupo Editorial Fundado en 1998, su marca insignia es REVISTA SER EMPRESARIO la revista empresarial mas importante del Estado\",\"url\":\"https:\\\/\\\/www.enfasis.mx\\\/\",\"logo\":{\"@type\":\"ImageObject\",\"url\":\"http:\\\/\\\/www.enfasis.mx\\\/wp-content\\\/uploads\\\/2026\\\/07\\\/Enfasis-Logo-1.png\",\"@id\":\"https:\\\/\\\/www.enfasis.mx\\\/?p=1\\\/#organizationLogo\"},\"image\":{\"@id\":\"https:\\\/\\\/www.enfasis.mx\\\/?p=1\\\/#organizationLogo\"}},{\"@type\":\"Person\",\"@id\":\"https:\\\/\\\/www.enfasis.mx\\\/?author=1#author\",\"url\":\"https:\\\/\\\/www.enfasis.mx\\\/?author=1\",\"name\":\"user\"},{\"@type\":\"WebPage\",\"@id\":\"https:\\\/\\\/www.enfasis.mx\\\/?p=1#webpage\",\"url\":\"https:\\\/\\\/www.enfasis.mx\\\/?p=1\",\"name\":\"Bienvenidos a \\u00c9nfasis, el acento en la pol\\u00edtica y economia - \\u00c9nfasis\",\"description\":\"\\u00c9nfasis nace como un espacio de informaci\\u00f3n, an\\u00e1lisis y opini\\u00f3n que pone el acento donde realmente importa: en la pol\\u00edtica, la econom\\u00eda y las decisiones que transforman nuestra realidad.Con una mirada regional y una perspectiva amplia, \\u00c9nfasis conecta tres territorios profundamente vinculados por su historia, su actividad econ\\u00f3mica y su din\\u00e1mica social: Ciudad Ju\\u00e1rez, Chihuahua y El Paso, Texas.\",\"inLanguage\":\"en-US\",\"isPartOf\":{\"@id\":\"https:\\\/\\\/www.enfasis.mx\\\/#website\"},\"breadcrumb\":{\"@id\":\"https:\\\/\\\/www.enfasis.mx\\\/?p=1#breadcrumblist\"},\"author\":{\"@id\":\"https:\\\/\\\/www.enfasis.mx\\\/?author=1#author\"},\"creator\":{\"@id\":\"https:\\\/\\\/www.enfasis.mx\\\/?author=1#author\"},\"image\":{\"@type\":\"ImageObject\",\"url\":\"https:\\\/\\\/www.enfasis.mx\\\/wp-content\\\/uploads\\\/2026\\\/07\\\/cropped-Enfasis-Icono-1.png\",\"@id\":\"https:\\\/\\\/www.enfasis.mx\\\/?p=1\\\/#mainImage\",\"width\":512,\"height\":512},\"primaryImageOfPage\":{\"@id\":\"https:\\\/\\\/www.enfasis.mx\\\/?p=1#mainImage\"},\"datePublished\":\"2026-07-22T18:25:58-07:00\",\"dateModified\":\"2026-08-21T11:05:16-07:00\"},{\"@type\":\"WebSite\",\"@id\":\"https:\\\/\\\/www.enfasis.mx\\\/#website\",\"url\":\"https:\\\/\\\/www.enfasis.mx\\\/\",\"name\":\"\\u00c9nfasis\",\"description\":\"El acento en la econom\\u00eda y la pol\\u00edtica\",\"inLanguage\":\"en-US\",\"publisher\":{\"@id\":\"https:\\\/\\\/www.enfasis.mx\\\/#organization\"}}]}\n\t\t<\/script>\n\t\t<!-- All in One SEO -->\n\n","aioseo_head_json":{"title":"Bienvenidos a \u00c9nfasis, el acento en la pol\u00edtica y economia - \u00c9nfasis","description":"\u00c9nfasis nace como un espacio de informaci\u00f3n, an\u00e1lisis y opini\u00f3n que pone el acento donde realmente importa: en la pol\u00edtica, la econom\u00eda y las decisiones que transforman nuestra realidad.Con una mirada regional y una perspectiva amplia, \u00c9nfasis conecta tres territorios profundamente vinculados por su historia, su actividad econ\u00f3mica y su din\u00e1mica social: Ciudad Ju\u00e1rez, Chihuahua y El Paso, Texas.","canonical_url":"https:\/\/www.enfasis.mx\/?p=1","robots":"max-image-preview:large","keywords":"","webmasterTools":{"google-site-verification":"jlwkLGgnMBpX8ktutl9e1D8Kvl7Rh7xmXQIHtOLk65U","miscellaneous":""},"schema":{"@context":"https:\/\/schema.org","@graph":[{"@type":"BlogPosting","@id":"https:\/\/www.enfasis.mx\/?p=1#blogposting","name":"Bienvenidos a \u00c9nfasis, el acento en la pol\u00edtica y economia - \u00c9nfasis","headline":"Bienvenidos a \u00c9nfasis, el acento en la pol\u00edtica y economia","author":{"@id":"https:\/\/www.enfasis.mx\/?author=1#author"},"publisher":{"@id":"https:\/\/www.enfasis.mx\/#organization"},"image":{"@type":"ImageObject","url":"https:\/\/www.enfasis.mx\/wp-content\/uploads\/2026\/07\/cropped-Enfasis-Icono-1.png","width":512,"height":512},"datePublished":"2026-07-22T18:25:58-07:00","dateModified":"2026-08-21T11:05:16-07:00","inLanguage":"en-US","mainEntityOfPage":{"@id":"https:\/\/www.enfasis.mx\/?p=1#webpage"},"isPartOf":{"@id":"https:\/\/www.enfasis.mx\/?p=1#webpage"},"articleSection":"Uncategorized"},{"@type":"BreadcrumbList","@id":"https:\/\/www.enfasis.mx\/?p=1#breadcrumblist","itemListElement":[{"@type":"ListItem","@id":"https:\/\/www.enfasis.mx#listItem","position":1,"name":"Home","item":"https:\/\/www.enfasis.mx","nextItem":{"@type":"ListItem","@id":"https:\/\/www.enfasis.mx\/?cat=1#listItem","name":"Uncategorized"}},{"@type":"ListItem","@id":"https:\/\/www.enfasis.mx\/?cat=1#listItem","position":2,"name":"Uncategorized","item":"https:\/\/www.enfasis.mx\/?cat=1","nextItem":{"@type":"ListItem","@id":"https:\/\/www.enfasis.mx\/?p=1#listItem","name":"Bienvenidos a \u00c9nfasis, el acento en la pol\u00edtica y economia"},"previousItem":{"@type":"ListItem","@id":"https:\/\/www.enfasis.mx#listItem","name":"Home"}},{"@type":"ListItem","@id":"https:\/\/www.enfasis.mx\/?p=1#listItem","position":3,"name":"Bienvenidos a \u00c9nfasis, el acento en la pol\u00edtica y economia","previousItem":{"@type":"ListItem","@id":"https:\/\/www.enfasis.mx\/?cat=1#listItem","name":"Uncategorized"}}]},{"@type":"Organization","@id":"https:\/\/www.enfasis.mx\/#organization","name":"\u00c9nfasis Ser Empresario","description":"El acento en la econom\u00eda y la pol\u00edtica Grupo Editorial Fundado en 1998, su marca insignia es REVISTA SER EMPRESARIO la revista empresarial mas importante del Estado","url":"https:\/\/www.enfasis.mx\/","logo":{"@type":"ImageObject","url":"http:\/\/www.enfasis.mx\/wp-content\/uploads\/2026\/07\/Enfasis-Logo-1.png","@id":"https:\/\/www.enfasis.mx\/?p=1\/#organizationLogo"},"image":{"@id":"https:\/\/www.enfasis.mx\/?p=1\/#organizationLogo"}},{"@type":"Person","@id":"https:\/\/www.enfasis.mx\/?author=1#author","url":"https:\/\/www.enfasis.mx\/?author=1","name":"user"},{"@type":"WebPage","@id":"https:\/\/www.enfasis.mx\/?p=1#webpage","url":"https:\/\/www.enfasis.mx\/?p=1","name":"Bienvenidos a \u00c9nfasis, el acento en la pol\u00edtica y economia - \u00c9nfasis","description":"\u00c9nfasis nace como un espacio de informaci\u00f3n, an\u00e1lisis y opini\u00f3n que pone el acento donde realmente importa: en la pol\u00edtica, la econom\u00eda y las decisiones que transforman nuestra realidad.Con una mirada regional y una perspectiva amplia, \u00c9nfasis conecta tres territorios profundamente vinculados por su historia, su actividad econ\u00f3mica y su din\u00e1mica social: Ciudad Ju\u00e1rez, Chihuahua y El Paso, Texas.","inLanguage":"en-US","isPartOf":{"@id":"https:\/\/www.enfasis.mx\/#website"},"breadcrumb":{"@id":"https:\/\/www.enfasis.mx\/?p=1#breadcrumblist"},"author":{"@id":"https:\/\/www.enfasis.mx\/?author=1#author"},"creator":{"@id":"https:\/\/www.enfasis.mx\/?author=1#author"},"image":{"@type":"ImageObject","url":"https:\/\/www.enfasis.mx\/wp-content\/uploads\/2026\/07\/cropped-Enfasis-Icono-1.png","@id":"https:\/\/www.enfasis.mx\/?p=1\/#mainImage","width":512,"height":512},"primaryImageOfPage":{"@id":"https:\/\/www.enfasis.mx\/?p=1#mainImage"},"datePublished":"2026-07-22T18:25:58-07:00","dateModified":"2026-08-21T11:05:16-07:00"},{"@type":"WebSite","@id":"https:\/\/www.enfasis.mx\/#website","url":"https:\/\/www.enfasis.mx\/","name":"\u00c9nfasis","description":"El acento en la econom\u00eda y la pol\u00edtica","inLanguage":"en-US","publisher":{"@id":"https:\/\/www.enfasis.mx\/#organization"}}]},"og:locale":"en_US","og:site_name":"\u00c9nfasis - El acento en la econom\u00eda y la pol\u00edtica","og:type":"article","og:title":"Bienvenidos a \u00c9nfasis, el acento en la pol\u00edtica y economia - \u00c9nfasis","og:description":"\u00c9nfasis nace como un espacio de informaci\u00f3n, an\u00e1lisis y opini\u00f3n que pone el acento donde realmente importa: en la pol\u00edtica, la econom\u00eda y las decisiones que transforman nuestra realidad.Con una mirada regional y una perspectiva amplia, \u00c9nfasis conecta tres territorios profundamente vinculados por su historia, su actividad econ\u00f3mica y su din\u00e1mica social: Ciudad Ju\u00e1rez, Chihuahua y El Paso, Texas.","og:url":"https:\/\/www.enfasis.mx\/?p=1","og:image":"https:\/\/www.enfasis.mx\/wp-content\/uploads\/2026\/07\/cropped-Enfasis-Icono-1.png","og:image:secure_url":"https:\/\/www.enfasis.mx\/wp-content\/uploads\/2026\/07\/cropped-Enfasis-Icono-1.png","og:image:width":512,"og:image:height":512,"article:published_time":"2026-07-22T18:25:58+00:00","article:modified_time":"2026-08-21T18:05:16+00:00","twitter:card":"summary_large_image","twitter:title":"Bienvenidos a \u00c9nfasis, el acento en la pol\u00edtica y economia - \u00c9nfasis","twitter:description":"\u00c9nfasis nace como un espacio de informaci\u00f3n, an\u00e1lisis y opini\u00f3n que pone el acento donde realmente importa: en la pol\u00edtica, la econom\u00eda y las decisiones que transforman nuestra realidad.Con una mirada regional y una perspectiva amplia, \u00c9nfasis conecta tres territorios profundamente vinculados por su historia, su actividad econ\u00f3mica y su din\u00e1mica social: Ciudad Ju\u00e1rez, Chihuahua y El Paso, Texas.","twitter:image":"http:\/\/www.enfasis.mx\/wp-content\/uploads\/2026\/07\/Enfasis-Logo-1.png"},"aioseo_meta_data":{"post_id":"1","title":null,"description":null,"keywords":null,"keyphrases":{"focus":{"keyphrase":"","score":0,"analysis":{"keyphraseInTitle":{"score":0,"maxScore":9,"error":1}}},"additional":[]},"primary_term":null,"canonical_url":null,"og_title":null,"og_description":null,"og_object_type":"default","og_image_type":"default","og_image_custom_url":null,"og_image_custom_fields":null,"og_image_url":null,"og_image_width":null,"og_image_height":null,"og_video":"","og_custom_url":null,"og_article_section":null,"og_article_tags":null,"twitter_use_og":false,"twitter_card":"default","twitter_image_type":"default","twitter_image_custom_url":null,"twitter_image_custom_fields":null,"twitter_image_url":null,"twitter_title":null,"twitter_description":null,"schema_type":"default","schema_type_options":null,"schema":{"blockGraphs":[],"customGraphs":[],"default":{"data":{"Article":[],"Course":[],"Dataset":[],"FAQPage":[],"Movie":[],"Person":[],"Product":[],"ProductReview":[],"Car":[],"Recipe":[],"Service":[],"SoftwareApplication":[],"WebPage":[]},"graphName":"BlogPosting","isEnabled":true},"graphs":[]},"pillar_content":false,"robots_default":true,"robots_noindex":false,"robots_noarchive":false,"robots_nosnippet":false,"robots_nofollow":false,"robots_noimageindex":false,"robots_noodp":false,"robots_notranslate":false,"robots_max_snippet":"-1","robots_max_videopreview":"-1","robots_max_imagepreview":"large","priority":null,"frequency":"default","local_seo":null,"limit_modified_date":false,"ai":{"faqs":[],"keyPoints":[],"schemas":[],"titles":[],"descriptions":[],"socialPosts":{"email":{"subject":"","preview":"","content":""},"linkedin":[],"twitter":[],"facebook":[],"instagram":[]}},"breadcrumb_settings":null,"seo_analyzer_scan_date":null,"created":"2026-07-23 19:10:16","updated":"2026-08-21 22:35:52"},"aioseo_breadcrumb":"<div class=\"aioseo-breadcrumbs\"><span class=\"aioseo-breadcrumb\">\n\t\t\t<a href=\"https:\/\/www.enfasis.mx\" title=\"Home\">Home<\/a>\n\t\t<\/span><span class=\"aioseo-breadcrumb-separator\">&raquo;<\/span><span class=\"aioseo-breadcrumb\">\n\t\t\t<a href=\"https:\/\/www.enfasis.mx\/?cat=1\" title=\"Uncategorized\">Uncategorized<\/a>\n\t\t<\/span><span class=\"aioseo-breadcrumb-separator\">&raquo;<\/span><span class=\"aioseo-breadcrumb\">\n\t\t\tBienvenidos a \u00c9nfasis, el acento en la pol\u00edtica y economia\n\t\t<\/span><\/div>","aioseo_breadcrumb_json":[{"label":"Home","link":"https:\/\/www.enfasis.mx"},{"label":"Uncategorized","link":"https:\/\/www.enfasis.mx\/?cat=1"},{"label":"Bienvenidos a \u00c9nfasis, el acento en la pol\u00edtica y economia","link":"https:\/\/www.enfasis.mx\/?p=1"}],"wpmagazine_modules_lite_featured_media_urls":{"thumbnail":["https:\/\/www.enfasis.mx\/wp-content\/uploads\/2026\/07\/cropped-Enfasis-Icono-1-150x150.png",150,150,true],"cvmm-medium":["https:\/\/www.enfasis.mx\/wp-content\/uploads\/2026\/07\/cropped-Enfasis-Icono-1.png",300,300,false],"cvmm-medium-plus":["https:\/\/www.enfasis.mx\/wp-content\/uploads\/2026\/07\/cropped-Enfasis-Icono-1.png",207,207,false],"cvmm-portrait":["https:\/\/www.enfasis.mx\/wp-content\/uploads\/2026\/07\/cropped-Enfasis-Icono-1.png",400,400,false],"cvmm-medium-square":["https:\/\/www.enfasis.mx\/wp-content\/uploads\/2026\/07\/cropped-Enfasis-Icono-1.png",512,512,false],"cvmm-large":["https:\/\/www.enfasis.mx\/wp-content\/uploads\/2026\/07\/cropped-Enfasis-Icono-1.png",512,512,false],"cvmm-small":["https:\/\/www.enfasis.mx\/wp-content\/uploads\/2026\/07\/cropped-Enfasis-Icono-1.png",95,95,false],"full":["https:\/\/www.enfasis.mx\/wp-content\/uploads\/2026\/07\/cropped-Enfasis-Icono-1.png",512,512,false]},"categories_names":{"1":{"name":"Uncategorized","link":"https:\/\/www.enfasis.mx\/?cat=1"}},"tags_names":[],"comments_number":"0","jetpack_sharing_enabled":true,"jetpack_featured_media_url":"https:\/\/www.enfasis.mx\/wp-content\/uploads\/2026\/07\/cropped-Enfasis-Icono-1.png","_links":{"self":[{"href":"https:\/\/www.enfasis.mx\/index.php?rest_route=\/wp\/v2\/posts\/1","targetHints":{"allow":["GET"]}}],"collection":[{"href":"https:\/\/www.enfasis.mx\/index.php?rest_route=\/wp\/v2\/posts"}],"about":[{"href":"https:\/\/www.enfasis.mx\/index.php?rest_route=\/wp\/v2\/types\/post"}],"author":[{"embeddable":true,"href":"https:\/\/www.enfasis.mx\/index.php?rest_route=\/wp\/v2\/users\/1"}],"replies":[{"embeddable":true,"href":"https:\/\/www.enfasis.mx\/index.php?rest_route=%2Fwp%2Fv2%2Fcomments&post=1"}],"version-history":[{"count":9,"href":"https:\/\/www.enfasis.mx\/index.php?rest_route=\/wp\/v2\/posts\/1\/revisions"}],"predecessor-version":[{"id":215,"href":"https:\/\/www.enfasis.mx\/index.php?rest_route=\/wp\/v2\/posts\/1\/revisions\/215"}],"wp:featuredmedia":[{"embeddable":true,"href":"https:\/\/www.enfasis.mx\/index.php?rest_route=\/wp\/v2\/media\/18"}],"wp:attachment":[{"href":"https:\/\/www.enfasis.mx\/index.php?rest_route=%2Fwp%2Fv2%2Fmedia&parent=1"}],"wp:term":[{"taxonomy":"category","embeddable":true,"href":"https:\/\/www.enfasis.mx\/index.php?rest_route=%2Fwp%2Fv2%2Fcategories&post=1"},{"taxonomy":"post_tag","embeddable":true,"href":"https:\/\/www.enfasis.mx\/index.php?rest_route=%2Fwp%2Fv2%2Ftags&post=1"}],"curies":[{"name":"wp","href":"https:\/\/api.w.org\/{rel}","templated":true}]}}