{"id":140,"date":"2026-07-29T12:28:26","date_gmt":"2026-07-29T19:28:26","guid":{"rendered":"https:\/\/www.enfasis.mx\/?p=140"},"modified":"2026-07-29T12:29:55","modified_gmt":"2026-07-29T19:29:55","slug":"la-ley-censura-regresa-el-control-de-los-contenidos-al-estado","status":"publish","type":"post","link":"https:\/\/www.enfasis.mx\/?p=140","title":{"rendered":"La Ley Censura: \u00bfRegresa el control de los contenidos al Estado?"},"content":{"rendered":"\n<p class=\"wp-block-paragraph\">Por Jos\u00e9 Mart\u00edn Rodr\u00edguez <\/p>\n\n\n\n<p class=\"wp-block-paragraph\">El debate sobre libertad de expresi\u00f3n y control gubernamental de los medios digitales volvi\u00f3 a intensificarse en M\u00e9xico tras la aprobaci\u00f3n de diversas reformas impulsadas por Morena y el gobierno de la presidente\u00a0Claudia Sheinbaum, agrupadas por cr\u00edticos y organizaciones civiles bajo el t\u00e9rmino de \u201cLey Censura\u201d.<\/p>\n\n\n\n<p class=\"wp-block-paragraph\">Aunque ese nombre no aparece oficialmente en ninguna legislaci\u00f3n, opositores, especialistas y defensores de la libertad de prensa utilizan la expresi\u00f3n para referirse principalmente a la nueva\u00a0Ley en Materia de Telecomunicaciones y Radiodifusi\u00f3n, as\u00ed como a cambios electorales y mecanismos regulatorios que consideran riesgosos para la libre circulaci\u00f3n de informaci\u00f3n.<\/p>\n\n\n\n<p class=\"wp-block-paragraph\">La reforma m\u00e1s controvertida sustituye a la legislaci\u00f3n federal de telecomunicaciones aprobada en 2014 y modifica de manera profunda el modelo de regulaci\u00f3n de medios y plataformas digitales en el pa\u00eds.<\/p>\n\n\n\n<p class=\"wp-block-paragraph\">Uno de los cambios centrales es la desaparici\u00f3n del\u00a0Instituto Federal de Telecomunicaciones (IFT)\u00a0como \u00f3rgano aut\u00f3nomo, trasladando facultades regulatorias a una nueva agencia vinculada directamente al Poder Ejecutivo federal\u00a0<\/p>\n\n\n\n<p class=\"wp-block-paragraph\">\u00bfSer\u00e1 algo como era Radio, Televisi\u00f3n y Cinemat\u00f3grafia (RTC) de SEGOB? RTC fue creada en el sexenio de Jos\u00e9 Lopez Portillo y su operaci\u00f3n durante los gobiernos siguientes representaron la burocratizaci\u00f3n y profesionalizaci\u00f3n del control estatal sobre los medios. La RTC no fue creada ex profeso solo para censurar, sino para regular un sector en crecimiento; no obstante, en el contexto del presidencialismo de la \u00e9poca, sus atribuciones de clasificaci\u00f3n, permisos y vigilancia se utilizaron sistem\u00e1ticamente como herramientas de control pol\u00edtico y censura indirecta, evitando la difusi\u00f3n de contenidos disidentes bajo argumentos legales y administrativos.<\/p>\n\n\n\n<p class=\"wp-block-paragraph\">\u00bfLes suena familiar? Hoy el Gobierno Federal dice que el nuevo organismo tendr\u00e1 atribuciones relacionadas con concesiones, supervisi\u00f3n de contenidos y regulaci\u00f3n de medios de difusi\u00f3n, mientras que sus integrantes ser\u00e1n designados desde la Presidencia de la Rep\u00fablica, lo que me recuerda que nombraron a Margarita L\u00f3pez Portillo (Hermana del Presidente Jos\u00e9 L\u00f3pez Portillo) la primer directora de la Direcci\u00f3n de Radio, Televisi\u00f3n y Cinemat\u00f3grafia, quien us\u00f3 el aparato del RTC y el estado para enlatar proyectos, o dejar sin papel a los peri\u00f3dicos que criticaban al gobierno y al partido en el poder.<\/p>\n\n\n\n<p class=\"wp-block-paragraph\">La presidente\u00a0Claudia Sheinbaum\u00a0rechaz\u00f3 categ\u00f3ricamente que las reformas tengan fines de censura o vigilancia. \u201cNo hay censura, ni espionaje, ni nada que se le parezca\u201d, pero sectores de oposici\u00f3n consideran que esta concentraci\u00f3n de funciones representa un riesgo para la independencia regulatoria y abre la puerta a posibles mecanismos de control pol\u00edtico sobre plataformas digitales, redes sociales y medios de comunicaci\u00f3n.<\/p>\n\n\n\n<p class=\"wp-block-paragraph\">Legisladores panistas advirtieron&nbsp;que el nuevo marco jur\u00eddico permitir\u00eda al gobierno influir en la operaci\u00f3n de plataformas digitales y medios electr\u00f3nicos, generando un precedente preocupante para la libertad de expresi\u00f3n;<\/p>\n\n\n\n<p class=\"wp-block-paragraph\">Otro de los puntos que est\u00e1 generando controversia es el llamado \u201cderecho de las audiencias\u201d, mecanismo que, seg\u00fan sus impulsores, busca garantizar mayor participaci\u00f3n social y equilibrio informativo en los medios. Sin embargo, organizaciones civiles y medios cr\u00edticos cuestionan qui\u00e9n determinar\u00e1 qu\u00e9 contenidos son \u201cadecuados\u201d o si determinadas publicaciones podr\u00edan ser consideradas violatorias de normas regulatorias.<\/p>\n\n\n\n<p class=\"wp-block-paragraph\">Todo esto ocurre en un pa\u00eds donde distintas organizaciones nacionales e internacionales contin\u00faan documentando agresiones y amenazas contra periodistas y medios de comunicaci\u00f3n.&nbsp;<\/p>\n","protected":false},"excerpt":{"rendered":"<p>Por Jos\u00e9 Mart\u00edn Rodr\u00edguez El debate sobre libertad de expresi\u00f3n y control gubernamental de los medios digitales volvi\u00f3 a intensificarse en M\u00e9xico tras la aprobaci\u00f3n de diversas reformas impulsadas por Morena y el gobierno de la presidente\u00a0Claudia Sheinbaum, agrupadas por cr\u00edticos y organizaciones civiles bajo el t\u00e9rmino de \u201cLey Censura\u201d. Aunque ese nombre no aparece [&hellip;]<\/p>\n","protected":false},"author":9,"featured_media":141,"comment_status":"closed","ping_status":"open","sticky":false,"template":"","format":"standard","meta":{"_jetpack_newsletter_access":"","_jetpack_dont_email_post_to_subs":false,"_jetpack_newsletter_tier_id":0,"_jetpack_memberships_contains_paywalled_content":false,"_jetpack_feature_clip_id":0,"_jetpack_memberships_contains_paid_content":false,"footnotes":"","jetpack_post_was_ever_published":false},"categories":[4],"tags":[],"class_list":["post-140","post","type-post","status-publish","format-standard","has-post-thumbnail","hentry","category-analisis-politico"],"aioseo_notices":[],"aioseo_head":"\n\t\t<!-- All in One SEO 4.9.10 - aioseo.com -->\n\t<meta name=\"description\" content=\"Por Jos\u00e9 Mart\u00edn Rodr\u00edguez El debate sobre libertad de expresi\u00f3n y control gubernamental de los medios digitales volvi\u00f3 a intensificarse en M\u00e9xico tras la aprobaci\u00f3n de diversas reformas impulsadas por Morena y el gobierno de la presidente Claudia Sheinbaum, agrupadas por cr\u00edticos y organizaciones civiles bajo el t\u00e9rmino de \u201cLey Censura\u201d. Aunque ese nombre no aparece\" \/>\n\t<meta name=\"robots\" content=\"max-image-preview:large\" \/>\n\t<meta name=\"author\" content=\"Jose Martin Rodriguez\"\/>\n\t<meta name=\"google-site-verification\" content=\"jlwkLGgnMBpX8ktutl9e1D8Kvl7Rh7xmXQIHtOLk65U\" \/>\n\t<link rel=\"canonical\" href=\"https:\/\/www.enfasis.mx\/?p=140\" \/>\n\t<meta name=\"generator\" content=\"All in One SEO (AIOSEO) 4.9.10\" \/>\n\t\t<meta property=\"og:locale\" content=\"en_US\" \/>\n\t\t<meta property=\"og:site_name\" content=\"\u00c9nfasis - El acento en la econom\u00eda y la pol\u00edtica\" \/>\n\t\t<meta property=\"og:type\" content=\"article\" \/>\n\t\t<meta property=\"og:title\" content=\"La Ley Censura: \u00bfRegresa el control de los contenidos al Estado? - \u00c9nfasis\" \/>\n\t\t<meta property=\"og:description\" content=\"Por Jos\u00e9 Mart\u00edn Rodr\u00edguez El debate sobre libertad de expresi\u00f3n y control gubernamental de los medios digitales volvi\u00f3 a intensificarse en M\u00e9xico tras la aprobaci\u00f3n de diversas reformas impulsadas por Morena y el gobierno de la presidente Claudia Sheinbaum, agrupadas por cr\u00edticos y organizaciones civiles bajo el t\u00e9rmino de \u201cLey Censura\u201d. Aunque ese nombre no aparece\" \/>\n\t\t<meta property=\"og:url\" content=\"https:\/\/www.enfasis.mx\/?p=140\" \/>\n\t\t<meta property=\"og:image\" content=\"https:\/\/www.enfasis.mx\/wp-content\/uploads\/2026\/07\/Ley-Censura.png\" \/>\n\t\t<meta property=\"og:image:secure_url\" content=\"https:\/\/www.enfasis.mx\/wp-content\/uploads\/2026\/07\/Ley-Censura.png\" \/>\n\t\t<meta property=\"og:image:width\" content=\"1448\" \/>\n\t\t<meta property=\"og:image:height\" content=\"1086\" \/>\n\t\t<meta property=\"article:published_time\" content=\"2026-07-29T19:28:26+00:00\" \/>\n\t\t<meta property=\"article:modified_time\" content=\"2026-07-29T19:29:55+00:00\" \/>\n\t\t<meta name=\"twitter:card\" content=\"summary_large_image\" \/>\n\t\t<meta name=\"twitter:title\" content=\"La Ley Censura: \u00bfRegresa el control de los contenidos al Estado? - \u00c9nfasis\" \/>\n\t\t<meta name=\"twitter:description\" content=\"Por Jos\u00e9 Mart\u00edn Rodr\u00edguez El debate sobre libertad de expresi\u00f3n y control gubernamental de los medios digitales volvi\u00f3 a intensificarse en M\u00e9xico tras la aprobaci\u00f3n de diversas reformas impulsadas por Morena y el gobierno de la presidente Claudia Sheinbaum, agrupadas por cr\u00edticos y organizaciones civiles bajo el t\u00e9rmino de \u201cLey Censura\u201d. Aunque ese nombre no aparece\" \/>\n\t\t<meta name=\"twitter:image\" content=\"http:\/\/www.enfasis.mx\/wp-content\/uploads\/2026\/07\/Enfasis-Logo-1.png\" \/>\n\t\t<script type=\"application\/ld+json\" class=\"aioseo-schema\">\n\t\t\t{\"@context\":\"https:\\\/\\\/schema.org\",\"@graph\":[{\"@type\":\"BlogPosting\",\"@id\":\"https:\\\/\\\/www.enfasis.mx\\\/?p=140#blogposting\",\"name\":\"La Ley Censura: \\u00bfRegresa el control de los contenidos al Estado? - \\u00c9nfasis\",\"headline\":\"La Ley Censura: \\u00bfRegresa el control de los contenidos al Estado?\",\"author\":{\"@id\":\"https:\\\/\\\/www.enfasis.mx\\\/?author=9#author\"},\"publisher\":{\"@id\":\"https:\\\/\\\/www.enfasis.mx\\\/#organization\"},\"image\":{\"@type\":\"ImageObject\",\"url\":\"https:\\\/\\\/www.enfasis.mx\\\/wp-content\\\/uploads\\\/2026\\\/07\\\/Ley-Censura.png\",\"width\":1448,\"height\":1086},\"datePublished\":\"2026-07-29T12:28:26-07:00\",\"dateModified\":\"2026-07-29T12:29:55-07:00\",\"inLanguage\":\"en-US\",\"mainEntityOfPage\":{\"@id\":\"https:\\\/\\\/www.enfasis.mx\\\/?p=140#webpage\"},\"isPartOf\":{\"@id\":\"https:\\\/\\\/www.enfasis.mx\\\/?p=140#webpage\"},\"articleSection\":\"Pol\\u00edtica\"},{\"@type\":\"BreadcrumbList\",\"@id\":\"https:\\\/\\\/www.enfasis.mx\\\/?p=140#breadcrumblist\",\"itemListElement\":[{\"@type\":\"ListItem\",\"@id\":\"https:\\\/\\\/www.enfasis.mx#listItem\",\"position\":1,\"name\":\"Home\",\"item\":\"https:\\\/\\\/www.enfasis.mx\",\"nextItem\":{\"@type\":\"ListItem\",\"@id\":\"https:\\\/\\\/www.enfasis.mx\\\/?cat=4#listItem\",\"name\":\"Pol\\u00edtica\"}},{\"@type\":\"ListItem\",\"@id\":\"https:\\\/\\\/www.enfasis.mx\\\/?cat=4#listItem\",\"position\":2,\"name\":\"Pol\\u00edtica\",\"item\":\"https:\\\/\\\/www.enfasis.mx\\\/?cat=4\",\"nextItem\":{\"@type\":\"ListItem\",\"@id\":\"https:\\\/\\\/www.enfasis.mx\\\/?p=140#listItem\",\"name\":\"La Ley Censura: \\u00bfRegresa el control de los contenidos al Estado?\"},\"previousItem\":{\"@type\":\"ListItem\",\"@id\":\"https:\\\/\\\/www.enfasis.mx#listItem\",\"name\":\"Home\"}},{\"@type\":\"ListItem\",\"@id\":\"https:\\\/\\\/www.enfasis.mx\\\/?p=140#listItem\",\"position\":3,\"name\":\"La Ley Censura: \\u00bfRegresa el control de los contenidos al Estado?\",\"previousItem\":{\"@type\":\"ListItem\",\"@id\":\"https:\\\/\\\/www.enfasis.mx\\\/?cat=4#listItem\",\"name\":\"Pol\\u00edtica\"}}]},{\"@type\":\"Organization\",\"@id\":\"https:\\\/\\\/www.enfasis.mx\\\/#organization\",\"name\":\"\\u00c9nfasis Ser Empresario\",\"description\":\"El acento en la econom\\u00eda y la pol\\u00edtica Grupo Editorial Fundado en 1998, su marca insignia es REVISTA SER EMPRESARIO la revista empresarial mas importante del Estado\",\"url\":\"https:\\\/\\\/www.enfasis.mx\\\/\",\"logo\":{\"@type\":\"ImageObject\",\"url\":\"http:\\\/\\\/www.enfasis.mx\\\/wp-content\\\/uploads\\\/2026\\\/07\\\/Enfasis-Logo-1.png\",\"@id\":\"https:\\\/\\\/www.enfasis.mx\\\/?p=140\\\/#organizationLogo\"},\"image\":{\"@id\":\"https:\\\/\\\/www.enfasis.mx\\\/?p=140\\\/#organizationLogo\"}},{\"@type\":\"Person\",\"@id\":\"https:\\\/\\\/www.enfasis.mx\\\/?author=9#author\",\"url\":\"https:\\\/\\\/www.enfasis.mx\\\/?author=9\",\"name\":\"Jose Martin Rodriguez\"},{\"@type\":\"WebPage\",\"@id\":\"https:\\\/\\\/www.enfasis.mx\\\/?p=140#webpage\",\"url\":\"https:\\\/\\\/www.enfasis.mx\\\/?p=140\",\"name\":\"La Ley Censura: \\u00bfRegresa el control de los contenidos al Estado? - \\u00c9nfasis\",\"description\":\"Por Jos\\u00e9 Mart\\u00edn Rodr\\u00edguez El debate sobre libertad de expresi\\u00f3n y control gubernamental de los medios digitales volvi\\u00f3 a intensificarse en M\\u00e9xico tras la aprobaci\\u00f3n de diversas reformas impulsadas por Morena y el gobierno de la presidente Claudia Sheinbaum, agrupadas por cr\\u00edticos y organizaciones civiles bajo el t\\u00e9rmino de \\u201cLey Censura\\u201d. Aunque ese nombre no aparece\",\"inLanguage\":\"en-US\",\"isPartOf\":{\"@id\":\"https:\\\/\\\/www.enfasis.mx\\\/#website\"},\"breadcrumb\":{\"@id\":\"https:\\\/\\\/www.enfasis.mx\\\/?p=140#breadcrumblist\"},\"author\":{\"@id\":\"https:\\\/\\\/www.enfasis.mx\\\/?author=9#author\"},\"creator\":{\"@id\":\"https:\\\/\\\/www.enfasis.mx\\\/?author=9#author\"},\"image\":{\"@type\":\"ImageObject\",\"url\":\"https:\\\/\\\/www.enfasis.mx\\\/wp-content\\\/uploads\\\/2026\\\/07\\\/Ley-Censura.png\",\"@id\":\"https:\\\/\\\/www.enfasis.mx\\\/?p=140\\\/#mainImage\",\"width\":1448,\"height\":1086},\"primaryImageOfPage\":{\"@id\":\"https:\\\/\\\/www.enfasis.mx\\\/?p=140#mainImage\"},\"datePublished\":\"2026-07-29T12:28:26-07:00\",\"dateModified\":\"2026-07-29T12:29:55-07:00\"},{\"@type\":\"WebSite\",\"@id\":\"https:\\\/\\\/www.enfasis.mx\\\/#website\",\"url\":\"https:\\\/\\\/www.enfasis.mx\\\/\",\"name\":\"\\u00c9nfasis\",\"description\":\"El acento en la econom\\u00eda y la pol\\u00edtica\",\"inLanguage\":\"en-US\",\"publisher\":{\"@id\":\"https:\\\/\\\/www.enfasis.mx\\\/#organization\"}}]}\n\t\t<\/script>\n\t\t<!-- All in One SEO -->\n\n","aioseo_head_json":{"title":"La Ley Censura: \u00bfRegresa el control de los contenidos al Estado? - \u00c9nfasis","description":"Por Jos\u00e9 Mart\u00edn Rodr\u00edguez El debate sobre libertad de expresi\u00f3n y control gubernamental de los medios digitales volvi\u00f3 a intensificarse en M\u00e9xico tras la aprobaci\u00f3n de diversas reformas impulsadas por Morena y el gobierno de la presidente Claudia Sheinbaum, agrupadas por cr\u00edticos y organizaciones civiles bajo el t\u00e9rmino de \u201cLey Censura\u201d. Aunque ese nombre no aparece","canonical_url":"https:\/\/www.enfasis.mx\/?p=140","robots":"max-image-preview:large","keywords":"","webmasterTools":{"google-site-verification":"jlwkLGgnMBpX8ktutl9e1D8Kvl7Rh7xmXQIHtOLk65U","miscellaneous":""},"schema":{"@context":"https:\/\/schema.org","@graph":[{"@type":"BlogPosting","@id":"https:\/\/www.enfasis.mx\/?p=140#blogposting","name":"La Ley Censura: \u00bfRegresa el control de los contenidos al Estado? - \u00c9nfasis","headline":"La Ley Censura: \u00bfRegresa el control de los contenidos al Estado?","author":{"@id":"https:\/\/www.enfasis.mx\/?author=9#author"},"publisher":{"@id":"https:\/\/www.enfasis.mx\/#organization"},"image":{"@type":"ImageObject","url":"https:\/\/www.enfasis.mx\/wp-content\/uploads\/2026\/07\/Ley-Censura.png","width":1448,"height":1086},"datePublished":"2026-07-29T12:28:26-07:00","dateModified":"2026-07-29T12:29:55-07:00","inLanguage":"en-US","mainEntityOfPage":{"@id":"https:\/\/www.enfasis.mx\/?p=140#webpage"},"isPartOf":{"@id":"https:\/\/www.enfasis.mx\/?p=140#webpage"},"articleSection":"Pol\u00edtica"},{"@type":"BreadcrumbList","@id":"https:\/\/www.enfasis.mx\/?p=140#breadcrumblist","itemListElement":[{"@type":"ListItem","@id":"https:\/\/www.enfasis.mx#listItem","position":1,"name":"Home","item":"https:\/\/www.enfasis.mx","nextItem":{"@type":"ListItem","@id":"https:\/\/www.enfasis.mx\/?cat=4#listItem","name":"Pol\u00edtica"}},{"@type":"ListItem","@id":"https:\/\/www.enfasis.mx\/?cat=4#listItem","position":2,"name":"Pol\u00edtica","item":"https:\/\/www.enfasis.mx\/?cat=4","nextItem":{"@type":"ListItem","@id":"https:\/\/www.enfasis.mx\/?p=140#listItem","name":"La Ley Censura: \u00bfRegresa el control de los contenidos al Estado?"},"previousItem":{"@type":"ListItem","@id":"https:\/\/www.enfasis.mx#listItem","name":"Home"}},{"@type":"ListItem","@id":"https:\/\/www.enfasis.mx\/?p=140#listItem","position":3,"name":"La Ley Censura: \u00bfRegresa el control de los contenidos al Estado?","previousItem":{"@type":"ListItem","@id":"https:\/\/www.enfasis.mx\/?cat=4#listItem","name":"Pol\u00edtica"}}]},{"@type":"Organization","@id":"https:\/\/www.enfasis.mx\/#organization","name":"\u00c9nfasis Ser Empresario","description":"El acento en la econom\u00eda y la pol\u00edtica Grupo Editorial Fundado en 1998, su marca insignia es REVISTA SER EMPRESARIO la revista empresarial mas importante del Estado","url":"https:\/\/www.enfasis.mx\/","logo":{"@type":"ImageObject","url":"http:\/\/www.enfasis.mx\/wp-content\/uploads\/2026\/07\/Enfasis-Logo-1.png","@id":"https:\/\/www.enfasis.mx\/?p=140\/#organizationLogo"},"image":{"@id":"https:\/\/www.enfasis.mx\/?p=140\/#organizationLogo"}},{"@type":"Person","@id":"https:\/\/www.enfasis.mx\/?author=9#author","url":"https:\/\/www.enfasis.mx\/?author=9","name":"Jose Martin Rodriguez"},{"@type":"WebPage","@id":"https:\/\/www.enfasis.mx\/?p=140#webpage","url":"https:\/\/www.enfasis.mx\/?p=140","name":"La Ley Censura: \u00bfRegresa el control de los contenidos al Estado? - \u00c9nfasis","description":"Por Jos\u00e9 Mart\u00edn Rodr\u00edguez El debate sobre libertad de expresi\u00f3n y control gubernamental de los medios digitales volvi\u00f3 a intensificarse en M\u00e9xico tras la aprobaci\u00f3n de diversas reformas impulsadas por Morena y el gobierno de la presidente Claudia Sheinbaum, agrupadas por cr\u00edticos y organizaciones civiles bajo el t\u00e9rmino de \u201cLey Censura\u201d. Aunque ese nombre no aparece","inLanguage":"en-US","isPartOf":{"@id":"https:\/\/www.enfasis.mx\/#website"},"breadcrumb":{"@id":"https:\/\/www.enfasis.mx\/?p=140#breadcrumblist"},"author":{"@id":"https:\/\/www.enfasis.mx\/?author=9#author"},"creator":{"@id":"https:\/\/www.enfasis.mx\/?author=9#author"},"image":{"@type":"ImageObject","url":"https:\/\/www.enfasis.mx\/wp-content\/uploads\/2026\/07\/Ley-Censura.png","@id":"https:\/\/www.enfasis.mx\/?p=140\/#mainImage","width":1448,"height":1086},"primaryImageOfPage":{"@id":"https:\/\/www.enfasis.mx\/?p=140#mainImage"},"datePublished":"2026-07-29T12:28:26-07:00","dateModified":"2026-07-29T12:29:55-07:00"},{"@type":"WebSite","@id":"https:\/\/www.enfasis.mx\/#website","url":"https:\/\/www.enfasis.mx\/","name":"\u00c9nfasis","description":"El acento en la econom\u00eda y la pol\u00edtica","inLanguage":"en-US","publisher":{"@id":"https:\/\/www.enfasis.mx\/#organization"}}]},"og:locale":"en_US","og:site_name":"\u00c9nfasis - El acento en la econom\u00eda y la pol\u00edtica","og:type":"article","og:title":"La Ley Censura: \u00bfRegresa el control de los contenidos al Estado? - \u00c9nfasis","og:description":"Por Jos\u00e9 Mart\u00edn Rodr\u00edguez El debate sobre libertad de expresi\u00f3n y control gubernamental de los medios digitales volvi\u00f3 a intensificarse en M\u00e9xico tras la aprobaci\u00f3n de diversas reformas impulsadas por Morena y el gobierno de la presidente Claudia Sheinbaum, agrupadas por cr\u00edticos y organizaciones civiles bajo el t\u00e9rmino de \u201cLey Censura\u201d. Aunque ese nombre no aparece","og:url":"https:\/\/www.enfasis.mx\/?p=140","og:image":"https:\/\/www.enfasis.mx\/wp-content\/uploads\/2026\/07\/Ley-Censura.png","og:image:secure_url":"https:\/\/www.enfasis.mx\/wp-content\/uploads\/2026\/07\/Ley-Censura.png","og:image:width":1448,"og:image:height":1086,"article:published_time":"2026-07-29T19:28:26+00:00","article:modified_time":"2026-07-29T19:29:55+00:00","twitter:card":"summary_large_image","twitter:title":"La Ley Censura: \u00bfRegresa el control de los contenidos al Estado? - \u00c9nfasis","twitter:description":"Por Jos\u00e9 Mart\u00edn Rodr\u00edguez El debate sobre libertad de expresi\u00f3n y control gubernamental de los medios digitales volvi\u00f3 a intensificarse en M\u00e9xico tras la aprobaci\u00f3n de diversas reformas impulsadas por Morena y el gobierno de la presidente Claudia Sheinbaum, agrupadas por cr\u00edticos y organizaciones civiles bajo el t\u00e9rmino de \u201cLey Censura\u201d. Aunque ese nombre no aparece","twitter:image":"http:\/\/www.enfasis.mx\/wp-content\/uploads\/2026\/07\/Enfasis-Logo-1.png"},"aioseo_meta_data":{"post_id":"140","title":"#post_title #separator_sa #site_title","description":"#post_excerpt","keywords":null,"keyphrases":{"focus":{"keyphrase":"","score":0,"analysis":{"keyphraseInTitle":{"score":0,"maxScore":9,"error":1}}},"additional":[]},"primary_term":null,"canonical_url":null,"og_title":null,"og_description":null,"og_object_type":"default","og_image_type":"default","og_image_custom_url":null,"og_image_custom_fields":null,"og_image_url":null,"og_image_width":null,"og_image_height":null,"og_video":"","og_custom_url":null,"og_article_section":null,"og_article_tags":null,"twitter_use_og":false,"twitter_card":"default","twitter_image_type":"default","twitter_image_custom_url":null,"twitter_image_custom_fields":null,"twitter_image_url":null,"twitter_title":null,"twitter_description":null,"schema_type":"default","schema_type_options":null,"schema":{"blockGraphs":[],"customGraphs":[],"default":{"data":{"Article":[],"Course":[],"Dataset":[],"FAQPage":[],"Movie":[],"Person":[],"Product":[],"ProductReview":[],"Car":[],"Recipe":[],"Service":[],"SoftwareApplication":[],"WebPage":[]},"graphName":"BlogPosting","isEnabled":true},"graphs":[]},"pillar_content":false,"robots_default":true,"robots_noindex":false,"robots_noarchive":false,"robots_nosnippet":false,"robots_nofollow":false,"robots_noimageindex":false,"robots_noodp":false,"robots_notranslate":false,"robots_max_snippet":"-1","robots_max_videopreview":"-1","robots_max_imagepreview":"large","priority":null,"frequency":"default","local_seo":null,"limit_modified_date":false,"ai":{"faqs":[],"keyPoints":[],"schemas":[],"titles":[],"descriptions":[],"socialPosts":{"email":{"subject":"","preview":"","content":""},"linkedin":[],"twitter":[],"facebook":[],"instagram":[]}},"breadcrumb_settings":null,"seo_analyzer_scan_date":null,"created":"2026-07-29 19:28:27","updated":"2026-07-29 23:18:35"},"aioseo_breadcrumb":"<div class=\"aioseo-breadcrumbs\"><span class=\"aioseo-breadcrumb\">\n\t\t\t<a href=\"https:\/\/www.enfasis.mx\" title=\"Home\">Home<\/a>\n\t\t<\/span><span class=\"aioseo-breadcrumb-separator\">&raquo;<\/span><span class=\"aioseo-breadcrumb\">\n\t\t\t<a href=\"https:\/\/www.enfasis.mx\/?cat=4\" title=\"Pol\u00edtica\">Pol\u00edtica<\/a>\n\t\t<\/span><span class=\"aioseo-breadcrumb-separator\">&raquo;<\/span><span class=\"aioseo-breadcrumb\">\n\t\t\tLa Ley Censura: \u00bfRegresa el control de los contenidos al Estado?\n\t\t<\/span><\/div>","aioseo_breadcrumb_json":[{"label":"Home","link":"https:\/\/www.enfasis.mx"},{"label":"Pol\u00edtica","link":"https:\/\/www.enfasis.mx\/?cat=4"},{"label":"La Ley Censura: \u00bfRegresa el control de los contenidos al Estado?","link":"https:\/\/www.enfasis.mx\/?p=140"}],"wpmagazine_modules_lite_featured_media_urls":{"thumbnail":["https:\/\/www.enfasis.mx\/wp-content\/uploads\/2026\/07\/Ley-Censura-150x150.png",150,150,true],"cvmm-medium":["https:\/\/www.enfasis.mx\/wp-content\/uploads\/2026\/07\/Ley-Censura-300x300.png",300,300,true],"cvmm-medium-plus":["https:\/\/www.enfasis.mx\/wp-content\/uploads\/2026\/07\/Ley-Censura-305x207.png",305,207,true],"cvmm-portrait":["https:\/\/www.enfasis.mx\/wp-content\/uploads\/2026\/07\/Ley-Censura-400x600.png",400,600,true],"cvmm-medium-square":["https:\/\/www.enfasis.mx\/wp-content\/uploads\/2026\/07\/Ley-Censura-600x600.png",600,600,true],"cvmm-large":["https:\/\/www.enfasis.mx\/wp-content\/uploads\/2026\/07\/Ley-Censura-1024x1024.png",1024,1024,true],"cvmm-small":["https:\/\/www.enfasis.mx\/wp-content\/uploads\/2026\/07\/Ley-Censura-130x95.png",130,95,true],"full":["https:\/\/www.enfasis.mx\/wp-content\/uploads\/2026\/07\/Ley-Censura.png",1448,1086,false]},"categories_names":{"4":{"name":"Pol\u00edtica","link":"https:\/\/www.enfasis.mx\/?cat=4"}},"tags_names":[],"comments_number":"0","jetpack_sharing_enabled":true,"jetpack_featured_media_url":"https:\/\/www.enfasis.mx\/wp-content\/uploads\/2026\/07\/Ley-Censura.png","_links":{"self":[{"href":"https:\/\/www.enfasis.mx\/index.php?rest_route=\/wp\/v2\/posts\/140","targetHints":{"allow":["GET"]}}],"collection":[{"href":"https:\/\/www.enfasis.mx\/index.php?rest_route=\/wp\/v2\/posts"}],"about":[{"href":"https:\/\/www.enfasis.mx\/index.php?rest_route=\/wp\/v2\/types\/post"}],"author":[{"embeddable":true,"href":"https:\/\/www.enfasis.mx\/index.php?rest_route=\/wp\/v2\/users\/9"}],"replies":[{"embeddable":true,"href":"https:\/\/www.enfasis.mx\/index.php?rest_route=%2Fwp%2Fv2%2Fcomments&post=140"}],"version-history":[{"count":1,"href":"https:\/\/www.enfasis.mx\/index.php?rest_route=\/wp\/v2\/posts\/140\/revisions"}],"predecessor-version":[{"id":142,"href":"https:\/\/www.enfasis.mx\/index.php?rest_route=\/wp\/v2\/posts\/140\/revisions\/142"}],"wp:featuredmedia":[{"embeddable":true,"href":"https:\/\/www.enfasis.mx\/index.php?rest_route=\/wp\/v2\/media\/141"}],"wp:attachment":[{"href":"https:\/\/www.enfasis.mx\/index.php?rest_route=%2Fwp%2Fv2%2Fmedia&parent=140"}],"wp:term":[{"taxonomy":"category","embeddable":true,"href":"https:\/\/www.enfasis.mx\/index.php?rest_route=%2Fwp%2Fv2%2Fcategories&post=140"},{"taxonomy":"post_tag","embeddable":true,"href":"https:\/\/www.enfasis.mx\/index.php?rest_route=%2Fwp%2Fv2%2Ftags&post=140"}],"curies":[{"name":"wp","href":"https:\/\/api.w.org\/{rel}","templated":true}]}}