{"id":148,"date":"2026-07-30T13:04:44","date_gmt":"2026-07-30T20:04:44","guid":{"rendered":"https:\/\/www.enfasis.mx\/?p=148"},"modified":"2026-07-30T13:59:41","modified_gmt":"2026-07-30T20:59:41","slug":"siete-anos-despues-el-costo-economico-de-gobernar-con-narrativa","status":"publish","type":"post","link":"https:\/\/www.enfasis.mx\/?p=148","title":{"rendered":"Siete a\u00f1os despu\u00e9s: el costo econ\u00f3mico de gobernar con narrativa"},"content":{"rendered":"\n<p class=\"wp-block-paragraph\">Por Guadalupe Parada Gasson<\/p>\n\n\n\n<p class=\"wp-block-paragraph\"><br>Por a\u00f1os, el discurso oficial ha insistido en que M\u00e9xico vive una transformaci\u00f3n hist\u00f3rica. Se habla de un cambio de r\u00e9gimen, de justicia social, de combate a los privilegios y de un nuevo modelo econ\u00f3mico. Sin embargo, cuando la propaganda se confronta con los indicadores econ\u00f3micos, institucionales y sociales, surge una pregunta inc\u00f3moda: \u00bfrealmente el pa\u00eds est\u00e1 mejor o simplemente aprendimos a normalizar el deterioro?<\/p>\n\n\n\n<p class=\"wp-block-paragraph\"><br>Gobernar no consiste en dominar la conversaci\u00f3n p\u00fablica. Gobernar consiste en generar riqueza, brindar seguridad, fortalecer las instituciones y mejorar las condiciones de vida de la poblaci\u00f3n, todo lo dem\u00e1s es comunicaci\u00f3n pol\u00edtica.<br>Siete a\u00f1os despu\u00e9s, el balance econ\u00f3mico obliga a una reflexi\u00f3n seria. El crecimiento promedio de la econom\u00eda mexicana ha sido insuficiente para un pa\u00eds que incorpora cada a\u00f1o cientos de miles de j\u00f3venes al mercado laboral.<\/p>\n\n\n\n<p class=\"wp-block-paragraph\"><br>Crecer alrededor de un punto porcentual anual significa permanecer pr\u00e1cticamente estancados frente a econom\u00edas emergentes que avanzan al doble o al triple de velocidad; mientras pa\u00edses como Vietnam, India o Indonesia aprovecharon el fen\u00f3meno de la relocalizaci\u00f3n industrial (nearshoring) para acelerar su desarrollo, M\u00e9xico desperdici\u00f3 buena parte de esa oportunidad por la incertidumbre jur\u00eddica, la insuficiencia energ\u00e9tica y la falta de infraestructura estrat\u00e9gica.<\/p>\n\n\n\n<p class=\"wp-block-paragraph\"> La inversi\u00f3n privada vive precisamente de la certeza, cuando las reglas cambian constantemente, cuando los \u00f3rganos aut\u00f3nomos son debilitados, cuando los proyectos de infraestructura responden m\u00e1s a decisiones pol\u00edticas que a an\u00e1lisis costo-beneficio y cuando el Estado confronta al sector productivo, el capital simplemente busca otro destino.<\/p>\n\n\n\n<p class=\"wp-block-paragraph\"><br>La consecuencia es evidente; menor inversi\u00f3n significa menor productividad, menor innovaci\u00f3n y menores salarios reales. A ello se suma un incremento hist\u00f3rico de la deuda p\u00fablica, el argumento oficial sostiene que la deuda es sostenible porque representa un porcentaje manejable del PIB. T\u00e9cnicamente puede ser cierto, sin embargo, el verdadero problema no es \u00fanicamente cu\u00e1nto se debe, sino qu\u00e9 recibi\u00f3 el pa\u00eds a cambio de ese endeudamiento.<\/p>\n\n\n\n<p class=\"wp-block-paragraph\"><br>Las grandes econom\u00edas se endeudan para construir infraestructura que multiplica productividad, educaci\u00f3n que aumenta capital humano o tecnolog\u00eda que genera crecimiento futuro, cuando la deuda financia gasto corriente o programas sin mecanismos rigurosos de evaluaci\u00f3n, el resultado es una pesada factura para las siguientes generaciones sin un incremento equivalente en la capacidad productiva del pa\u00eds.<\/p>\n\n\n\n<p class=\"wp-block-paragraph\"><br>La pol\u00edtica social merece un an\u00e1lisis a\u00fan m\u00e1s profundo. Es innegable que millones de familias reciben hoy apoyos econ\u00f3micos directos, tambi\u00e9n es cierto que diversos indicadores oficiales muestran una disminuci\u00f3n de la pobreza multidimensional.<br>Negarlo ser\u00eda desconocer la evidencia disponible, pero reducir pobreza no significa necesariamente construir desarrollo.<\/p>\n\n\n\n<p class=\"wp-block-paragraph\"><br>El verdadero desarrollo ocurre cuando una familia deja de depender del presupuesto p\u00fablico porque encontr\u00f3 un empleo formal, cuenta con servicios de salud, acceso a educaci\u00f3n de calidad y posibilidades reales de movilidad social; y ah\u00ed aparecen las contradicciones.<\/p>\n\n\n\n<p class=\"wp-block-paragraph\"><br>Persisten millones de mexicanos sin seguridad social, sin acceso efectivo a servicios de salud, con rezago educativo y viviendo en condiciones laborales marcadas por la informalidad, \u00e1s de la mitad de la poblaci\u00f3n ocupada contin\u00faa trabajando fuera de la formalidad, limitando la productividad nacional y debilitando la recaudaci\u00f3n fiscal necesaria para financiar mejores servicios p\u00fablicos.<\/p>\n\n\n\n<p class=\"wp-block-paragraph\"><br>La salud constituye probablemente uno de los casos m\u00e1s preocupantes, los reportes institucionales muestran disminuciones importantes en consultas preventivas, vacunaci\u00f3n infantil, atenci\u00f3n prenatal y programas de control nutricional, \u00e9stas cifras representan mucho m\u00e1s que estad\u00edsticas administrativas; significan enfermedades detectadas tarde, embarazos con menor seguimiento m\u00e9dico y generaciones infantiles con menores oportunidades de desarrollo.<br><\/p>\n\n\n\n<p class=\"wp-block-paragraph\">Las consecuencias econ\u00f3micas son enormes, una poblaci\u00f3n menos sana produce menos, genera mayores costos m\u00e9dicos futuros y reduce el potencial de crecimiento del pa\u00eds.<\/p>\n\n\n\n<p class=\"wp-block-paragraph\"><br>La seguridad tampoco puede analizarse \u00fanicamente desde la percepci\u00f3n pol\u00edtica, M\u00e9xico acumula cifras hist\u00f3ricas de homicidios, desapariciones y diversos delitos de alto impacto, m\u00e1s all\u00e1 del debate metodol\u00f3gico sobre las bases de datos, existe un consenso entre organismos nacionales e internacionales respecto a que la violencia contin\u00faa representando uno de los principales obst\u00e1culos para el desarrollo econ\u00f3mico.<\/p>\n\n\n\n<p class=\"wp-block-paragraph\"><br>La inseguridad act\u00faa como un impuesto invisible, las empresas destinan recursos crecientes a vigilancia privada; las familias modifican sus h\u00e1bitos de consumo; los inversionistas elevan sus primas de riesgo; los emprendedores cancelan proyectos y comunidades completas pierden competitividad; cada delito representa costos econ\u00f3micos directos e indirectos que rara vez aparecen en los discursos oficiales.<\/p>\n\n\n\n<p class=\"wp-block-paragraph\"><br>El deterioro institucional agrava a\u00fan m\u00e1s el escenario, diversos indicadores internacionales sobre Estado de Derecho, transparencia, corrupci\u00f3n, libertad de prensa y funcionamiento de la justicia muestran que M\u00e9xico enfrenta desaf\u00edos estructurales importantes. Sin instituciones s\u00f3lidas no existe mercado s\u00f3lido; sin tribunales confiables no existe inversi\u00f3n sostenible; sin divisi\u00f3n efectiva de poderes no existe certeza jur\u00eddica.<\/p>\n\n\n\n<p class=\"wp-block-paragraph\"><br>Los pa\u00edses exitosos no prosperan \u00fanicamente por tener recursos naturales. Prosperan porque generan confianza y la confianza institucional tarda d\u00e9cadas en construirse, pero apenas unos a\u00f1os en destruirse.<\/p>\n\n\n\n<p class=\"wp-block-paragraph\"><br>Quiz\u00e1 el dato m\u00e1s preocupante no sea ninguno de los anteriores, lo verdaderamente alarmante es la creciente normalizaci\u00f3n del fracaso. Nos acostumbramos a hospitales saturados, carreteras deterioradas, escuelas insuficientes, homicidios diarios, desapariciones constantes, corrupci\u00f3n estructural y servicios p\u00fablicos cada vez m\u00e1s limitados.<\/p>\n\n\n\n<p class=\"wp-block-paragraph\"><br>La ciudadan\u00eda dej\u00f3 de exigir resultados y comenz\u00f3 a conformarse con explicaciones, la pol\u00edtica dej\u00f3 de competir por ofrecer mejores gobiernos y empez\u00f3 a competir por construir mejores narrativas, sin embargo, la econom\u00eda es profundamente democr\u00e1tica, no vota, no milita, no tiene ideolog\u00eda, simplemente presenta la factura.<\/p>\n\n\n\n<p class=\"wp-block-paragraph\"><br>Cuando una familia paga m\u00e1s por los alimentos, cuando un empresario decide cancelar una inversi\u00f3n, cuando un joven abandona la escuela para incorporarse a la informalidad o cuando un profesionista emigra buscando mejores oportunidades, la econom\u00eda est\u00e1 emitiendo un veredicto mucho m\u00e1s contundente que cualquier encuesta.<br><\/p>\n\n\n\n<p class=\"wp-block-paragraph\">M\u00e9xico merece mucho m\u00e1s que un debate entre simpatizantes y opositores, merece gobiernos que rindan cuentas con resultados medibles, porque las cifras pueden discutirse, las metodolog\u00edas pueden compararse, los indicadores pueden interpretarse,  Pero el bienestar cotidiano de millones de mexicanos no admite propaganda.<\/p>\n\n\n\n<p class=\"wp-block-paragraph\"><br>Al final, ning\u00fan discurso llena el refrigerador, ning\u00fan eslogan sustituye una consulta m\u00e9dica y ninguna narrativa puede reemplazar el crecimiento econ\u00f3mico, la seguridad y el Estado de Derecho. La historia juzga a los gobiernos por los resultados que dejan, no por los aplausos que reciben y los resultados, tarde o temprano, siempre terminan imponi\u00e9ndose sobre el discurso.<\/p>\n","protected":false},"excerpt":{"rendered":"<p>Por Guadalupe Parada Gasson Por a\u00f1os, el discurso oficial ha insistido en que M\u00e9xico vive una transformaci\u00f3n hist\u00f3rica. Se habla de un cambio de r\u00e9gimen, de justicia social, de combate a los privilegios y de un nuevo modelo econ\u00f3mico. Sin embargo, cuando la propaganda se confronta con los indicadores econ\u00f3micos, institucionales y sociales, surge una [&hellip;]<\/p>\n","protected":false},"author":2,"featured_media":149,"comment_status":"closed","ping_status":"closed","sticky":false,"template":"","format":"standard","meta":{"_jetpack_newsletter_access":"","_jetpack_dont_email_post_to_subs":false,"_jetpack_newsletter_tier_id":0,"_jetpack_memberships_contains_paywalled_content":false,"_jetpack_feature_clip_id":0,"_jetpack_memberships_contains_paid_content":false,"footnotes":"","jetpack_post_was_ever_published":false},"categories":[4],"tags":[],"class_list":["post-148","post","type-post","status-publish","format-standard","has-post-thumbnail","hentry","category-analisis-politico"],"aioseo_notices":[],"aioseo_head":"\n\t\t<!-- All in One SEO 4.9.10 - aioseo.com -->\n\t<meta name=\"description\" content=\"Por Guadalupe Parada Gasson Por a\u00f1os, el discurso oficial ha insistido en que M\u00e9xico vive una transformaci\u00f3n hist\u00f3rica. Se habla de un cambio de r\u00e9gimen, de justicia social, de combate a los privilegios y de un nuevo modelo econ\u00f3mico. Sin embargo, cuando la propaganda se confronta con los indicadores econ\u00f3micos, institucionales y sociales, surge una\" \/>\n\t<meta name=\"robots\" content=\"max-image-preview:large\" \/>\n\t<meta name=\"author\" content=\"Guadalupe Parada\"\/>\n\t<meta name=\"google-site-verification\" content=\"jlwkLGgnMBpX8ktutl9e1D8Kvl7Rh7xmXQIHtOLk65U\" \/>\n\t<link rel=\"canonical\" href=\"https:\/\/www.enfasis.mx\/?p=148\" \/>\n\t<meta name=\"generator\" content=\"All in One SEO (AIOSEO) 4.9.10\" \/>\n\t\t<meta property=\"og:locale\" content=\"en_US\" \/>\n\t\t<meta property=\"og:site_name\" content=\"\u00c9nfasis - El acento en la econom\u00eda y la pol\u00edtica\" \/>\n\t\t<meta property=\"og:type\" content=\"article\" \/>\n\t\t<meta property=\"og:title\" content=\"Siete a\u00f1os despu\u00e9s: el costo econ\u00f3mico de gobernar con narrativa - \u00c9nfasis\" \/>\n\t\t<meta property=\"og:description\" content=\"Por Guadalupe Parada Gasson Por a\u00f1os, el discurso oficial ha insistido en que M\u00e9xico vive una transformaci\u00f3n hist\u00f3rica. Se habla de un cambio de r\u00e9gimen, de justicia social, de combate a los privilegios y de un nuevo modelo econ\u00f3mico. Sin embargo, cuando la propaganda se confronta con los indicadores econ\u00f3micos, institucionales y sociales, surge una\" \/>\n\t\t<meta property=\"og:url\" content=\"https:\/\/www.enfasis.mx\/?p=148\" \/>\n\t\t<meta property=\"og:image\" content=\"https:\/\/www.enfasis.mx\/wp-content\/uploads\/2026\/07\/Siete-anos.png\" \/>\n\t\t<meta property=\"og:image:secure_url\" content=\"https:\/\/www.enfasis.mx\/wp-content\/uploads\/2026\/07\/Siete-anos.png\" \/>\n\t\t<meta property=\"og:image:width\" content=\"1536\" \/>\n\t\t<meta property=\"og:image:height\" content=\"1024\" \/>\n\t\t<meta property=\"article:published_time\" content=\"2026-07-30T20:04:44+00:00\" \/>\n\t\t<meta property=\"article:modified_time\" content=\"2026-07-30T20:59:41+00:00\" \/>\n\t\t<meta name=\"twitter:card\" content=\"summary_large_image\" \/>\n\t\t<meta name=\"twitter:title\" content=\"Siete a\u00f1os despu\u00e9s: el costo econ\u00f3mico de gobernar con narrativa - \u00c9nfasis\" \/>\n\t\t<meta name=\"twitter:description\" content=\"Por Guadalupe Parada Gasson Por a\u00f1os, el discurso oficial ha insistido en que M\u00e9xico vive una transformaci\u00f3n hist\u00f3rica. Se habla de un cambio de r\u00e9gimen, de justicia social, de combate a los privilegios y de un nuevo modelo econ\u00f3mico. Sin embargo, cuando la propaganda se confronta con los indicadores econ\u00f3micos, institucionales y sociales, surge una\" \/>\n\t\t<meta name=\"twitter:image\" content=\"http:\/\/www.enfasis.mx\/wp-content\/uploads\/2026\/07\/Enfasis-Logo-1.png\" \/>\n\t\t<script type=\"application\/ld+json\" class=\"aioseo-schema\">\n\t\t\t{\"@context\":\"https:\\\/\\\/schema.org\",\"@graph\":[{\"@type\":\"BlogPosting\",\"@id\":\"https:\\\/\\\/www.enfasis.mx\\\/?p=148#blogposting\",\"name\":\"Siete a\\u00f1os despu\\u00e9s: el costo econ\\u00f3mico de gobernar con narrativa - \\u00c9nfasis\",\"headline\":\"Siete a\\u00f1os despu\\u00e9s: el costo econ\\u00f3mico de gobernar con narrativa\",\"author\":{\"@id\":\"https:\\\/\\\/www.enfasis.mx\\\/?author=2#author\"},\"publisher\":{\"@id\":\"https:\\\/\\\/www.enfasis.mx\\\/#organization\"},\"image\":{\"@type\":\"ImageObject\",\"url\":\"https:\\\/\\\/www.enfasis.mx\\\/wp-content\\\/uploads\\\/2026\\\/07\\\/Siete-anos.png\",\"width\":1536,\"height\":1024},\"datePublished\":\"2026-07-30T13:04:44-07:00\",\"dateModified\":\"2026-07-30T13:59:41-07:00\",\"inLanguage\":\"en-US\",\"mainEntityOfPage\":{\"@id\":\"https:\\\/\\\/www.enfasis.mx\\\/?p=148#webpage\"},\"isPartOf\":{\"@id\":\"https:\\\/\\\/www.enfasis.mx\\\/?p=148#webpage\"},\"articleSection\":\"Pol\\u00edtica\"},{\"@type\":\"BreadcrumbList\",\"@id\":\"https:\\\/\\\/www.enfasis.mx\\\/?p=148#breadcrumblist\",\"itemListElement\":[{\"@type\":\"ListItem\",\"@id\":\"https:\\\/\\\/www.enfasis.mx#listItem\",\"position\":1,\"name\":\"Home\",\"item\":\"https:\\\/\\\/www.enfasis.mx\",\"nextItem\":{\"@type\":\"ListItem\",\"@id\":\"https:\\\/\\\/www.enfasis.mx\\\/?cat=4#listItem\",\"name\":\"Pol\\u00edtica\"}},{\"@type\":\"ListItem\",\"@id\":\"https:\\\/\\\/www.enfasis.mx\\\/?cat=4#listItem\",\"position\":2,\"name\":\"Pol\\u00edtica\",\"item\":\"https:\\\/\\\/www.enfasis.mx\\\/?cat=4\",\"nextItem\":{\"@type\":\"ListItem\",\"@id\":\"https:\\\/\\\/www.enfasis.mx\\\/?p=148#listItem\",\"name\":\"Siete a\\u00f1os despu\\u00e9s: el costo econ\\u00f3mico de gobernar con narrativa\"},\"previousItem\":{\"@type\":\"ListItem\",\"@id\":\"https:\\\/\\\/www.enfasis.mx#listItem\",\"name\":\"Home\"}},{\"@type\":\"ListItem\",\"@id\":\"https:\\\/\\\/www.enfasis.mx\\\/?p=148#listItem\",\"position\":3,\"name\":\"Siete a\\u00f1os despu\\u00e9s: el costo econ\\u00f3mico de gobernar con narrativa\",\"previousItem\":{\"@type\":\"ListItem\",\"@id\":\"https:\\\/\\\/www.enfasis.mx\\\/?cat=4#listItem\",\"name\":\"Pol\\u00edtica\"}}]},{\"@type\":\"Organization\",\"@id\":\"https:\\\/\\\/www.enfasis.mx\\\/#organization\",\"name\":\"\\u00c9nfasis Ser Empresario\",\"description\":\"El acento en la econom\\u00eda y la pol\\u00edtica Grupo Editorial Fundado en 1998, su marca insignia es REVISTA SER EMPRESARIO la revista empresarial mas importante del Estado\",\"url\":\"https:\\\/\\\/www.enfasis.mx\\\/\",\"logo\":{\"@type\":\"ImageObject\",\"url\":\"http:\\\/\\\/www.enfasis.mx\\\/wp-content\\\/uploads\\\/2026\\\/07\\\/Enfasis-Logo-1.png\",\"@id\":\"https:\\\/\\\/www.enfasis.mx\\\/?p=148\\\/#organizationLogo\"},\"image\":{\"@id\":\"https:\\\/\\\/www.enfasis.mx\\\/?p=148\\\/#organizationLogo\"}},{\"@type\":\"Person\",\"@id\":\"https:\\\/\\\/www.enfasis.mx\\\/?author=2#author\",\"url\":\"https:\\\/\\\/www.enfasis.mx\\\/?author=2\",\"name\":\"Guadalupe Parada\"},{\"@type\":\"WebPage\",\"@id\":\"https:\\\/\\\/www.enfasis.mx\\\/?p=148#webpage\",\"url\":\"https:\\\/\\\/www.enfasis.mx\\\/?p=148\",\"name\":\"Siete a\\u00f1os despu\\u00e9s: el costo econ\\u00f3mico de gobernar con narrativa - \\u00c9nfasis\",\"description\":\"Por Guadalupe Parada Gasson Por a\\u00f1os, el discurso oficial ha insistido en que M\\u00e9xico vive una transformaci\\u00f3n hist\\u00f3rica. Se habla de un cambio de r\\u00e9gimen, de justicia social, de combate a los privilegios y de un nuevo modelo econ\\u00f3mico. Sin embargo, cuando la propaganda se confronta con los indicadores econ\\u00f3micos, institucionales y sociales, surge una\",\"inLanguage\":\"en-US\",\"isPartOf\":{\"@id\":\"https:\\\/\\\/www.enfasis.mx\\\/#website\"},\"breadcrumb\":{\"@id\":\"https:\\\/\\\/www.enfasis.mx\\\/?p=148#breadcrumblist\"},\"author\":{\"@id\":\"https:\\\/\\\/www.enfasis.mx\\\/?author=2#author\"},\"creator\":{\"@id\":\"https:\\\/\\\/www.enfasis.mx\\\/?author=2#author\"},\"image\":{\"@type\":\"ImageObject\",\"url\":\"https:\\\/\\\/www.enfasis.mx\\\/wp-content\\\/uploads\\\/2026\\\/07\\\/Siete-anos.png\",\"@id\":\"https:\\\/\\\/www.enfasis.mx\\\/?p=148\\\/#mainImage\",\"width\":1536,\"height\":1024},\"primaryImageOfPage\":{\"@id\":\"https:\\\/\\\/www.enfasis.mx\\\/?p=148#mainImage\"},\"datePublished\":\"2026-07-30T13:04:44-07:00\",\"dateModified\":\"2026-07-30T13:59:41-07:00\"},{\"@type\":\"WebSite\",\"@id\":\"https:\\\/\\\/www.enfasis.mx\\\/#website\",\"url\":\"https:\\\/\\\/www.enfasis.mx\\\/\",\"name\":\"\\u00c9nfasis\",\"description\":\"El acento en la econom\\u00eda y la pol\\u00edtica\",\"inLanguage\":\"en-US\",\"publisher\":{\"@id\":\"https:\\\/\\\/www.enfasis.mx\\\/#organization\"}}]}\n\t\t<\/script>\n\t\t<!-- All in One SEO -->\n\n","aioseo_head_json":{"title":"Siete a\u00f1os despu\u00e9s: el costo econ\u00f3mico de gobernar con narrativa - \u00c9nfasis","description":"Por Guadalupe Parada Gasson Por a\u00f1os, el discurso oficial ha insistido en que M\u00e9xico vive una transformaci\u00f3n hist\u00f3rica. Se habla de un cambio de r\u00e9gimen, de justicia social, de combate a los privilegios y de un nuevo modelo econ\u00f3mico. Sin embargo, cuando la propaganda se confronta con los indicadores econ\u00f3micos, institucionales y sociales, surge una","canonical_url":"https:\/\/www.enfasis.mx\/?p=148","robots":"max-image-preview:large","keywords":"","webmasterTools":{"google-site-verification":"jlwkLGgnMBpX8ktutl9e1D8Kvl7Rh7xmXQIHtOLk65U","miscellaneous":""},"schema":{"@context":"https:\/\/schema.org","@graph":[{"@type":"BlogPosting","@id":"https:\/\/www.enfasis.mx\/?p=148#blogposting","name":"Siete a\u00f1os despu\u00e9s: el costo econ\u00f3mico de gobernar con narrativa - \u00c9nfasis","headline":"Siete a\u00f1os despu\u00e9s: el costo econ\u00f3mico de gobernar con narrativa","author":{"@id":"https:\/\/www.enfasis.mx\/?author=2#author"},"publisher":{"@id":"https:\/\/www.enfasis.mx\/#organization"},"image":{"@type":"ImageObject","url":"https:\/\/www.enfasis.mx\/wp-content\/uploads\/2026\/07\/Siete-anos.png","width":1536,"height":1024},"datePublished":"2026-07-30T13:04:44-07:00","dateModified":"2026-07-30T13:59:41-07:00","inLanguage":"en-US","mainEntityOfPage":{"@id":"https:\/\/www.enfasis.mx\/?p=148#webpage"},"isPartOf":{"@id":"https:\/\/www.enfasis.mx\/?p=148#webpage"},"articleSection":"Pol\u00edtica"},{"@type":"BreadcrumbList","@id":"https:\/\/www.enfasis.mx\/?p=148#breadcrumblist","itemListElement":[{"@type":"ListItem","@id":"https:\/\/www.enfasis.mx#listItem","position":1,"name":"Home","item":"https:\/\/www.enfasis.mx","nextItem":{"@type":"ListItem","@id":"https:\/\/www.enfasis.mx\/?cat=4#listItem","name":"Pol\u00edtica"}},{"@type":"ListItem","@id":"https:\/\/www.enfasis.mx\/?cat=4#listItem","position":2,"name":"Pol\u00edtica","item":"https:\/\/www.enfasis.mx\/?cat=4","nextItem":{"@type":"ListItem","@id":"https:\/\/www.enfasis.mx\/?p=148#listItem","name":"Siete a\u00f1os despu\u00e9s: el costo econ\u00f3mico de gobernar con narrativa"},"previousItem":{"@type":"ListItem","@id":"https:\/\/www.enfasis.mx#listItem","name":"Home"}},{"@type":"ListItem","@id":"https:\/\/www.enfasis.mx\/?p=148#listItem","position":3,"name":"Siete a\u00f1os despu\u00e9s: el costo econ\u00f3mico de gobernar con narrativa","previousItem":{"@type":"ListItem","@id":"https:\/\/www.enfasis.mx\/?cat=4#listItem","name":"Pol\u00edtica"}}]},{"@type":"Organization","@id":"https:\/\/www.enfasis.mx\/#organization","name":"\u00c9nfasis Ser Empresario","description":"El acento en la econom\u00eda y la pol\u00edtica Grupo Editorial Fundado en 1998, su marca insignia es REVISTA SER EMPRESARIO la revista empresarial mas importante del Estado","url":"https:\/\/www.enfasis.mx\/","logo":{"@type":"ImageObject","url":"http:\/\/www.enfasis.mx\/wp-content\/uploads\/2026\/07\/Enfasis-Logo-1.png","@id":"https:\/\/www.enfasis.mx\/?p=148\/#organizationLogo"},"image":{"@id":"https:\/\/www.enfasis.mx\/?p=148\/#organizationLogo"}},{"@type":"Person","@id":"https:\/\/www.enfasis.mx\/?author=2#author","url":"https:\/\/www.enfasis.mx\/?author=2","name":"Guadalupe Parada"},{"@type":"WebPage","@id":"https:\/\/www.enfasis.mx\/?p=148#webpage","url":"https:\/\/www.enfasis.mx\/?p=148","name":"Siete a\u00f1os despu\u00e9s: el costo econ\u00f3mico de gobernar con narrativa - \u00c9nfasis","description":"Por Guadalupe Parada Gasson Por a\u00f1os, el discurso oficial ha insistido en que M\u00e9xico vive una transformaci\u00f3n hist\u00f3rica. Se habla de un cambio de r\u00e9gimen, de justicia social, de combate a los privilegios y de un nuevo modelo econ\u00f3mico. Sin embargo, cuando la propaganda se confronta con los indicadores econ\u00f3micos, institucionales y sociales, surge una","inLanguage":"en-US","isPartOf":{"@id":"https:\/\/www.enfasis.mx\/#website"},"breadcrumb":{"@id":"https:\/\/www.enfasis.mx\/?p=148#breadcrumblist"},"author":{"@id":"https:\/\/www.enfasis.mx\/?author=2#author"},"creator":{"@id":"https:\/\/www.enfasis.mx\/?author=2#author"},"image":{"@type":"ImageObject","url":"https:\/\/www.enfasis.mx\/wp-content\/uploads\/2026\/07\/Siete-anos.png","@id":"https:\/\/www.enfasis.mx\/?p=148\/#mainImage","width":1536,"height":1024},"primaryImageOfPage":{"@id":"https:\/\/www.enfasis.mx\/?p=148#mainImage"},"datePublished":"2026-07-30T13:04:44-07:00","dateModified":"2026-07-30T13:59:41-07:00"},{"@type":"WebSite","@id":"https:\/\/www.enfasis.mx\/#website","url":"https:\/\/www.enfasis.mx\/","name":"\u00c9nfasis","description":"El acento en la econom\u00eda y la pol\u00edtica","inLanguage":"en-US","publisher":{"@id":"https:\/\/www.enfasis.mx\/#organization"}}]},"og:locale":"en_US","og:site_name":"\u00c9nfasis - El acento en la econom\u00eda y la pol\u00edtica","og:type":"article","og:title":"Siete a\u00f1os despu\u00e9s: el costo econ\u00f3mico de gobernar con narrativa - \u00c9nfasis","og:description":"Por Guadalupe Parada Gasson Por a\u00f1os, el discurso oficial ha insistido en que M\u00e9xico vive una transformaci\u00f3n hist\u00f3rica. Se habla de un cambio de r\u00e9gimen, de justicia social, de combate a los privilegios y de un nuevo modelo econ\u00f3mico. Sin embargo, cuando la propaganda se confronta con los indicadores econ\u00f3micos, institucionales y sociales, surge una","og:url":"https:\/\/www.enfasis.mx\/?p=148","og:image":"https:\/\/www.enfasis.mx\/wp-content\/uploads\/2026\/07\/Siete-anos.png","og:image:secure_url":"https:\/\/www.enfasis.mx\/wp-content\/uploads\/2026\/07\/Siete-anos.png","og:image:width":"1536","og:image:height":"1024","article:published_time":"2026-07-30T20:04:44+00:00","article:modified_time":"2026-07-30T20:59:41+00:00","twitter:card":"summary_large_image","twitter:title":"Siete a\u00f1os despu\u00e9s: el costo econ\u00f3mico de gobernar con narrativa - \u00c9nfasis","twitter:description":"Por Guadalupe Parada Gasson Por a\u00f1os, el discurso oficial ha insistido en que M\u00e9xico vive una transformaci\u00f3n hist\u00f3rica. Se habla de un cambio de r\u00e9gimen, de justicia social, de combate a los privilegios y de un nuevo modelo econ\u00f3mico. Sin embargo, cuando la propaganda se confronta con los indicadores econ\u00f3micos, institucionales y sociales, surge una","twitter:image":"http:\/\/www.enfasis.mx\/wp-content\/uploads\/2026\/07\/Enfasis-Logo-1.png"},"aioseo_meta_data":{"post_id":"148","title":null,"description":null,"keywords":null,"keyphrases":{"focus":{"keyphrase":"","score":0,"analysis":{"keyphraseInTitle":{"score":0,"maxScore":9,"error":1}}},"additional":[]},"primary_term":null,"canonical_url":null,"og_title":null,"og_description":null,"og_object_type":"default","og_image_type":"featured","og_image_custom_url":null,"og_image_custom_fields":null,"og_image_url":"http:\/\/www.enfasis.mx\/wp-content\/uploads\/2026\/07\/Siete-anos.png","og_image_width":"1536","og_image_height":"1024","og_video":"","og_custom_url":null,"og_article_section":null,"og_article_tags":null,"twitter_use_og":false,"twitter_card":"default","twitter_image_type":"default","twitter_image_custom_url":null,"twitter_image_custom_fields":null,"twitter_image_url":null,"twitter_title":null,"twitter_description":null,"schema_type":"default","schema_type_options":null,"schema":{"blockGraphs":[],"customGraphs":[],"default":{"data":{"Article":[],"Course":[],"Dataset":[],"FAQPage":[],"Movie":[],"Person":[],"Product":[],"ProductReview":[],"Car":[],"Recipe":[],"Service":[],"SoftwareApplication":[],"WebPage":[]},"graphName":"BlogPosting","isEnabled":true},"graphs":[]},"pillar_content":false,"robots_default":true,"robots_noindex":false,"robots_noarchive":false,"robots_nosnippet":false,"robots_nofollow":false,"robots_noimageindex":false,"robots_noodp":false,"robots_notranslate":false,"robots_max_snippet":"-1","robots_max_videopreview":"-1","robots_max_imagepreview":"large","priority":null,"frequency":"default","local_seo":null,"limit_modified_date":false,"ai":{"faqs":[],"keyPoints":[],"schemas":[],"titles":[],"descriptions":[],"socialPosts":{"email":{"subject":"","preview":"","content":""},"linkedin":[],"twitter":[],"facebook":[],"instagram":[]}},"breadcrumb_settings":null,"seo_analyzer_scan_date":null,"created":"2026-07-30 20:04:45","updated":"2026-07-30 21:47:58"},"aioseo_breadcrumb":"<div class=\"aioseo-breadcrumbs\"><span class=\"aioseo-breadcrumb\">\n\t\t\t<a href=\"https:\/\/www.enfasis.mx\" title=\"Home\">Home<\/a>\n\t\t<\/span><span class=\"aioseo-breadcrumb-separator\">&raquo;<\/span><span class=\"aioseo-breadcrumb\">\n\t\t\t<a href=\"https:\/\/www.enfasis.mx\/?cat=4\" title=\"Pol\u00edtica\">Pol\u00edtica<\/a>\n\t\t<\/span><span class=\"aioseo-breadcrumb-separator\">&raquo;<\/span><span class=\"aioseo-breadcrumb\">\n\t\t\tSiete a\u00f1os despu\u00e9s: el costo econ\u00f3mico de gobernar con narrativa\n\t\t<\/span><\/div>","aioseo_breadcrumb_json":[{"label":"Home","link":"https:\/\/www.enfasis.mx"},{"label":"Pol\u00edtica","link":"https:\/\/www.enfasis.mx\/?cat=4"},{"label":"Siete a\u00f1os despu\u00e9s: el costo econ\u00f3mico de gobernar con narrativa","link":"https:\/\/www.enfasis.mx\/?p=148"}],"wpmagazine_modules_lite_featured_media_urls":{"thumbnail":["https:\/\/www.enfasis.mx\/wp-content\/uploads\/2026\/07\/Siete-anos-150x150.png",150,150,true],"cvmm-medium":["https:\/\/www.enfasis.mx\/wp-content\/uploads\/2026\/07\/Siete-anos-300x300.png",300,300,true],"cvmm-medium-plus":["https:\/\/www.enfasis.mx\/wp-content\/uploads\/2026\/07\/Siete-anos-305x207.png",305,207,true],"cvmm-portrait":["https:\/\/www.enfasis.mx\/wp-content\/uploads\/2026\/07\/Siete-anos-400x600.png",400,600,true],"cvmm-medium-square":["https:\/\/www.enfasis.mx\/wp-content\/uploads\/2026\/07\/Siete-anos-600x600.png",600,600,true],"cvmm-large":["https:\/\/www.enfasis.mx\/wp-content\/uploads\/2026\/07\/Siete-anos-1024x1024.png",1024,1024,true],"cvmm-small":["https:\/\/www.enfasis.mx\/wp-content\/uploads\/2026\/07\/Siete-anos-130x95.png",130,95,true],"full":["https:\/\/www.enfasis.mx\/wp-content\/uploads\/2026\/07\/Siete-anos.png",1536,1024,false]},"categories_names":{"4":{"name":"Pol\u00edtica","link":"https:\/\/www.enfasis.mx\/?cat=4"}},"tags_names":[],"comments_number":"0","jetpack_sharing_enabled":true,"jetpack_featured_media_url":"https:\/\/www.enfasis.mx\/wp-content\/uploads\/2026\/07\/Siete-anos.png","_links":{"self":[{"href":"https:\/\/www.enfasis.mx\/index.php?rest_route=\/wp\/v2\/posts\/148","targetHints":{"allow":["GET"]}}],"collection":[{"href":"https:\/\/www.enfasis.mx\/index.php?rest_route=\/wp\/v2\/posts"}],"about":[{"href":"https:\/\/www.enfasis.mx\/index.php?rest_route=\/wp\/v2\/types\/post"}],"author":[{"embeddable":true,"href":"https:\/\/www.enfasis.mx\/index.php?rest_route=\/wp\/v2\/users\/2"}],"replies":[{"embeddable":true,"href":"https:\/\/www.enfasis.mx\/index.php?rest_route=%2Fwp%2Fv2%2Fcomments&post=148"}],"version-history":[{"count":2,"href":"https:\/\/www.enfasis.mx\/index.php?rest_route=\/wp\/v2\/posts\/148\/revisions"}],"predecessor-version":[{"id":156,"href":"https:\/\/www.enfasis.mx\/index.php?rest_route=\/wp\/v2\/posts\/148\/revisions\/156"}],"wp:featuredmedia":[{"embeddable":true,"href":"https:\/\/www.enfasis.mx\/index.php?rest_route=\/wp\/v2\/media\/149"}],"wp:attachment":[{"href":"https:\/\/www.enfasis.mx\/index.php?rest_route=%2Fwp%2Fv2%2Fmedia&parent=148"}],"wp:term":[{"taxonomy":"category","embeddable":true,"href":"https:\/\/www.enfasis.mx\/index.php?rest_route=%2Fwp%2Fv2%2Fcategories&post=148"},{"taxonomy":"post_tag","embeddable":true,"href":"https:\/\/www.enfasis.mx\/index.php?rest_route=%2Fwp%2Fv2%2Ftags&post=148"}],"curies":[{"name":"wp","href":"https:\/\/api.w.org\/{rel}","templated":true}]}}