{"id":152,"date":"2026-07-30T13:26:29","date_gmt":"2026-07-30T20:26:29","guid":{"rendered":"https:\/\/www.enfasis.mx\/?p=152"},"modified":"2026-07-30T14:17:33","modified_gmt":"2026-07-30T21:17:33","slug":"la-gran-tragedia-de-juarez","status":"publish","type":"post","link":"https:\/\/www.enfasis.mx\/?p=152","title":{"rendered":"La gran tragedia de Ju\u00e1rez"},"content":{"rendered":"\n<p class=\"wp-block-paragraph\">Por Carlos Murillo<\/p>\n\n\n\n<p class=\"wp-block-paragraph\">Siempre lo he sostenido: la gran tragedia de Ciudad Ju\u00e1rez consiste en que produce riqueza, pero recibe pobreza. Tiene los votos para una elecci\u00f3n, pero recibe marginaci\u00f3n. No se trata de una fatalidad hist\u00f3rica ni del simple p\u00e9ndulo de la pol\u00edtica que unas veces favorece a un partido y otras a su adversario. El problema es mucho m\u00e1s profundo. Nuestra verdadera tragedia radica en que demasiados pol\u00edticos nunca quieren ser aquello para lo que fueron electos.<\/p>\n\n\n\n<p class=\"wp-block-paragraph\">Vale la pena detenerse en esta idea. Por ejemplo, el regidor piensa en convertirse en diputado; el diputado aspira al Senado; el senador sue\u00f1a con la gubernatura o con la presidencia municipal; el alcalde busca la gubernatura, y el gobernador mira hacia el Senado o hacia un nuevo cargo nacional. Nadie parece dispuesto a ejercer plenamente la responsabilidad que hoy ocupa. Todos gobiernan con la mirada puesta en el siguiente escal\u00f3n.<\/p>\n\n\n\n<p class=\"wp-block-paragraph\">Ese comportamiento no es casual. Es consecuencia de un sistema pol\u00edtico donde los partidos concentran el poder de decisi\u00f3n y las candidaturas dependen, en gran medida, de las dirigencias, de los grupos internos o del liderazgo dominante del momento. La ciudadan\u00eda vota, s\u00ed, pero antes alguien decide qui\u00e9n aparecer\u00e1 en la boleta.<\/p>\n\n\n\n<p class=\"wp-block-paragraph\">El proceso electoral de 2027 ser\u00e1 un claro ejemplo de esa din\u00e1mica. Chihuahua renovar\u00e1 la gubernatura, las presidencias municipales y el Congreso local, mientras que, en el \u00e1mbito federal, ser\u00e1n las primeras elecciones intermedias de la presidenta Claudia Sheinbaum Pardo, una jornada que inevitablemente ser\u00e1 interpretada como un refer\u00e9ndum sobre los primeros tres a\u00f1os de su administraci\u00f3n.<\/p>\n\n\n\n<p class=\"wp-block-paragraph\">Sin embargo, mucho antes de que inicien formalmente las campa\u00f1as, numerosos servidores p\u00fablicos habr\u00e1n dejado de concentrarse en las responsabilidades para las que fueron elegidos. El \u00faltimo a\u00f1o de gesti\u00f3n suele convertirse en un periodo de promoci\u00f3n personal, negociaci\u00f3n pol\u00edtica y construcci\u00f3n de candidaturas. Los proyectos de gobierno se ralentizan, las decisiones se posponen y la prioridad deja de ser la ciudadan\u00eda para convertirse en la supervivencia dentro del sistema pol\u00edtico. La vieja frase atribuida a C\u00e9sar Garizurieta &#8220;vivir fuera del presupuesto es vivir en el error&#8221; sigue describiendo, con inc\u00f3moda vigencia, la l\u00f3gica de muchos actores p\u00fablicos.<\/p>\n\n\n\n<p class=\"wp-block-paragraph\">Conviene aclararlo: no hay nada reprochable en dedicarse profesionalmente a la pol\u00edtica. Toda democracia necesita mujeres y hombres capaces de construir acuerdos, generar consensos y conducir instituciones. El problema surge cuando la pol\u00edtica deja de entenderse como un servicio p\u00fablico y se convierte \u00fanicamente en una carrera personal.<\/p>\n\n\n\n<p class=\"wp-block-paragraph\">En t\u00e9rminos generales, podr\u00edan identificarse tres perfiles de pol\u00edticos. El primero est\u00e1 integrado por pol\u00edticos con aut\u00e9ntica vocaci\u00f3n de servicio, capacidad t\u00e9cnica y elevados est\u00e1ndares \u00e9ticos; lamentablemente, son los menos. El segundo lo conforman quienes ejercen el poder desde la ignorancia, la demagogia o la improvisaci\u00f3n, privilegiando el c\u00e1lculo electoral sobre las soluciones p\u00fablicas. Finalmente, existe un tercer grupo: los pol\u00edticos invisibles, aquellos que desaparecen durante casi todo el periodo constitucional y reaparecen \u00fanicamente cuando las elecciones se aproximan. Quiz\u00e1 este \u00faltimo sea el grupo m\u00e1s numeroso.<\/p>\n\n\n\n<p class=\"wp-block-paragraph\">A menos de un a\u00f1o del proceso electoral, los indicios ya son evidentes. Aparecen bardas pintadas, espectaculares, calcoman\u00edas en veh\u00edculos, campa\u00f1as digitales y toda clase de estrategias para posicionar nombres. Lo verdaderamente llamativo es que pr\u00e1cticamente ninguno de esos aspirantes proviene de la iniciativa privada, de la academia, de organizaciones civiles o del liderazgo comunitario. La mayor\u00eda ya forma parte del aparato gubernamental y simplemente busca permanecer dentro de \u00e9l.<\/p>\n\n\n\n<p class=\"wp-block-paragraph\">En realidad, pocos conciben la posibilidad de regresar a la actividad que desempe\u00f1aban antes de ocupar un cargo p\u00fablico. Lo que buscan es mantenerse en la n\u00f3mina del Estado, aunque sea desde otra posici\u00f3n. Cambia el cargo, pero no el objetivo.<\/p>\n\n\n\n<p class=\"wp-block-paragraph\">\u00bfQui\u00e9n decide si contin\u00faan? Formalmente, los ciudadanos emiten el voto. En la pr\u00e1ctica, las candidaturas suelen definirse mucho antes, mediante negociaciones entre las \u00e9lites partidistas. Ah\u00ed se confeccionan las listas, se distribuyen los espacios y se reparte el poder. Por eso los mismos apellidos, los mismos grupos y los mismos rostros aparecen una y otra vez en las boletas. El acceso al sistema pol\u00edtico mexicano contin\u00faa dependiendo, en buena medida, de v\u00ednculos familiares, lealtades internas o acuerdos entre grupos de poder. No es un secreto; es una realidad ampliamente conocida.<\/p>\n\n\n\n<p class=\"wp-block-paragraph\">Estos son rasgos caracter\u00edsticos de democracias con instituciones todav\u00eda fr\u00e1giles, donde las barreras de entrada para un ciudadano com\u00fan resultan extraordinariamente altas. Quienes logran superarlas rara vez permanecen concentrados en la responsabilidad que recibieron. Desde el primer d\u00eda comienzan a construir la siguiente candidatura, conscientes de que el ascenso depende mucho m\u00e1s de la voluntad de unas cuantas personas que del respaldo ciudadano.<\/p>\n\n\n\n<p class=\"wp-block-paragraph\">En los pr\u00f3ximos meses comenzar\u00e1n los procesos internos de los partidos pol\u00edticos. Veremos recorridos, reuniones, entrevistas y una intensa promoci\u00f3n de quienes buscan una candidatura. Tal vez, antes de escuchar sus promesas, convendr\u00eda formular una pregunta elemental: \u00bfrealmente desean desempe\u00f1ar el cargo que solicitan o simplemente necesitan ocuparlo para seguir avanzando en su carrera pol\u00edtica?<\/p>\n\n\n\n<p class=\"wp-block-paragraph\">La respuesta importa porque Ciudad Ju\u00e1rez no necesita pol\u00edticos obsesionados con el siguiente puesto. Necesita servidores p\u00fablicos comprometidos con el cargo que hoy ocupan. Si durante d\u00e9cadas hubi\u00e9ramos contado con representantes que privilegiaran la visi\u00f3n de Estado sobre la ambici\u00f3n personal, dif\u00edcilmente enfrentar\u00edamos un rezago de m\u00e1s de cuarenta a\u00f1os en infraestructura urbana, ni los persistentes problemas de violencia, desigualdad y precariedad en los servicios p\u00fablicos.<\/p>\n\n\n\n<p class=\"wp-block-paragraph\">La tragedia de Ju\u00e1rez no es \u00fanicamente econ\u00f3mica ni administrativa. Es, sobre todo, una tragedia pol\u00edtica: una ciudad que genera la riqueza de M\u00e9xico, pero que ha sido gobernada, una y otra vez, por quienes siempre est\u00e1n pensando en el siguiente cargo y casi nunca en la siguiente generaci\u00f3n de juarenses.<\/p>\n","protected":false},"excerpt":{"rendered":"<p>Por Carlos Murillo Siempre lo he sostenido: la gran tragedia de Ciudad Ju\u00e1rez consiste en que produce riqueza, pero recibe pobreza. Tiene los votos para una elecci\u00f3n, pero recibe marginaci\u00f3n. No se trata de una fatalidad hist\u00f3rica ni del simple p\u00e9ndulo de la pol\u00edtica que unas veces favorece a un partido y otras a su [&hellip;]<\/p>\n","protected":false},"author":7,"featured_media":153,"comment_status":"closed","ping_status":"open","sticky":false,"template":"","format":"standard","meta":{"_jetpack_newsletter_access":"","_jetpack_dont_email_post_to_subs":false,"_jetpack_newsletter_tier_id":0,"_jetpack_memberships_contains_paywalled_content":false,"_jetpack_feature_clip_id":0,"_jetpack_memberships_contains_paid_content":false,"footnotes":"","jetpack_post_was_ever_published":false},"categories":[4],"tags":[],"class_list":["post-152","post","type-post","status-publish","format-standard","has-post-thumbnail","hentry","category-analisis-politico"],"aioseo_notices":[],"aioseo_head":"\n\t\t<!-- All in One SEO 4.9.10 - aioseo.com -->\n\t<meta name=\"description\" content=\"Por Carlos Murillo Siempre lo he sostenido: la gran tragedia de Ciudad Ju\u00e1rez consiste en que produce riqueza, pero recibe pobreza. Tiene los votos para una elecci\u00f3n, pero recibe marginaci\u00f3n. No se trata de una fatalidad hist\u00f3rica ni del simple p\u00e9ndulo de la pol\u00edtica que unas veces favorece a un partido y otras a su\" \/>\n\t<meta name=\"robots\" content=\"max-image-preview:large\" \/>\n\t<meta name=\"author\" content=\"Carlos Murillo\"\/>\n\t<meta name=\"google-site-verification\" content=\"jlwkLGgnMBpX8ktutl9e1D8Kvl7Rh7xmXQIHtOLk65U\" \/>\n\t<link rel=\"canonical\" href=\"https:\/\/www.enfasis.mx\/?p=152\" \/>\n\t<meta name=\"generator\" content=\"All in One SEO (AIOSEO) 4.9.10\" \/>\n\t\t<meta property=\"og:locale\" content=\"en_US\" \/>\n\t\t<meta property=\"og:site_name\" content=\"\u00c9nfasis - El acento en la econom\u00eda y la pol\u00edtica\" \/>\n\t\t<meta property=\"og:type\" content=\"article\" \/>\n\t\t<meta property=\"og:title\" content=\"La gran tragedia de Ju\u00e1rez - \u00c9nfasis\" \/>\n\t\t<meta property=\"og:description\" content=\"Por Carlos Murillo Siempre lo he sostenido: la gran tragedia de Ciudad Ju\u00e1rez consiste en que produce riqueza, pero recibe pobreza. Tiene los votos para una elecci\u00f3n, pero recibe marginaci\u00f3n. No se trata de una fatalidad hist\u00f3rica ni del simple p\u00e9ndulo de la pol\u00edtica que unas veces favorece a un partido y otras a su\" \/>\n\t\t<meta property=\"og:url\" content=\"https:\/\/www.enfasis.mx\/?p=152\" \/>\n\t\t<meta property=\"og:image\" content=\"https:\/\/www.enfasis.mx\/wp-content\/uploads\/2026\/07\/2-La-tragedia-Carlos-Murillo.png\" \/>\n\t\t<meta property=\"og:image:secure_url\" content=\"https:\/\/www.enfasis.mx\/wp-content\/uploads\/2026\/07\/2-La-tragedia-Carlos-Murillo.png\" \/>\n\t\t<meta property=\"og:image:width\" content=\"800\" \/>\n\t\t<meta property=\"og:image:height\" content=\"533\" \/>\n\t\t<meta property=\"article:published_time\" content=\"2026-07-30T20:26:29+00:00\" \/>\n\t\t<meta property=\"article:modified_time\" content=\"2026-07-30T21:17:33+00:00\" \/>\n\t\t<meta name=\"twitter:card\" content=\"summary_large_image\" \/>\n\t\t<meta name=\"twitter:title\" content=\"La gran tragedia de Ju\u00e1rez - \u00c9nfasis\" \/>\n\t\t<meta name=\"twitter:description\" content=\"Por Carlos Murillo Siempre lo he sostenido: la gran tragedia de Ciudad Ju\u00e1rez consiste en que produce riqueza, pero recibe pobreza. Tiene los votos para una elecci\u00f3n, pero recibe marginaci\u00f3n. No se trata de una fatalidad hist\u00f3rica ni del simple p\u00e9ndulo de la pol\u00edtica que unas veces favorece a un partido y otras a su\" \/>\n\t\t<meta name=\"twitter:image\" content=\"http:\/\/www.enfasis.mx\/wp-content\/uploads\/2026\/07\/2-La-tragedia-Carlos-Murillo.png\" \/>\n\t\t<script type=\"application\/ld+json\" class=\"aioseo-schema\">\n\t\t\t{\"@context\":\"https:\\\/\\\/schema.org\",\"@graph\":[{\"@type\":\"BlogPosting\",\"@id\":\"https:\\\/\\\/www.enfasis.mx\\\/?p=152#blogposting\",\"name\":\"La gran tragedia de Ju\\u00e1rez - \\u00c9nfasis\",\"headline\":\"La gran tragedia de Ju\\u00e1rez\",\"author\":{\"@id\":\"https:\\\/\\\/www.enfasis.mx\\\/?author=7#author\"},\"publisher\":{\"@id\":\"https:\\\/\\\/www.enfasis.mx\\\/#organization\"},\"image\":{\"@type\":\"ImageObject\",\"url\":\"https:\\\/\\\/www.enfasis.mx\\\/wp-content\\\/uploads\\\/2026\\\/07\\\/2-La-tragedia-Carlos-Murillo.png\",\"width\":800,\"height\":533},\"datePublished\":\"2026-07-30T13:26:29-07:00\",\"dateModified\":\"2026-07-30T14:17:33-07:00\",\"inLanguage\":\"en-US\",\"mainEntityOfPage\":{\"@id\":\"https:\\\/\\\/www.enfasis.mx\\\/?p=152#webpage\"},\"isPartOf\":{\"@id\":\"https:\\\/\\\/www.enfasis.mx\\\/?p=152#webpage\"},\"articleSection\":\"Pol\\u00edtica\"},{\"@type\":\"BreadcrumbList\",\"@id\":\"https:\\\/\\\/www.enfasis.mx\\\/?p=152#breadcrumblist\",\"itemListElement\":[{\"@type\":\"ListItem\",\"@id\":\"https:\\\/\\\/www.enfasis.mx#listItem\",\"position\":1,\"name\":\"Home\",\"item\":\"https:\\\/\\\/www.enfasis.mx\",\"nextItem\":{\"@type\":\"ListItem\",\"@id\":\"https:\\\/\\\/www.enfasis.mx\\\/?cat=4#listItem\",\"name\":\"Pol\\u00edtica\"}},{\"@type\":\"ListItem\",\"@id\":\"https:\\\/\\\/www.enfasis.mx\\\/?cat=4#listItem\",\"position\":2,\"name\":\"Pol\\u00edtica\",\"item\":\"https:\\\/\\\/www.enfasis.mx\\\/?cat=4\",\"nextItem\":{\"@type\":\"ListItem\",\"@id\":\"https:\\\/\\\/www.enfasis.mx\\\/?p=152#listItem\",\"name\":\"La gran tragedia de Ju\\u00e1rez\"},\"previousItem\":{\"@type\":\"ListItem\",\"@id\":\"https:\\\/\\\/www.enfasis.mx#listItem\",\"name\":\"Home\"}},{\"@type\":\"ListItem\",\"@id\":\"https:\\\/\\\/www.enfasis.mx\\\/?p=152#listItem\",\"position\":3,\"name\":\"La gran tragedia de Ju\\u00e1rez\",\"previousItem\":{\"@type\":\"ListItem\",\"@id\":\"https:\\\/\\\/www.enfasis.mx\\\/?cat=4#listItem\",\"name\":\"Pol\\u00edtica\"}}]},{\"@type\":\"Organization\",\"@id\":\"https:\\\/\\\/www.enfasis.mx\\\/#organization\",\"name\":\"\\u00c9nfasis Ser Empresario\",\"description\":\"El acento en la econom\\u00eda y la pol\\u00edtica Grupo Editorial Fundado en 1998, su marca insignia es REVISTA SER EMPRESARIO la revista empresarial mas importante del Estado\",\"url\":\"https:\\\/\\\/www.enfasis.mx\\\/\",\"logo\":{\"@type\":\"ImageObject\",\"url\":\"http:\\\/\\\/www.enfasis.mx\\\/wp-content\\\/uploads\\\/2026\\\/07\\\/Enfasis-Logo-1.png\",\"@id\":\"https:\\\/\\\/www.enfasis.mx\\\/?p=152\\\/#organizationLogo\"},\"image\":{\"@id\":\"https:\\\/\\\/www.enfasis.mx\\\/?p=152\\\/#organizationLogo\"}},{\"@type\":\"Person\",\"@id\":\"https:\\\/\\\/www.enfasis.mx\\\/?author=7#author\",\"url\":\"https:\\\/\\\/www.enfasis.mx\\\/?author=7\",\"name\":\"Carlos Murillo\"},{\"@type\":\"WebPage\",\"@id\":\"https:\\\/\\\/www.enfasis.mx\\\/?p=152#webpage\",\"url\":\"https:\\\/\\\/www.enfasis.mx\\\/?p=152\",\"name\":\"La gran tragedia de Ju\\u00e1rez - \\u00c9nfasis\",\"description\":\"Por Carlos Murillo Siempre lo he sostenido: la gran tragedia de Ciudad Ju\\u00e1rez consiste en que produce riqueza, pero recibe pobreza. Tiene los votos para una elecci\\u00f3n, pero recibe marginaci\\u00f3n. No se trata de una fatalidad hist\\u00f3rica ni del simple p\\u00e9ndulo de la pol\\u00edtica que unas veces favorece a un partido y otras a su\",\"inLanguage\":\"en-US\",\"isPartOf\":{\"@id\":\"https:\\\/\\\/www.enfasis.mx\\\/#website\"},\"breadcrumb\":{\"@id\":\"https:\\\/\\\/www.enfasis.mx\\\/?p=152#breadcrumblist\"},\"author\":{\"@id\":\"https:\\\/\\\/www.enfasis.mx\\\/?author=7#author\"},\"creator\":{\"@id\":\"https:\\\/\\\/www.enfasis.mx\\\/?author=7#author\"},\"image\":{\"@type\":\"ImageObject\",\"url\":\"https:\\\/\\\/www.enfasis.mx\\\/wp-content\\\/uploads\\\/2026\\\/07\\\/2-La-tragedia-Carlos-Murillo.png\",\"@id\":\"https:\\\/\\\/www.enfasis.mx\\\/?p=152\\\/#mainImage\",\"width\":800,\"height\":533},\"primaryImageOfPage\":{\"@id\":\"https:\\\/\\\/www.enfasis.mx\\\/?p=152#mainImage\"},\"datePublished\":\"2026-07-30T13:26:29-07:00\",\"dateModified\":\"2026-07-30T14:17:33-07:00\"},{\"@type\":\"WebSite\",\"@id\":\"https:\\\/\\\/www.enfasis.mx\\\/#website\",\"url\":\"https:\\\/\\\/www.enfasis.mx\\\/\",\"name\":\"\\u00c9nfasis\",\"description\":\"El acento en la econom\\u00eda y la pol\\u00edtica\",\"inLanguage\":\"en-US\",\"publisher\":{\"@id\":\"https:\\\/\\\/www.enfasis.mx\\\/#organization\"}}]}\n\t\t<\/script>\n\t\t<!-- All in One SEO -->\n\n","aioseo_head_json":{"title":"La gran tragedia de Ju\u00e1rez - \u00c9nfasis","description":"Por Carlos Murillo Siempre lo he sostenido: la gran tragedia de Ciudad Ju\u00e1rez consiste en que produce riqueza, pero recibe pobreza. Tiene los votos para una elecci\u00f3n, pero recibe marginaci\u00f3n. No se trata de una fatalidad hist\u00f3rica ni del simple p\u00e9ndulo de la pol\u00edtica que unas veces favorece a un partido y otras a su","canonical_url":"https:\/\/www.enfasis.mx\/?p=152","robots":"max-image-preview:large","keywords":"","webmasterTools":{"google-site-verification":"jlwkLGgnMBpX8ktutl9e1D8Kvl7Rh7xmXQIHtOLk65U","miscellaneous":""},"schema":{"@context":"https:\/\/schema.org","@graph":[{"@type":"BlogPosting","@id":"https:\/\/www.enfasis.mx\/?p=152#blogposting","name":"La gran tragedia de Ju\u00e1rez - \u00c9nfasis","headline":"La gran tragedia de Ju\u00e1rez","author":{"@id":"https:\/\/www.enfasis.mx\/?author=7#author"},"publisher":{"@id":"https:\/\/www.enfasis.mx\/#organization"},"image":{"@type":"ImageObject","url":"https:\/\/www.enfasis.mx\/wp-content\/uploads\/2026\/07\/2-La-tragedia-Carlos-Murillo.png","width":800,"height":533},"datePublished":"2026-07-30T13:26:29-07:00","dateModified":"2026-07-30T14:17:33-07:00","inLanguage":"en-US","mainEntityOfPage":{"@id":"https:\/\/www.enfasis.mx\/?p=152#webpage"},"isPartOf":{"@id":"https:\/\/www.enfasis.mx\/?p=152#webpage"},"articleSection":"Pol\u00edtica"},{"@type":"BreadcrumbList","@id":"https:\/\/www.enfasis.mx\/?p=152#breadcrumblist","itemListElement":[{"@type":"ListItem","@id":"https:\/\/www.enfasis.mx#listItem","position":1,"name":"Home","item":"https:\/\/www.enfasis.mx","nextItem":{"@type":"ListItem","@id":"https:\/\/www.enfasis.mx\/?cat=4#listItem","name":"Pol\u00edtica"}},{"@type":"ListItem","@id":"https:\/\/www.enfasis.mx\/?cat=4#listItem","position":2,"name":"Pol\u00edtica","item":"https:\/\/www.enfasis.mx\/?cat=4","nextItem":{"@type":"ListItem","@id":"https:\/\/www.enfasis.mx\/?p=152#listItem","name":"La gran tragedia de Ju\u00e1rez"},"previousItem":{"@type":"ListItem","@id":"https:\/\/www.enfasis.mx#listItem","name":"Home"}},{"@type":"ListItem","@id":"https:\/\/www.enfasis.mx\/?p=152#listItem","position":3,"name":"La gran tragedia de Ju\u00e1rez","previousItem":{"@type":"ListItem","@id":"https:\/\/www.enfasis.mx\/?cat=4#listItem","name":"Pol\u00edtica"}}]},{"@type":"Organization","@id":"https:\/\/www.enfasis.mx\/#organization","name":"\u00c9nfasis Ser Empresario","description":"El acento en la econom\u00eda y la pol\u00edtica Grupo Editorial Fundado en 1998, su marca insignia es REVISTA SER EMPRESARIO la revista empresarial mas importante del Estado","url":"https:\/\/www.enfasis.mx\/","logo":{"@type":"ImageObject","url":"http:\/\/www.enfasis.mx\/wp-content\/uploads\/2026\/07\/Enfasis-Logo-1.png","@id":"https:\/\/www.enfasis.mx\/?p=152\/#organizationLogo"},"image":{"@id":"https:\/\/www.enfasis.mx\/?p=152\/#organizationLogo"}},{"@type":"Person","@id":"https:\/\/www.enfasis.mx\/?author=7#author","url":"https:\/\/www.enfasis.mx\/?author=7","name":"Carlos Murillo"},{"@type":"WebPage","@id":"https:\/\/www.enfasis.mx\/?p=152#webpage","url":"https:\/\/www.enfasis.mx\/?p=152","name":"La gran tragedia de Ju\u00e1rez - \u00c9nfasis","description":"Por Carlos Murillo Siempre lo he sostenido: la gran tragedia de Ciudad Ju\u00e1rez consiste en que produce riqueza, pero recibe pobreza. Tiene los votos para una elecci\u00f3n, pero recibe marginaci\u00f3n. No se trata de una fatalidad hist\u00f3rica ni del simple p\u00e9ndulo de la pol\u00edtica que unas veces favorece a un partido y otras a su","inLanguage":"en-US","isPartOf":{"@id":"https:\/\/www.enfasis.mx\/#website"},"breadcrumb":{"@id":"https:\/\/www.enfasis.mx\/?p=152#breadcrumblist"},"author":{"@id":"https:\/\/www.enfasis.mx\/?author=7#author"},"creator":{"@id":"https:\/\/www.enfasis.mx\/?author=7#author"},"image":{"@type":"ImageObject","url":"https:\/\/www.enfasis.mx\/wp-content\/uploads\/2026\/07\/2-La-tragedia-Carlos-Murillo.png","@id":"https:\/\/www.enfasis.mx\/?p=152\/#mainImage","width":800,"height":533},"primaryImageOfPage":{"@id":"https:\/\/www.enfasis.mx\/?p=152#mainImage"},"datePublished":"2026-07-30T13:26:29-07:00","dateModified":"2026-07-30T14:17:33-07:00"},{"@type":"WebSite","@id":"https:\/\/www.enfasis.mx\/#website","url":"https:\/\/www.enfasis.mx\/","name":"\u00c9nfasis","description":"El acento en la econom\u00eda y la pol\u00edtica","inLanguage":"en-US","publisher":{"@id":"https:\/\/www.enfasis.mx\/#organization"}}]},"og:locale":"en_US","og:site_name":"\u00c9nfasis - El acento en la econom\u00eda y la pol\u00edtica","og:type":"article","og:title":"La gran tragedia de Ju\u00e1rez - \u00c9nfasis","og:description":"Por Carlos Murillo Siempre lo he sostenido: la gran tragedia de Ciudad Ju\u00e1rez consiste en que produce riqueza, pero recibe pobreza. Tiene los votos para una elecci\u00f3n, pero recibe marginaci\u00f3n. No se trata de una fatalidad hist\u00f3rica ni del simple p\u00e9ndulo de la pol\u00edtica que unas veces favorece a un partido y otras a su","og:url":"https:\/\/www.enfasis.mx\/?p=152","og:image":"https:\/\/www.enfasis.mx\/wp-content\/uploads\/2026\/07\/2-La-tragedia-Carlos-Murillo.png","og:image:secure_url":"https:\/\/www.enfasis.mx\/wp-content\/uploads\/2026\/07\/2-La-tragedia-Carlos-Murillo.png","og:image:width":"800","og:image:height":"533","article:published_time":"2026-07-30T20:26:29+00:00","article:modified_time":"2026-07-30T21:17:33+00:00","twitter:card":"summary_large_image","twitter:title":"La gran tragedia de Ju\u00e1rez - \u00c9nfasis","twitter:description":"Por Carlos Murillo Siempre lo he sostenido: la gran tragedia de Ciudad Ju\u00e1rez consiste en que produce riqueza, pero recibe pobreza. Tiene los votos para una elecci\u00f3n, pero recibe marginaci\u00f3n. No se trata de una fatalidad hist\u00f3rica ni del simple p\u00e9ndulo de la pol\u00edtica que unas veces favorece a un partido y otras a su","twitter:image":"http:\/\/www.enfasis.mx\/wp-content\/uploads\/2026\/07\/2-La-tragedia-Carlos-Murillo.png"},"aioseo_meta_data":{"post_id":"152","title":null,"description":null,"keywords":null,"keyphrases":{"focus":{"keyphrase":"","score":0,"analysis":{"keyphraseInTitle":{"score":0,"maxScore":9,"error":1}}},"additional":[]},"primary_term":null,"canonical_url":null,"og_title":null,"og_description":null,"og_object_type":"default","og_image_type":"featured","og_image_custom_url":null,"og_image_custom_fields":null,"og_image_url":"http:\/\/www.enfasis.mx\/wp-content\/uploads\/2026\/07\/2-La-tragedia-Carlos-Murillo.png","og_image_width":"800","og_image_height":"533","og_video":"","og_custom_url":null,"og_article_section":null,"og_article_tags":null,"twitter_use_og":false,"twitter_card":"default","twitter_image_type":"featured","twitter_image_custom_url":null,"twitter_image_custom_fields":null,"twitter_image_url":"http:\/\/www.enfasis.mx\/wp-content\/uploads\/2026\/07\/2-La-tragedia-Carlos-Murillo.png","twitter_title":null,"twitter_description":null,"schema_type":"default","schema_type_options":null,"schema":{"blockGraphs":[],"customGraphs":[],"default":{"data":{"Article":[],"Course":[],"Dataset":[],"FAQPage":[],"Movie":[],"Person":[],"Product":[],"ProductReview":[],"Car":[],"Recipe":[],"Service":[],"SoftwareApplication":[],"WebPage":[]},"graphName":"BlogPosting","isEnabled":true},"graphs":[]},"pillar_content":false,"robots_default":true,"robots_noindex":false,"robots_noarchive":false,"robots_nosnippet":false,"robots_nofollow":false,"robots_noimageindex":false,"robots_noodp":false,"robots_notranslate":false,"robots_max_snippet":"-1","robots_max_videopreview":"-1","robots_max_imagepreview":"large","priority":null,"frequency":"default","local_seo":null,"limit_modified_date":false,"ai":{"faqs":[],"keyPoints":[],"schemas":[],"titles":[],"descriptions":[],"socialPosts":{"email":{"subject":"","preview":"","content":""},"linkedin":[],"twitter":[],"facebook":[],"instagram":[]}},"breadcrumb_settings":null,"seo_analyzer_scan_date":null,"created":"2026-07-30 20:26:30","updated":"2026-07-30 21:47:58"},"aioseo_breadcrumb":"<div class=\"aioseo-breadcrumbs\"><span class=\"aioseo-breadcrumb\">\n\t\t\t<a href=\"https:\/\/www.enfasis.mx\" title=\"Home\">Home<\/a>\n\t\t<\/span><span class=\"aioseo-breadcrumb-separator\">&raquo;<\/span><span class=\"aioseo-breadcrumb\">\n\t\t\t<a href=\"https:\/\/www.enfasis.mx\/?cat=4\" title=\"Pol\u00edtica\">Pol\u00edtica<\/a>\n\t\t<\/span><span class=\"aioseo-breadcrumb-separator\">&raquo;<\/span><span class=\"aioseo-breadcrumb\">\n\t\t\tLa gran tragedia de Ju\u00e1rez\n\t\t<\/span><\/div>","aioseo_breadcrumb_json":[{"label":"Home","link":"https:\/\/www.enfasis.mx"},{"label":"Pol\u00edtica","link":"https:\/\/www.enfasis.mx\/?cat=4"},{"label":"La gran tragedia de Ju\u00e1rez","link":"https:\/\/www.enfasis.mx\/?p=152"}],"wpmagazine_modules_lite_featured_media_urls":{"thumbnail":["https:\/\/www.enfasis.mx\/wp-content\/uploads\/2026\/07\/2-La-tragedia-Carlos-Murillo-150x150.png",150,150,true],"cvmm-medium":["https:\/\/www.enfasis.mx\/wp-content\/uploads\/2026\/07\/2-La-tragedia-Carlos-Murillo-300x300.png",300,300,true],"cvmm-medium-plus":["https:\/\/www.enfasis.mx\/wp-content\/uploads\/2026\/07\/2-La-tragedia-Carlos-Murillo-305x207.png",305,207,true],"cvmm-portrait":["https:\/\/www.enfasis.mx\/wp-content\/uploads\/2026\/07\/2-La-tragedia-Carlos-Murillo-400x533.png",400,533,true],"cvmm-medium-square":["https:\/\/www.enfasis.mx\/wp-content\/uploads\/2026\/07\/2-La-tragedia-Carlos-Murillo-600x533.png",600,533,true],"cvmm-large":["https:\/\/www.enfasis.mx\/wp-content\/uploads\/2026\/07\/2-La-tragedia-Carlos-Murillo.png",800,533,false],"cvmm-small":["https:\/\/www.enfasis.mx\/wp-content\/uploads\/2026\/07\/2-La-tragedia-Carlos-Murillo-130x95.png",130,95,true],"full":["https:\/\/www.enfasis.mx\/wp-content\/uploads\/2026\/07\/2-La-tragedia-Carlos-Murillo.png",800,533,false]},"categories_names":{"4":{"name":"Pol\u00edtica","link":"https:\/\/www.enfasis.mx\/?cat=4"}},"tags_names":[],"comments_number":"0","jetpack_sharing_enabled":true,"jetpack_featured_media_url":"https:\/\/www.enfasis.mx\/wp-content\/uploads\/2026\/07\/2-La-tragedia-Carlos-Murillo.png","_links":{"self":[{"href":"https:\/\/www.enfasis.mx\/index.php?rest_route=\/wp\/v2\/posts\/152","targetHints":{"allow":["GET"]}}],"collection":[{"href":"https:\/\/www.enfasis.mx\/index.php?rest_route=\/wp\/v2\/posts"}],"about":[{"href":"https:\/\/www.enfasis.mx\/index.php?rest_route=\/wp\/v2\/types\/post"}],"author":[{"embeddable":true,"href":"https:\/\/www.enfasis.mx\/index.php?rest_route=\/wp\/v2\/users\/7"}],"replies":[{"embeddable":true,"href":"https:\/\/www.enfasis.mx\/index.php?rest_route=%2Fwp%2Fv2%2Fcomments&post=152"}],"version-history":[{"count":1,"href":"https:\/\/www.enfasis.mx\/index.php?rest_route=\/wp\/v2\/posts\/152\/revisions"}],"predecessor-version":[{"id":154,"href":"https:\/\/www.enfasis.mx\/index.php?rest_route=\/wp\/v2\/posts\/152\/revisions\/154"}],"wp:featuredmedia":[{"embeddable":true,"href":"https:\/\/www.enfasis.mx\/index.php?rest_route=\/wp\/v2\/media\/153"}],"wp:attachment":[{"href":"https:\/\/www.enfasis.mx\/index.php?rest_route=%2Fwp%2Fv2%2Fmedia&parent=152"}],"wp:term":[{"taxonomy":"category","embeddable":true,"href":"https:\/\/www.enfasis.mx\/index.php?rest_route=%2Fwp%2Fv2%2Fcategories&post=152"},{"taxonomy":"post_tag","embeddable":true,"href":"https:\/\/www.enfasis.mx\/index.php?rest_route=%2Fwp%2Fv2%2Ftags&post=152"}],"curies":[{"name":"wp","href":"https:\/\/api.w.org\/{rel}","templated":true}]}}