{"id":157,"date":"2026-08-03T08:44:42","date_gmt":"2026-08-03T15:44:42","guid":{"rendered":"https:\/\/www.enfasis.mx\/?p=157"},"modified":"2026-08-03T08:45:08","modified_gmt":"2026-08-03T15:45:08","slug":"el-voto-joven-el-derecho-de-elegir-la-espera-para-ser-elegido","status":"publish","type":"post","link":"https:\/\/www.enfasis.mx\/?p=157","title":{"rendered":"El voto joven: el derecho de elegir, la espera para ser elegido"},"content":{"rendered":"\n<p class=\"wp-block-paragraph\"><strong>Por Mario \u00c1lvarez Porras<\/strong><\/p>\n\n\n\n<p class=\"wp-block-paragraph\">La democracia mexicana convive con una paradoja que pocas veces ocupa el centro del debate p\u00fablico.<\/p>\n\n\n\n<p class=\"wp-block-paragraph\">A los 18 a\u00f1os, el Estado mexicano reconoce que una persona posee la madurez suficiente para decidir qui\u00e9n gobernar\u00e1 su municipio, su estado y el pa\u00eds. Ese mismo ciudadano puede definir la integraci\u00f3n de un cabildo, un congreso local, el Congreso de la Uni\u00f3n e incluso la Presidencia de la Rep\u00fablica. Su voto vale exactamente lo mismo que el de cualquier otro mexicano.<\/p>\n\n\n\n<p class=\"wp-block-paragraph\">Sin embargo, cuando decide ofrecerse a la ciudadan\u00eda para representarla, la respuesta institucional es distinta: todav\u00eda debe esperar.<\/p>\n\n\n\n<p class=\"wp-block-paragraph\">La contradicci\u00f3n no es jur\u00eddica. Es pol\u00edtica y cultural.<\/p>\n\n\n\n<p class=\"wp-block-paragraph\">El art\u00edculo 34 de la Constituci\u00f3n reconoce la ciudadan\u00eda desde los 18 a\u00f1os. No obstante, para ejercer plenamente el derecho a ser votado, la legislaci\u00f3n establece requisitos de edad distintos seg\u00fan el cargo.<\/p>\n\n\n\n<p class=\"wp-block-paragraph\">En Chihuahua, un ciudadano puede votar desde los 18 a\u00f1os, pero debe esperar hasta los 21 para aspirar a una regidur\u00eda o una diputaci\u00f3n local; hasta los 25 para una presidencia municipal y hasta los 30 para la gubernatura.<\/p>\n\n\n\n<p class=\"wp-block-paragraph\">La pregunta merece una reflexi\u00f3n serena.<\/p>\n\n\n\n<p class=\"wp-block-paragraph\">Si el Estado considera que una persona de 18 a\u00f1os tiene la capacidad para decidir qui\u00e9n administrar\u00e1 recursos p\u00fablicos, aprobar\u00e1 reglamentos y tomar\u00e1 decisiones que afectar\u00e1n a toda una comunidad, \u00bfpor qu\u00e9 presume que esa misma persona a\u00fan no est\u00e1 preparada para solicitar la confianza de los ciudadanos?<\/p>\n\n\n\n<p class=\"wp-block-paragraph\">La respuesta m\u00e1s frecuente es la experiencia.<\/p>\n\n\n\n<p class=\"wp-block-paragraph\">Y es una respuesta razonable.<\/p>\n\n\n\n<p class=\"wp-block-paragraph\">Gobernar exige preparaci\u00f3n, conocimiento t\u00e9cnico, capacidad de di\u00e1logo y una profunda comprensi\u00f3n de la realidad social.<\/p>\n\n\n\n<p class=\"wp-block-paragraph\">Pero la experiencia nunca deber\u00eda convertirse en un argumento para cerrar el paso al relevo generacional.<\/p>\n\n\n\n<p class=\"wp-block-paragraph\">La experiencia tambi\u00e9n se construye fuera del gobierno.<\/p>\n\n\n\n<p class=\"wp-block-paragraph\">Se adquiere ense\u00f1ando en un aula, formando j\u00f3venes, trabajando en una empresa, escuchando a la ciudadan\u00eda, impulsando proyectos comunitarios, estudiando los problemas p\u00fablicos y participando activamente en la vida de una ciudad.<\/p>\n\n\n\n<p class=\"wp-block-paragraph\">Las comunidades necesitan representantes que conozcan la realidad desde diferentes perspectivas. Personas que entiendan el valor de la educaci\u00f3n porque han dedicado parte de su vida a ella; que comprendan las inquietudes de los j\u00f3venes porque han trabajado con ellos; que conozcan el esfuerzo cotidiano de quienes viven de un salario porque tambi\u00e9n han compartido esa realidad; y que hayan demostrado inter\u00e9s por construir soluciones antes de buscar un cargo p\u00fablico.<\/p>\n\n\n\n<p class=\"wp-block-paragraph\">Ese tipo de experiencia rara vez aparece en un curr\u00edculum pol\u00edtico, pero suele ser la que m\u00e1s acerca a un representante con la ciudadan\u00eda.<\/p>\n\n\n\n<p class=\"wp-block-paragraph\">Durante las campa\u00f1as electorales, miles de j\u00f3venes organizan brigadas, recorren colonias, coordinan equipos, escuchan necesidades y sostienen buena parte del trabajo territorial de los partidos. Son indispensables para ganar elecciones.<\/p>\n\n\n\n<p class=\"wp-block-paragraph\">Despu\u00e9s, cuando llega el momento de integrar los equipos de gobierno, el discurso suele cambiar.<\/p>\n\n\n\n<p class=\"wp-block-paragraph\">Entonces aparecen los argumentos de siempre: todav\u00eda falta experiencia, todav\u00eda no es el momento, todav\u00eda hay que esperar.<\/p>\n\n\n\n<p class=\"wp-block-paragraph\">La renovaci\u00f3n generacional avanza con mayor rapidez en los discursos que en las decisiones.<\/p>\n\n\n\n<p class=\"wp-block-paragraph\">La paradoja resulta especialmente evidente en los municipios.<\/p>\n\n\n\n<p class=\"wp-block-paragraph\">El Cabildo es el \u00f3rgano de gobierno m\u00e1s cercano a la ciudadan\u00eda. Ah\u00ed se aprueban reglamentos, presupuestos, programas y decisiones que impactan directamente la vida cotidiana de las personas. Es el espacio donde la pol\u00edtica deja de ser un discurso para convertirse en resultados.<\/p>\n\n\n\n<p class=\"wp-block-paragraph\">Precisamente por ello, conviene preguntarse si los requisitos actuales responden \u00fanicamente a una necesidad institucional o si tambi\u00e9n reflejan una cultura pol\u00edtica que contin\u00faa asociando la capacidad para gobernar con la edad, antes que con el m\u00e9rito, la preparaci\u00f3n y la vocaci\u00f3n de servicio.<\/p>\n\n\n\n<p class=\"wp-block-paragraph\">Las pol\u00edticas p\u00fablicas dirigidas a la juventud seguir\u00e1n siendo indispensables.<\/p>\n\n\n\n<p class=\"wp-block-paragraph\">Pero existe una diferencia entre gobernar para los j\u00f3venes y permitir que los j\u00f3venes tambi\u00e9n formen parte de los gobiernos.<\/p>\n\n\n\n<p class=\"wp-block-paragraph\">Una democracia madura no s\u00f3lo crea oportunidades para las nuevas generaciones.<\/p>\n\n\n\n<p class=\"wp-block-paragraph\">Tambi\u00e9n conf\u00eda en ellas.<\/p>\n\n\n\n<p class=\"wp-block-paragraph\">Los partidos pol\u00edticos tienen una responsabilidad ineludible. Hablan de renovaci\u00f3n, forman cuadros y convocan a nuevos liderazgos. Sin embargo, esa renovaci\u00f3n s\u00f3lo cobra sentido cuando se refleja en la integraci\u00f3n de sus planillas y equipos de gobierno.<\/p>\n\n\n\n<p class=\"wp-block-paragraph\">Las pr\u00f3ximas elecciones municipales ser\u00e1n mucho m\u00e1s que una competencia por la Presidencia Municipal. Tambi\u00e9n ser\u00e1n una oportunidad para conocer la visi\u00f3n de liderazgo de quienes aspiren a encabezar los ayuntamientos.<\/p>\n\n\n\n<p class=\"wp-block-paragraph\">Los proyectos que dejan huella entienden que gobernar no consiste \u00fanicamente en ganar una elecci\u00f3n, sino en saber construir equipos. La integraci\u00f3n de una planilla es la primera decisi\u00f3n de gobierno. Mucho antes de aprobar un presupuesto o iniciar una obra p\u00fablica, un candidato ya ha definido el tipo de administraci\u00f3n que desea construir a partir de las personas en quienes decide confiar.<\/p>\n\n\n\n<p class=\"wp-block-paragraph\">Los mejores gobiernos no se distinguen \u00fanicamente por reunir a quienes ya ocuparon un cargo p\u00fablico. Se distinguen por reconocer talento, sumar perfiles preparados y abrir espacio a quienes han demostrado compromiso desde la educaci\u00f3n, el sector productivo, la participaci\u00f3n ciudadana, la academia y el trabajo cotidiano con su comunidad.<\/p>\n\n\n\n<p class=\"wp-block-paragraph\">La calidad de un gobierno comienza antes del primer d\u00eda de administraci\u00f3n.<\/p>\n\n\n\n<p class=\"wp-block-paragraph\">Empieza cuando se privilegia el m\u00e9rito sobre la inercia, la capacidad sobre la conveniencia y la vocaci\u00f3n de servicio sobre las cuotas pol\u00edticas.<\/p>\n\n\n\n<p class=\"wp-block-paragraph\">La historia mexicana demuestra que cumplir un requisito de edad nunca ha garantizado buenos gobiernos.<\/p>\n\n\n\n<p class=\"wp-block-paragraph\">Lo que s\u00ed ha distinguido a los mejores liderazgos es su capacidad para identificar personas preparadas, con sensibilidad social, disposici\u00f3n para escuchar y voluntad para construir acuerdos.<\/p>\n\n\n\n<p class=\"wp-block-paragraph\">Quiz\u00e1 la discusi\u00f3n ya no sea si los j\u00f3venes est\u00e1n preparados para gobernar.<\/p>\n\n\n\n<p class=\"wp-block-paragraph\">La verdadera pregunta es otra:<\/p>\n\n\n\n<p class=\"wp-block-paragraph\">\u00bfQuienes integren los pr\u00f3ximos gobiernos municipales tendr\u00e1n la visi\u00f3n para convocar a las personas mejor preparadas, sin importar si provienen de la pol\u00edtica tradicional o de una trayectoria construida en las aulas, en las empresas, en las organizaciones sociales o en el servicio a su comunidad?<\/p>\n\n\n\n<p class=\"wp-block-paragraph\">Porque, al final, los ciudadanos no s\u00f3lo elegir\u00e1n a un presidente municipal.<\/p>\n\n\n\n<p class=\"wp-block-paragraph\">Tambi\u00e9n juzgar\u00e1n la calidad del liderazgo por las personas que decida sentar a su lado para gobernar.<\/p>\n\n\n\n<p class=\"wp-block-paragraph\">Y las administraciones que trascienden no son las que reparten espacios; son las que saben reconocer talento antes de que \u00e9ste ocupe su primer cargo p\u00fablico.<\/p>\n","protected":false},"excerpt":{"rendered":"<p>Por Mario \u00c1lvarez Porras La democracia mexicana convive con una paradoja que pocas veces ocupa el centro del debate p\u00fablico. A los 18 a\u00f1os, el Estado mexicano reconoce que una persona posee la madurez suficiente para decidir qui\u00e9n gobernar\u00e1 su municipio, su estado y el pa\u00eds. Ese mismo ciudadano puede definir la integraci\u00f3n de un [&hellip;]<\/p>\n","protected":false},"author":10,"featured_media":158,"comment_status":"closed","ping_status":"open","sticky":false,"template":"","format":"standard","meta":{"_jetpack_newsletter_access":"","_jetpack_dont_email_post_to_subs":false,"_jetpack_newsletter_tier_id":0,"_jetpack_memberships_contains_paywalled_content":false,"_jetpack_feature_clip_id":0,"_jetpack_memberships_contains_paid_content":false,"footnotes":"","jetpack_post_was_ever_published":false},"categories":[4],"tags":[],"class_list":["post-157","post","type-post","status-publish","format-standard","has-post-thumbnail","hentry","category-analisis-politico"],"aioseo_notices":[],"aioseo_head":"\n\t\t<!-- All in One SEO 4.9.10 - aioseo.com -->\n\t<meta name=\"description\" content=\"Por Mario \u00c1lvarez Porras La democracia mexicana convive con una paradoja que pocas veces ocupa el centro del debate p\u00fablico. A los 18 a\u00f1os, el Estado mexicano reconoce que una persona posee la madurez suficiente para decidir qui\u00e9n gobernar\u00e1 su municipio, su estado y el pa\u00eds. Ese mismo ciudadano puede definir la integraci\u00f3n de un\" \/>\n\t<meta name=\"robots\" content=\"max-image-preview:large\" \/>\n\t<meta name=\"author\" content=\"Mario \u00c1lvarez Porras\"\/>\n\t<meta name=\"google-site-verification\" content=\"jlwkLGgnMBpX8ktutl9e1D8Kvl7Rh7xmXQIHtOLk65U\" \/>\n\t<link rel=\"canonical\" href=\"https:\/\/www.enfasis.mx\/?p=157\" \/>\n\t<meta name=\"generator\" content=\"All in One SEO (AIOSEO) 4.9.10\" \/>\n\t\t<meta property=\"og:locale\" content=\"en_US\" \/>\n\t\t<meta property=\"og:site_name\" content=\"\u00c9nfasis - El acento en la econom\u00eda y la pol\u00edtica\" \/>\n\t\t<meta property=\"og:type\" content=\"article\" \/>\n\t\t<meta property=\"og:title\" content=\"El voto joven: el derecho de elegir, la espera para ser elegido - \u00c9nfasis\" \/>\n\t\t<meta property=\"og:description\" content=\"Por Mario \u00c1lvarez Porras La democracia mexicana convive con una paradoja que pocas veces ocupa el centro del debate p\u00fablico. A los 18 a\u00f1os, el Estado mexicano reconoce que una persona posee la madurez suficiente para decidir qui\u00e9n gobernar\u00e1 su municipio, su estado y el pa\u00eds. Ese mismo ciudadano puede definir la integraci\u00f3n de un\" \/>\n\t\t<meta property=\"og:url\" content=\"https:\/\/www.enfasis.mx\/?p=157\" \/>\n\t\t<meta property=\"og:image\" content=\"https:\/\/www.enfasis.mx\/wp-content\/uploads\/2026\/08\/El-voto-Joven.png\" \/>\n\t\t<meta property=\"og:image:secure_url\" content=\"https:\/\/www.enfasis.mx\/wp-content\/uploads\/2026\/08\/El-voto-Joven.png\" \/>\n\t\t<meta property=\"og:image:width\" content=\"1536\" \/>\n\t\t<meta property=\"og:image:height\" content=\"1024\" \/>\n\t\t<meta property=\"article:published_time\" content=\"2026-08-03T15:44:42+00:00\" \/>\n\t\t<meta property=\"article:modified_time\" content=\"2026-08-03T15:45:08+00:00\" \/>\n\t\t<meta name=\"twitter:card\" content=\"summary_large_image\" \/>\n\t\t<meta name=\"twitter:title\" content=\"El voto joven: el derecho de elegir, la espera para ser elegido - \u00c9nfasis\" \/>\n\t\t<meta name=\"twitter:description\" content=\"Por Mario \u00c1lvarez Porras La democracia mexicana convive con una paradoja que pocas veces ocupa el centro del debate p\u00fablico. A los 18 a\u00f1os, el Estado mexicano reconoce que una persona posee la madurez suficiente para decidir qui\u00e9n gobernar\u00e1 su municipio, su estado y el pa\u00eds. Ese mismo ciudadano puede definir la integraci\u00f3n de un\" \/>\n\t\t<meta name=\"twitter:image\" content=\"http:\/\/www.enfasis.mx\/wp-content\/uploads\/2026\/07\/Enfasis-Logo-1.png\" \/>\n\t\t<script type=\"application\/ld+json\" class=\"aioseo-schema\">\n\t\t\t{\"@context\":\"https:\\\/\\\/schema.org\",\"@graph\":[{\"@type\":\"BlogPosting\",\"@id\":\"https:\\\/\\\/www.enfasis.mx\\\/?p=157#blogposting\",\"name\":\"El voto joven: el derecho de elegir, la espera para ser elegido - \\u00c9nfasis\",\"headline\":\"El voto joven: el derecho de elegir, la espera para ser elegido\",\"author\":{\"@id\":\"https:\\\/\\\/www.enfasis.mx\\\/?author=10#author\"},\"publisher\":{\"@id\":\"https:\\\/\\\/www.enfasis.mx\\\/#organization\"},\"image\":{\"@type\":\"ImageObject\",\"url\":\"https:\\\/\\\/www.enfasis.mx\\\/wp-content\\\/uploads\\\/2026\\\/08\\\/El-voto-Joven.png\",\"width\":1536,\"height\":1024},\"datePublished\":\"2026-08-03T08:44:42-07:00\",\"dateModified\":\"2026-08-03T08:45:08-07:00\",\"inLanguage\":\"en-US\",\"mainEntityOfPage\":{\"@id\":\"https:\\\/\\\/www.enfasis.mx\\\/?p=157#webpage\"},\"isPartOf\":{\"@id\":\"https:\\\/\\\/www.enfasis.mx\\\/?p=157#webpage\"},\"articleSection\":\"Pol\\u00edtica\"},{\"@type\":\"BreadcrumbList\",\"@id\":\"https:\\\/\\\/www.enfasis.mx\\\/?p=157#breadcrumblist\",\"itemListElement\":[{\"@type\":\"ListItem\",\"@id\":\"https:\\\/\\\/www.enfasis.mx#listItem\",\"position\":1,\"name\":\"Home\",\"item\":\"https:\\\/\\\/www.enfasis.mx\",\"nextItem\":{\"@type\":\"ListItem\",\"@id\":\"https:\\\/\\\/www.enfasis.mx\\\/?cat=4#listItem\",\"name\":\"Pol\\u00edtica\"}},{\"@type\":\"ListItem\",\"@id\":\"https:\\\/\\\/www.enfasis.mx\\\/?cat=4#listItem\",\"position\":2,\"name\":\"Pol\\u00edtica\",\"item\":\"https:\\\/\\\/www.enfasis.mx\\\/?cat=4\",\"nextItem\":{\"@type\":\"ListItem\",\"@id\":\"https:\\\/\\\/www.enfasis.mx\\\/?p=157#listItem\",\"name\":\"El voto joven: el derecho de elegir, la espera para ser elegido\"},\"previousItem\":{\"@type\":\"ListItem\",\"@id\":\"https:\\\/\\\/www.enfasis.mx#listItem\",\"name\":\"Home\"}},{\"@type\":\"ListItem\",\"@id\":\"https:\\\/\\\/www.enfasis.mx\\\/?p=157#listItem\",\"position\":3,\"name\":\"El voto joven: el derecho de elegir, la espera para ser elegido\",\"previousItem\":{\"@type\":\"ListItem\",\"@id\":\"https:\\\/\\\/www.enfasis.mx\\\/?cat=4#listItem\",\"name\":\"Pol\\u00edtica\"}}]},{\"@type\":\"Organization\",\"@id\":\"https:\\\/\\\/www.enfasis.mx\\\/#organization\",\"name\":\"\\u00c9nfasis Ser Empresario\",\"description\":\"El acento en la econom\\u00eda y la pol\\u00edtica Grupo Editorial Fundado en 1998, su marca insignia es REVISTA SER EMPRESARIO la revista empresarial mas importante del Estado\",\"url\":\"https:\\\/\\\/www.enfasis.mx\\\/\",\"logo\":{\"@type\":\"ImageObject\",\"url\":\"http:\\\/\\\/www.enfasis.mx\\\/wp-content\\\/uploads\\\/2026\\\/07\\\/Enfasis-Logo-1.png\",\"@id\":\"https:\\\/\\\/www.enfasis.mx\\\/?p=157\\\/#organizationLogo\"},\"image\":{\"@id\":\"https:\\\/\\\/www.enfasis.mx\\\/?p=157\\\/#organizationLogo\"}},{\"@type\":\"Person\",\"@id\":\"https:\\\/\\\/www.enfasis.mx\\\/?author=10#author\",\"url\":\"https:\\\/\\\/www.enfasis.mx\\\/?author=10\",\"name\":\"Mario \\u00c1lvarez Porras\"},{\"@type\":\"WebPage\",\"@id\":\"https:\\\/\\\/www.enfasis.mx\\\/?p=157#webpage\",\"url\":\"https:\\\/\\\/www.enfasis.mx\\\/?p=157\",\"name\":\"El voto joven: el derecho de elegir, la espera para ser elegido - \\u00c9nfasis\",\"description\":\"Por Mario \\u00c1lvarez Porras La democracia mexicana convive con una paradoja que pocas veces ocupa el centro del debate p\\u00fablico. A los 18 a\\u00f1os, el Estado mexicano reconoce que una persona posee la madurez suficiente para decidir qui\\u00e9n gobernar\\u00e1 su municipio, su estado y el pa\\u00eds. Ese mismo ciudadano puede definir la integraci\\u00f3n de un\",\"inLanguage\":\"en-US\",\"isPartOf\":{\"@id\":\"https:\\\/\\\/www.enfasis.mx\\\/#website\"},\"breadcrumb\":{\"@id\":\"https:\\\/\\\/www.enfasis.mx\\\/?p=157#breadcrumblist\"},\"author\":{\"@id\":\"https:\\\/\\\/www.enfasis.mx\\\/?author=10#author\"},\"creator\":{\"@id\":\"https:\\\/\\\/www.enfasis.mx\\\/?author=10#author\"},\"image\":{\"@type\":\"ImageObject\",\"url\":\"https:\\\/\\\/www.enfasis.mx\\\/wp-content\\\/uploads\\\/2026\\\/08\\\/El-voto-Joven.png\",\"@id\":\"https:\\\/\\\/www.enfasis.mx\\\/?p=157\\\/#mainImage\",\"width\":1536,\"height\":1024},\"primaryImageOfPage\":{\"@id\":\"https:\\\/\\\/www.enfasis.mx\\\/?p=157#mainImage\"},\"datePublished\":\"2026-08-03T08:44:42-07:00\",\"dateModified\":\"2026-08-03T08:45:08-07:00\"},{\"@type\":\"WebSite\",\"@id\":\"https:\\\/\\\/www.enfasis.mx\\\/#website\",\"url\":\"https:\\\/\\\/www.enfasis.mx\\\/\",\"name\":\"\\u00c9nfasis\",\"description\":\"El acento en la econom\\u00eda y la pol\\u00edtica\",\"inLanguage\":\"en-US\",\"publisher\":{\"@id\":\"https:\\\/\\\/www.enfasis.mx\\\/#organization\"}}]}\n\t\t<\/script>\n\t\t<!-- All in One SEO -->\n\n","aioseo_head_json":{"title":"El voto joven: el derecho de elegir, la espera para ser elegido - \u00c9nfasis","description":"Por Mario \u00c1lvarez Porras La democracia mexicana convive con una paradoja que pocas veces ocupa el centro del debate p\u00fablico. A los 18 a\u00f1os, el Estado mexicano reconoce que una persona posee la madurez suficiente para decidir qui\u00e9n gobernar\u00e1 su municipio, su estado y el pa\u00eds. Ese mismo ciudadano puede definir la integraci\u00f3n de un","canonical_url":"https:\/\/www.enfasis.mx\/?p=157","robots":"max-image-preview:large","keywords":"","webmasterTools":{"google-site-verification":"jlwkLGgnMBpX8ktutl9e1D8Kvl7Rh7xmXQIHtOLk65U","miscellaneous":""},"schema":{"@context":"https:\/\/schema.org","@graph":[{"@type":"BlogPosting","@id":"https:\/\/www.enfasis.mx\/?p=157#blogposting","name":"El voto joven: el derecho de elegir, la espera para ser elegido - \u00c9nfasis","headline":"El voto joven: el derecho de elegir, la espera para ser elegido","author":{"@id":"https:\/\/www.enfasis.mx\/?author=10#author"},"publisher":{"@id":"https:\/\/www.enfasis.mx\/#organization"},"image":{"@type":"ImageObject","url":"https:\/\/www.enfasis.mx\/wp-content\/uploads\/2026\/08\/El-voto-Joven.png","width":1536,"height":1024},"datePublished":"2026-08-03T08:44:42-07:00","dateModified":"2026-08-03T08:45:08-07:00","inLanguage":"en-US","mainEntityOfPage":{"@id":"https:\/\/www.enfasis.mx\/?p=157#webpage"},"isPartOf":{"@id":"https:\/\/www.enfasis.mx\/?p=157#webpage"},"articleSection":"Pol\u00edtica"},{"@type":"BreadcrumbList","@id":"https:\/\/www.enfasis.mx\/?p=157#breadcrumblist","itemListElement":[{"@type":"ListItem","@id":"https:\/\/www.enfasis.mx#listItem","position":1,"name":"Home","item":"https:\/\/www.enfasis.mx","nextItem":{"@type":"ListItem","@id":"https:\/\/www.enfasis.mx\/?cat=4#listItem","name":"Pol\u00edtica"}},{"@type":"ListItem","@id":"https:\/\/www.enfasis.mx\/?cat=4#listItem","position":2,"name":"Pol\u00edtica","item":"https:\/\/www.enfasis.mx\/?cat=4","nextItem":{"@type":"ListItem","@id":"https:\/\/www.enfasis.mx\/?p=157#listItem","name":"El voto joven: el derecho de elegir, la espera para ser elegido"},"previousItem":{"@type":"ListItem","@id":"https:\/\/www.enfasis.mx#listItem","name":"Home"}},{"@type":"ListItem","@id":"https:\/\/www.enfasis.mx\/?p=157#listItem","position":3,"name":"El voto joven: el derecho de elegir, la espera para ser elegido","previousItem":{"@type":"ListItem","@id":"https:\/\/www.enfasis.mx\/?cat=4#listItem","name":"Pol\u00edtica"}}]},{"@type":"Organization","@id":"https:\/\/www.enfasis.mx\/#organization","name":"\u00c9nfasis Ser Empresario","description":"El acento en la econom\u00eda y la pol\u00edtica Grupo Editorial Fundado en 1998, su marca insignia es REVISTA SER EMPRESARIO la revista empresarial mas importante del Estado","url":"https:\/\/www.enfasis.mx\/","logo":{"@type":"ImageObject","url":"http:\/\/www.enfasis.mx\/wp-content\/uploads\/2026\/07\/Enfasis-Logo-1.png","@id":"https:\/\/www.enfasis.mx\/?p=157\/#organizationLogo"},"image":{"@id":"https:\/\/www.enfasis.mx\/?p=157\/#organizationLogo"}},{"@type":"Person","@id":"https:\/\/www.enfasis.mx\/?author=10#author","url":"https:\/\/www.enfasis.mx\/?author=10","name":"Mario \u00c1lvarez Porras"},{"@type":"WebPage","@id":"https:\/\/www.enfasis.mx\/?p=157#webpage","url":"https:\/\/www.enfasis.mx\/?p=157","name":"El voto joven: el derecho de elegir, la espera para ser elegido - \u00c9nfasis","description":"Por Mario \u00c1lvarez Porras La democracia mexicana convive con una paradoja que pocas veces ocupa el centro del debate p\u00fablico. A los 18 a\u00f1os, el Estado mexicano reconoce que una persona posee la madurez suficiente para decidir qui\u00e9n gobernar\u00e1 su municipio, su estado y el pa\u00eds. Ese mismo ciudadano puede definir la integraci\u00f3n de un","inLanguage":"en-US","isPartOf":{"@id":"https:\/\/www.enfasis.mx\/#website"},"breadcrumb":{"@id":"https:\/\/www.enfasis.mx\/?p=157#breadcrumblist"},"author":{"@id":"https:\/\/www.enfasis.mx\/?author=10#author"},"creator":{"@id":"https:\/\/www.enfasis.mx\/?author=10#author"},"image":{"@type":"ImageObject","url":"https:\/\/www.enfasis.mx\/wp-content\/uploads\/2026\/08\/El-voto-Joven.png","@id":"https:\/\/www.enfasis.mx\/?p=157\/#mainImage","width":1536,"height":1024},"primaryImageOfPage":{"@id":"https:\/\/www.enfasis.mx\/?p=157#mainImage"},"datePublished":"2026-08-03T08:44:42-07:00","dateModified":"2026-08-03T08:45:08-07:00"},{"@type":"WebSite","@id":"https:\/\/www.enfasis.mx\/#website","url":"https:\/\/www.enfasis.mx\/","name":"\u00c9nfasis","description":"El acento en la econom\u00eda y la pol\u00edtica","inLanguage":"en-US","publisher":{"@id":"https:\/\/www.enfasis.mx\/#organization"}}]},"og:locale":"en_US","og:site_name":"\u00c9nfasis - El acento en la econom\u00eda y la pol\u00edtica","og:type":"article","og:title":"El voto joven: el derecho de elegir, la espera para ser elegido - \u00c9nfasis","og:description":"Por Mario \u00c1lvarez Porras La democracia mexicana convive con una paradoja que pocas veces ocupa el centro del debate p\u00fablico. A los 18 a\u00f1os, el Estado mexicano reconoce que una persona posee la madurez suficiente para decidir qui\u00e9n gobernar\u00e1 su municipio, su estado y el pa\u00eds. Ese mismo ciudadano puede definir la integraci\u00f3n de un","og:url":"https:\/\/www.enfasis.mx\/?p=157","og:image":"https:\/\/www.enfasis.mx\/wp-content\/uploads\/2026\/08\/El-voto-Joven.png","og:image:secure_url":"https:\/\/www.enfasis.mx\/wp-content\/uploads\/2026\/08\/El-voto-Joven.png","og:image:width":1536,"og:image:height":1024,"article:published_time":"2026-08-03T15:44:42+00:00","article:modified_time":"2026-08-03T15:45:08+00:00","twitter:card":"summary_large_image","twitter:title":"El voto joven: el derecho de elegir, la espera para ser elegido - \u00c9nfasis","twitter:description":"Por Mario \u00c1lvarez Porras La democracia mexicana convive con una paradoja que pocas veces ocupa el centro del debate p\u00fablico. A los 18 a\u00f1os, el Estado mexicano reconoce que una persona posee la madurez suficiente para decidir qui\u00e9n gobernar\u00e1 su municipio, su estado y el pa\u00eds. Ese mismo ciudadano puede definir la integraci\u00f3n de un","twitter:image":"http:\/\/www.enfasis.mx\/wp-content\/uploads\/2026\/07\/Enfasis-Logo-1.png"},"aioseo_meta_data":{"post_id":"157","title":"#post_title #separator_sa #site_title","description":"#post_excerpt","keywords":null,"keyphrases":{"focus":{"keyphrase":"","score":0,"analysis":{"keyphraseInTitle":{"score":0,"maxScore":9,"error":1}}},"additional":[]},"primary_term":null,"canonical_url":null,"og_title":null,"og_description":null,"og_object_type":"default","og_image_type":"default","og_image_custom_url":null,"og_image_custom_fields":null,"og_image_url":null,"og_image_width":null,"og_image_height":null,"og_video":"","og_custom_url":null,"og_article_section":null,"og_article_tags":null,"twitter_use_og":false,"twitter_card":"default","twitter_image_type":"default","twitter_image_custom_url":null,"twitter_image_custom_fields":null,"twitter_image_url":null,"twitter_title":null,"twitter_description":null,"schema_type":"default","schema_type_options":null,"schema":{"blockGraphs":[],"customGraphs":[],"default":{"data":{"Article":[],"Course":[],"Dataset":[],"FAQPage":[],"Movie":[],"Person":[],"Product":[],"ProductReview":[],"Car":[],"Recipe":[],"Service":[],"SoftwareApplication":[],"WebPage":[]},"graphName":"BlogPosting","isEnabled":true},"graphs":[]},"pillar_content":false,"robots_default":true,"robots_noindex":false,"robots_noarchive":false,"robots_nosnippet":false,"robots_nofollow":false,"robots_noimageindex":false,"robots_noodp":false,"robots_notranslate":false,"robots_max_snippet":"-1","robots_max_videopreview":"-1","robots_max_imagepreview":"large","priority":null,"frequency":"default","local_seo":null,"limit_modified_date":false,"ai":{"faqs":[],"keyPoints":[],"schemas":[],"titles":[],"descriptions":[],"socialPosts":{"email":{"subject":"","preview":"","content":""},"linkedin":[],"twitter":[],"facebook":[],"instagram":[]}},"breadcrumb_settings":null,"seo_analyzer_scan_date":null,"created":"2026-08-03 15:44:43","updated":"2026-08-03 23:06:04"},"aioseo_breadcrumb":"<div class=\"aioseo-breadcrumbs\"><span class=\"aioseo-breadcrumb\">\n\t\t\t<a href=\"https:\/\/www.enfasis.mx\" title=\"Home\">Home<\/a>\n\t\t<\/span><span class=\"aioseo-breadcrumb-separator\">&raquo;<\/span><span class=\"aioseo-breadcrumb\">\n\t\t\t<a href=\"https:\/\/www.enfasis.mx\/?cat=4\" title=\"Pol\u00edtica\">Pol\u00edtica<\/a>\n\t\t<\/span><span class=\"aioseo-breadcrumb-separator\">&raquo;<\/span><span class=\"aioseo-breadcrumb\">\n\t\t\tEl voto joven: el derecho de elegir, la espera para ser elegido\n\t\t<\/span><\/div>","aioseo_breadcrumb_json":[{"label":"Home","link":"https:\/\/www.enfasis.mx"},{"label":"Pol\u00edtica","link":"https:\/\/www.enfasis.mx\/?cat=4"},{"label":"El voto joven: el derecho de elegir, la espera para ser elegido","link":"https:\/\/www.enfasis.mx\/?p=157"}],"wpmagazine_modules_lite_featured_media_urls":{"thumbnail":["https:\/\/www.enfasis.mx\/wp-content\/uploads\/2026\/08\/El-voto-Joven-150x150.png",150,150,true],"cvmm-medium":["https:\/\/www.enfasis.mx\/wp-content\/uploads\/2026\/08\/El-voto-Joven-300x300.png",300,300,true],"cvmm-medium-plus":["https:\/\/www.enfasis.mx\/wp-content\/uploads\/2026\/08\/El-voto-Joven-305x207.png",305,207,true],"cvmm-portrait":["https:\/\/www.enfasis.mx\/wp-content\/uploads\/2026\/08\/El-voto-Joven-400x600.png",400,600,true],"cvmm-medium-square":["https:\/\/www.enfasis.mx\/wp-content\/uploads\/2026\/08\/El-voto-Joven-600x600.png",600,600,true],"cvmm-large":["https:\/\/www.enfasis.mx\/wp-content\/uploads\/2026\/08\/El-voto-Joven-1024x1024.png",1024,1024,true],"cvmm-small":["https:\/\/www.enfasis.mx\/wp-content\/uploads\/2026\/08\/El-voto-Joven-130x95.png",130,95,true],"full":["https:\/\/www.enfasis.mx\/wp-content\/uploads\/2026\/08\/El-voto-Joven.png",1536,1024,false]},"categories_names":{"4":{"name":"Pol\u00edtica","link":"https:\/\/www.enfasis.mx\/?cat=4"}},"tags_names":[],"comments_number":"0","jetpack_sharing_enabled":true,"jetpack_featured_media_url":"https:\/\/www.enfasis.mx\/wp-content\/uploads\/2026\/08\/El-voto-Joven.png","_links":{"self":[{"href":"https:\/\/www.enfasis.mx\/index.php?rest_route=\/wp\/v2\/posts\/157","targetHints":{"allow":["GET"]}}],"collection":[{"href":"https:\/\/www.enfasis.mx\/index.php?rest_route=\/wp\/v2\/posts"}],"about":[{"href":"https:\/\/www.enfasis.mx\/index.php?rest_route=\/wp\/v2\/types\/post"}],"author":[{"embeddable":true,"href":"https:\/\/www.enfasis.mx\/index.php?rest_route=\/wp\/v2\/users\/10"}],"replies":[{"embeddable":true,"href":"https:\/\/www.enfasis.mx\/index.php?rest_route=%2Fwp%2Fv2%2Fcomments&post=157"}],"version-history":[{"count":1,"href":"https:\/\/www.enfasis.mx\/index.php?rest_route=\/wp\/v2\/posts\/157\/revisions"}],"predecessor-version":[{"id":159,"href":"https:\/\/www.enfasis.mx\/index.php?rest_route=\/wp\/v2\/posts\/157\/revisions\/159"}],"wp:featuredmedia":[{"embeddable":true,"href":"https:\/\/www.enfasis.mx\/index.php?rest_route=\/wp\/v2\/media\/158"}],"wp:attachment":[{"href":"https:\/\/www.enfasis.mx\/index.php?rest_route=%2Fwp%2Fv2%2Fmedia&parent=157"}],"wp:term":[{"taxonomy":"category","embeddable":true,"href":"https:\/\/www.enfasis.mx\/index.php?rest_route=%2Fwp%2Fv2%2Fcategories&post=157"},{"taxonomy":"post_tag","embeddable":true,"href":"https:\/\/www.enfasis.mx\/index.php?rest_route=%2Fwp%2Fv2%2Ftags&post=157"}],"curies":[{"name":"wp","href":"https:\/\/api.w.org\/{rel}","templated":true}]}}