{"id":165,"date":"2026-08-06T08:52:00","date_gmt":"2026-08-06T15:52:00","guid":{"rendered":"https:\/\/www.enfasis.mx\/?p=165"},"modified":"2026-08-06T08:52:03","modified_gmt":"2026-08-06T15:52:03","slug":"por-que-el-pri-pudo-gobernar-mexico-por-mas-de-70-anos-hoy-morena-pretende-hacerlo-de-la-misma-manera","status":"publish","type":"post","link":"https:\/\/www.enfasis.mx\/?p=165","title":{"rendered":"\u00bfPor qu\u00e9 el PRI pudo gobernar M\u00e9xico por mas de 70 a\u00f1os?\u00a0Hoy MORENA pretende hacerlo de la misma manera."},"content":{"rendered":"\n<p class=\"wp-block-paragraph\">Por Jos\u00e9 Mart\u00edn Rodriguez<\/p>\n\n\n\n<p class=\"wp-block-paragraph\">La respuesta para la mayor\u00eda de la poblaci\u00f3n es por corrupci\u00f3n y porque hicieron fraudes!, s\u00ed hubo fraudes, pero la respuesta requiere ampliarse para tener una perspectiva completa.<\/p>\n\n\n\n<p class=\"wp-block-paragraph\">El PRI nace a mediados de la d\u00e9cada de los 1920&#8217;s, despu\u00e9s de la Revoluci\u00f3n a la que oficialmente le asignaron la fecha de t\u00e9rmino en el a\u00f1o 1921, pero que sigui\u00f3 con un poco de desorden unos a\u00f1os mas, los asesinatos pol\u00edticos estaban a la orden del d\u00eda, recordemos que al Gral. Francisco Villa, lo asesinaron en Hidalgo del Parral en 1923 durante el gobierno de \u00c1lvaro Obreg\u00f3n.&nbsp;<\/p>\n\n\n\n<p class=\"wp-block-paragraph\">Plutarco Elias Calles crea el PNR en 1926, con la promesa de lograr la estabilidad del pa\u00eds, pero Calles no solo cre\u00f3 un partido, creo un sistema, en el que participaban los sindicatos, las organizaciones campesinas y los medios de comunicaci\u00f3n.&nbsp;<\/p>\n\n\n\n<p class=\"wp-block-paragraph\">Calles sab\u00eda que era importante controlar a los sindicatos y a las organizaciones campesinas y populares, con lo que el sistema creado por Calles empezaba a afianzarse en la estructura del poder en Mexico.&nbsp;<\/p>\n\n\n\n<p class=\"wp-block-paragraph\">En el sistema, el Presidente de la Rep\u00fablica, controlaba el partido, los candidatos a todos los puestos de elecci\u00f3n popular, incluso designaba a su sucesor.<\/p>\n\n\n\n<p class=\"wp-block-paragraph\">El presidente designaba gobernadores, los gobernadores a los presidentes municipales, quienes eran votados en las urnas. con apoyo de los sindicatos, las organizaciones campesinas y populares; cuyos l\u00edderes al tener los resultados solicitados recib\u00edan diputaciones federales, locales o senadur\u00edas.<\/p>\n\n\n\n<p class=\"wp-block-paragraph\">El sistema funcion\u00f3 por muchos a\u00f1os pero como todos los sistemas se desgastan, con el paso del tiempo los actores pol\u00edticos que se sent\u00edan con derecho a ocupar la presidencia tuvieron que dejar el lugar a sus hijos, recordemos el caso de Ra\u00fal Salinas Lozano, Secretario de Industria y comercio en el gobierno de Adolfo L\u00f3pez Mateos, siendo uno de los art\u00edfices del llamado milagro econ\u00f3mico mexicano y que dejo el turno para dar paso a uno de sus hijos para que tuviera oportunidad de ser presidente.<\/p>\n\n\n\n<p class=\"wp-block-paragraph\">Las posibles posiciones eran las mismas, pero cada vez m\u00e1s personas quer\u00edan ocuparlas y al ver que no iba a ser f\u00e1cil, buscaron crear otro partido para acceder a estas posiciones,&nbsp;&nbsp;Andr\u00e9s Manuel L\u00f3pez Obrador, Porfirio Mu\u00f1oz Ledo y Cuauht\u00e9moc C\u00e1rdenas ( este ultimo hijo de un expresidente quien reclamaba su turno y no lo postularon) entre otros, se aliaron con los peque\u00f1os partidos de izquierda y&nbsp;&nbsp;formaron el PRD.<\/p>\n\n\n\n<p class=\"wp-block-paragraph\">Esto de alguna manera mostraba el desgaste del sistema creado por Calles, donde por primera vez en d\u00e9cadas, p\u00fablicamente se faltaba a la disciplina del partido.<\/p>\n\n\n\n<p class=\"wp-block-paragraph\">Los medios de comunicaci\u00f3n participaban apuntalando el sistema, los peri\u00f3dicos depend\u00edan del monopolio papelero del estado, la televisi\u00f3n comunicaba la narrativa que se generaba dentro de las instituciones gubernamentales.<\/p>\n\n\n\n<p class=\"wp-block-paragraph\">Esta narrativa era creada desde la presidencia, operada por la secretaria de gobernaci\u00f3n a trav\u00e9s de sus subsecretar\u00edas, la federal de seguridad, el registro nacional de electores y la sumisi\u00f3n impl\u00edcita de las c\u00e1maras del congreso y la suprema corte de justicia.<\/p>\n\n\n\n<p class=\"wp-block-paragraph\">Hoy en d\u00eda MORENA, est\u00e1 intentando hacer lo mismo, la reforma al poder judicial que permiti\u00f3 que los magistrados sean afines al ejecutivo, la propuesta de lo que los periodistas y comunicadores llamamos ley censura, desechando a los Institutos aut\u00f3nomos, incluyendo al INE.<\/p>\n\n\n\n<p class=\"wp-block-paragraph\">Morena hoy tiene en sus filas a muchos expri\u00edstas que saben como funcionaba el sistema y que est\u00e1n haciendo lo posible para que morena se quede en el poder. controlando las instituciones, los estados y municipios y sobre todos controlando a los votantes, pues con d\u00e1divas a las que llaman pensiones y becas. Los morenistas se llenan la boca al decir que las otorgan, pero no dicen que las pagamos los contribuyentes; creando as\u00ed un sistema similar al del PRI del siglo pasado.<\/p>\n","protected":false},"excerpt":{"rendered":"<p>Por Jos\u00e9 Mart\u00edn Rodriguez La respuesta para la mayor\u00eda de la poblaci\u00f3n es por corrupci\u00f3n y porque hicieron fraudes!, s\u00ed hubo fraudes, pero la respuesta requiere ampliarse para tener una perspectiva completa. El PRI nace a mediados de la d\u00e9cada de los 1920&#8217;s, despu\u00e9s de la Revoluci\u00f3n a la que oficialmente le asignaron la fecha [&hellip;]<\/p>\n","protected":false},"author":9,"featured_media":166,"comment_status":"closed","ping_status":"open","sticky":false,"template":"","format":"standard","meta":{"_jetpack_newsletter_access":"","_jetpack_dont_email_post_to_subs":false,"_jetpack_newsletter_tier_id":0,"_jetpack_memberships_contains_paywalled_content":false,"_jetpack_feature_clip_id":0,"_jetpack_memberships_contains_paid_content":false,"footnotes":"","jetpack_post_was_ever_published":false},"categories":[4],"tags":[],"class_list":["post-165","post","type-post","status-publish","format-standard","has-post-thumbnail","hentry","category-analisis-politico"],"aioseo_notices":[],"aioseo_head":"\n\t\t<!-- All in One SEO 4.9.10 - aioseo.com -->\n\t<meta name=\"description\" content=\"Por Jos\u00e9 Mart\u00edn Rodriguez La respuesta para la mayor\u00eda de la poblaci\u00f3n es por corrupci\u00f3n y porque hicieron fraudes!, s\u00ed hubo fraudes, pero la respuesta requiere ampliarse para tener una perspectiva completa. El PRI nace a mediados de la d\u00e9cada de los 1920&#039;s, despu\u00e9s de la Revoluci\u00f3n a la que oficialmente le asignaron la fecha\" \/>\n\t<meta name=\"robots\" content=\"max-image-preview:large\" \/>\n\t<meta name=\"author\" content=\"Jose Martin Rodriguez\"\/>\n\t<meta name=\"google-site-verification\" content=\"jlwkLGgnMBpX8ktutl9e1D8Kvl7Rh7xmXQIHtOLk65U\" \/>\n\t<link rel=\"canonical\" href=\"https:\/\/www.enfasis.mx\/?p=165\" \/>\n\t<meta name=\"generator\" content=\"All in One SEO (AIOSEO) 4.9.10\" \/>\n\t\t<meta property=\"og:locale\" content=\"en_US\" \/>\n\t\t<meta property=\"og:site_name\" content=\"\u00c9nfasis - El acento en la econom\u00eda y la pol\u00edtica\" \/>\n\t\t<meta property=\"og:type\" content=\"article\" \/>\n\t\t<meta property=\"og:title\" content=\"\u00bfPor qu\u00e9 el PRI pudo gobernar M\u00e9xico por mas de 70 a\u00f1os? Hoy MORENA pretende hacerlo de la misma manera. - \u00c9nfasis\" \/>\n\t\t<meta property=\"og:description\" content=\"Por Jos\u00e9 Mart\u00edn Rodriguez La respuesta para la mayor\u00eda de la poblaci\u00f3n es por corrupci\u00f3n y porque hicieron fraudes!, s\u00ed hubo fraudes, pero la respuesta requiere ampliarse para tener una perspectiva completa. El PRI nace a mediados de la d\u00e9cada de los 1920&#039;s, despu\u00e9s de la Revoluci\u00f3n a la que oficialmente le asignaron la fecha\" \/>\n\t\t<meta property=\"og:url\" content=\"https:\/\/www.enfasis.mx\/?p=165\" \/>\n\t\t<meta property=\"og:image\" content=\"https:\/\/www.enfasis.mx\/wp-content\/uploads\/2026\/08\/Por-que-el-pri.png\" \/>\n\t\t<meta property=\"og:image:secure_url\" content=\"https:\/\/www.enfasis.mx\/wp-content\/uploads\/2026\/08\/Por-que-el-pri.png\" \/>\n\t\t<meta property=\"og:image:width\" content=\"1536\" \/>\n\t\t<meta property=\"og:image:height\" content=\"1024\" \/>\n\t\t<meta property=\"article:published_time\" content=\"2026-08-06T15:52:00+00:00\" \/>\n\t\t<meta property=\"article:modified_time\" content=\"2026-08-06T15:52:03+00:00\" \/>\n\t\t<meta name=\"twitter:card\" content=\"summary_large_image\" \/>\n\t\t<meta name=\"twitter:title\" content=\"\u00bfPor qu\u00e9 el PRI pudo gobernar M\u00e9xico por mas de 70 a\u00f1os? Hoy MORENA pretende hacerlo de la misma manera. - \u00c9nfasis\" \/>\n\t\t<meta name=\"twitter:description\" content=\"Por Jos\u00e9 Mart\u00edn Rodriguez La respuesta para la mayor\u00eda de la poblaci\u00f3n es por corrupci\u00f3n y porque hicieron fraudes!, s\u00ed hubo fraudes, pero la respuesta requiere ampliarse para tener una perspectiva completa. El PRI nace a mediados de la d\u00e9cada de los 1920&#039;s, despu\u00e9s de la Revoluci\u00f3n a la que oficialmente le asignaron la fecha\" \/>\n\t\t<meta name=\"twitter:image\" content=\"https:\/\/www.enfasis.mx\/wp-content\/uploads\/2026\/08\/Por-que-el-pri.png\" \/>\n\t\t<script type=\"application\/ld+json\" class=\"aioseo-schema\">\n\t\t\t{\"@context\":\"https:\\\/\\\/schema.org\",\"@graph\":[{\"@type\":\"BlogPosting\",\"@id\":\"https:\\\/\\\/www.enfasis.mx\\\/?p=165#blogposting\",\"name\":\"\\u00bfPor qu\\u00e9 el PRI pudo gobernar M\\u00e9xico por mas de 70 a\\u00f1os? Hoy MORENA pretende hacerlo de la misma manera. - \\u00c9nfasis\",\"headline\":\"\\u00bfPor qu\\u00e9 el PRI pudo gobernar M\\u00e9xico por mas de 70 a\\u00f1os?\\u00a0Hoy MORENA pretende hacerlo de la misma manera.\",\"author\":{\"@id\":\"https:\\\/\\\/www.enfasis.mx\\\/?author=9#author\"},\"publisher\":{\"@id\":\"https:\\\/\\\/www.enfasis.mx\\\/#organization\"},\"image\":{\"@type\":\"ImageObject\",\"url\":\"https:\\\/\\\/www.enfasis.mx\\\/wp-content\\\/uploads\\\/2026\\\/08\\\/Por-que-el-pri.png\",\"width\":1536,\"height\":1024},\"datePublished\":\"2026-08-06T08:52:00-07:00\",\"dateModified\":\"2026-08-06T08:52:03-07:00\",\"inLanguage\":\"en-US\",\"mainEntityOfPage\":{\"@id\":\"https:\\\/\\\/www.enfasis.mx\\\/?p=165#webpage\"},\"isPartOf\":{\"@id\":\"https:\\\/\\\/www.enfasis.mx\\\/?p=165#webpage\"},\"articleSection\":\"Pol\\u00edtica\"},{\"@type\":\"BreadcrumbList\",\"@id\":\"https:\\\/\\\/www.enfasis.mx\\\/?p=165#breadcrumblist\",\"itemListElement\":[{\"@type\":\"ListItem\",\"@id\":\"https:\\\/\\\/www.enfasis.mx#listItem\",\"position\":1,\"name\":\"Home\",\"item\":\"https:\\\/\\\/www.enfasis.mx\",\"nextItem\":{\"@type\":\"ListItem\",\"@id\":\"https:\\\/\\\/www.enfasis.mx\\\/?cat=4#listItem\",\"name\":\"Pol\\u00edtica\"}},{\"@type\":\"ListItem\",\"@id\":\"https:\\\/\\\/www.enfasis.mx\\\/?cat=4#listItem\",\"position\":2,\"name\":\"Pol\\u00edtica\",\"item\":\"https:\\\/\\\/www.enfasis.mx\\\/?cat=4\",\"nextItem\":{\"@type\":\"ListItem\",\"@id\":\"https:\\\/\\\/www.enfasis.mx\\\/?p=165#listItem\",\"name\":\"\\u00bfPor qu\\u00e9 el PRI pudo gobernar M\\u00e9xico por mas de 70 a\\u00f1os?\\u00a0Hoy MORENA pretende hacerlo de la misma manera.\"},\"previousItem\":{\"@type\":\"ListItem\",\"@id\":\"https:\\\/\\\/www.enfasis.mx#listItem\",\"name\":\"Home\"}},{\"@type\":\"ListItem\",\"@id\":\"https:\\\/\\\/www.enfasis.mx\\\/?p=165#listItem\",\"position\":3,\"name\":\"\\u00bfPor qu\\u00e9 el PRI pudo gobernar M\\u00e9xico por mas de 70 a\\u00f1os?\\u00a0Hoy MORENA pretende hacerlo de la misma manera.\",\"previousItem\":{\"@type\":\"ListItem\",\"@id\":\"https:\\\/\\\/www.enfasis.mx\\\/?cat=4#listItem\",\"name\":\"Pol\\u00edtica\"}}]},{\"@type\":\"Organization\",\"@id\":\"https:\\\/\\\/www.enfasis.mx\\\/#organization\",\"name\":\"\\u00c9nfasis Ser Empresario\",\"description\":\"El acento en la econom\\u00eda y la pol\\u00edtica Grupo Editorial Fundado en 1998, su marca insignia es REVISTA SER EMPRESARIO la revista empresarial mas importante del Estado\",\"url\":\"https:\\\/\\\/www.enfasis.mx\\\/\",\"logo\":{\"@type\":\"ImageObject\",\"url\":\"http:\\\/\\\/www.enfasis.mx\\\/wp-content\\\/uploads\\\/2026\\\/07\\\/Enfasis-Logo-1.png\",\"@id\":\"https:\\\/\\\/www.enfasis.mx\\\/?p=165\\\/#organizationLogo\"},\"image\":{\"@id\":\"https:\\\/\\\/www.enfasis.mx\\\/?p=165\\\/#organizationLogo\"}},{\"@type\":\"Person\",\"@id\":\"https:\\\/\\\/www.enfasis.mx\\\/?author=9#author\",\"url\":\"https:\\\/\\\/www.enfasis.mx\\\/?author=9\",\"name\":\"Jose Martin Rodriguez\"},{\"@type\":\"WebPage\",\"@id\":\"https:\\\/\\\/www.enfasis.mx\\\/?p=165#webpage\",\"url\":\"https:\\\/\\\/www.enfasis.mx\\\/?p=165\",\"name\":\"\\u00bfPor qu\\u00e9 el PRI pudo gobernar M\\u00e9xico por mas de 70 a\\u00f1os? Hoy MORENA pretende hacerlo de la misma manera. - \\u00c9nfasis\",\"description\":\"Por Jos\\u00e9 Mart\\u00edn Rodriguez La respuesta para la mayor\\u00eda de la poblaci\\u00f3n es por corrupci\\u00f3n y porque hicieron fraudes!, s\\u00ed hubo fraudes, pero la respuesta requiere ampliarse para tener una perspectiva completa. El PRI nace a mediados de la d\\u00e9cada de los 1920's, despu\\u00e9s de la Revoluci\\u00f3n a la que oficialmente le asignaron la fecha\",\"inLanguage\":\"en-US\",\"isPartOf\":{\"@id\":\"https:\\\/\\\/www.enfasis.mx\\\/#website\"},\"breadcrumb\":{\"@id\":\"https:\\\/\\\/www.enfasis.mx\\\/?p=165#breadcrumblist\"},\"author\":{\"@id\":\"https:\\\/\\\/www.enfasis.mx\\\/?author=9#author\"},\"creator\":{\"@id\":\"https:\\\/\\\/www.enfasis.mx\\\/?author=9#author\"},\"image\":{\"@type\":\"ImageObject\",\"url\":\"https:\\\/\\\/www.enfasis.mx\\\/wp-content\\\/uploads\\\/2026\\\/08\\\/Por-que-el-pri.png\",\"@id\":\"https:\\\/\\\/www.enfasis.mx\\\/?p=165\\\/#mainImage\",\"width\":1536,\"height\":1024},\"primaryImageOfPage\":{\"@id\":\"https:\\\/\\\/www.enfasis.mx\\\/?p=165#mainImage\"},\"datePublished\":\"2026-08-06T08:52:00-07:00\",\"dateModified\":\"2026-08-06T08:52:03-07:00\"},{\"@type\":\"WebSite\",\"@id\":\"https:\\\/\\\/www.enfasis.mx\\\/#website\",\"url\":\"https:\\\/\\\/www.enfasis.mx\\\/\",\"name\":\"\\u00c9nfasis\",\"description\":\"El acento en la econom\\u00eda y la pol\\u00edtica\",\"inLanguage\":\"en-US\",\"publisher\":{\"@id\":\"https:\\\/\\\/www.enfasis.mx\\\/#organization\"}}]}\n\t\t<\/script>\n\t\t<!-- All in One SEO -->\n\n","aioseo_head_json":{"title":"\u00bfPor qu\u00e9 el PRI pudo gobernar M\u00e9xico por mas de 70 a\u00f1os? Hoy MORENA pretende hacerlo de la misma manera. - \u00c9nfasis","description":"Por Jos\u00e9 Mart\u00edn Rodriguez La respuesta para la mayor\u00eda de la poblaci\u00f3n es por corrupci\u00f3n y porque hicieron fraudes!, s\u00ed hubo fraudes, pero la respuesta requiere ampliarse para tener una perspectiva completa. El PRI nace a mediados de la d\u00e9cada de los 1920's, despu\u00e9s de la Revoluci\u00f3n a la que oficialmente le asignaron la fecha","canonical_url":"https:\/\/www.enfasis.mx\/?p=165","robots":"max-image-preview:large","keywords":"","webmasterTools":{"google-site-verification":"jlwkLGgnMBpX8ktutl9e1D8Kvl7Rh7xmXQIHtOLk65U","miscellaneous":""},"schema":{"@context":"https:\/\/schema.org","@graph":[{"@type":"BlogPosting","@id":"https:\/\/www.enfasis.mx\/?p=165#blogposting","name":"\u00bfPor qu\u00e9 el PRI pudo gobernar M\u00e9xico por mas de 70 a\u00f1os? Hoy MORENA pretende hacerlo de la misma manera. - \u00c9nfasis","headline":"\u00bfPor qu\u00e9 el PRI pudo gobernar M\u00e9xico por mas de 70 a\u00f1os?\u00a0Hoy MORENA pretende hacerlo de la misma manera.","author":{"@id":"https:\/\/www.enfasis.mx\/?author=9#author"},"publisher":{"@id":"https:\/\/www.enfasis.mx\/#organization"},"image":{"@type":"ImageObject","url":"https:\/\/www.enfasis.mx\/wp-content\/uploads\/2026\/08\/Por-que-el-pri.png","width":1536,"height":1024},"datePublished":"2026-08-06T08:52:00-07:00","dateModified":"2026-08-06T08:52:03-07:00","inLanguage":"en-US","mainEntityOfPage":{"@id":"https:\/\/www.enfasis.mx\/?p=165#webpage"},"isPartOf":{"@id":"https:\/\/www.enfasis.mx\/?p=165#webpage"},"articleSection":"Pol\u00edtica"},{"@type":"BreadcrumbList","@id":"https:\/\/www.enfasis.mx\/?p=165#breadcrumblist","itemListElement":[{"@type":"ListItem","@id":"https:\/\/www.enfasis.mx#listItem","position":1,"name":"Home","item":"https:\/\/www.enfasis.mx","nextItem":{"@type":"ListItem","@id":"https:\/\/www.enfasis.mx\/?cat=4#listItem","name":"Pol\u00edtica"}},{"@type":"ListItem","@id":"https:\/\/www.enfasis.mx\/?cat=4#listItem","position":2,"name":"Pol\u00edtica","item":"https:\/\/www.enfasis.mx\/?cat=4","nextItem":{"@type":"ListItem","@id":"https:\/\/www.enfasis.mx\/?p=165#listItem","name":"\u00bfPor qu\u00e9 el PRI pudo gobernar M\u00e9xico por mas de 70 a\u00f1os?\u00a0Hoy MORENA pretende hacerlo de la misma manera."},"previousItem":{"@type":"ListItem","@id":"https:\/\/www.enfasis.mx#listItem","name":"Home"}},{"@type":"ListItem","@id":"https:\/\/www.enfasis.mx\/?p=165#listItem","position":3,"name":"\u00bfPor qu\u00e9 el PRI pudo gobernar M\u00e9xico por mas de 70 a\u00f1os?\u00a0Hoy MORENA pretende hacerlo de la misma manera.","previousItem":{"@type":"ListItem","@id":"https:\/\/www.enfasis.mx\/?cat=4#listItem","name":"Pol\u00edtica"}}]},{"@type":"Organization","@id":"https:\/\/www.enfasis.mx\/#organization","name":"\u00c9nfasis Ser Empresario","description":"El acento en la econom\u00eda y la pol\u00edtica Grupo Editorial Fundado en 1998, su marca insignia es REVISTA SER EMPRESARIO la revista empresarial mas importante del Estado","url":"https:\/\/www.enfasis.mx\/","logo":{"@type":"ImageObject","url":"http:\/\/www.enfasis.mx\/wp-content\/uploads\/2026\/07\/Enfasis-Logo-1.png","@id":"https:\/\/www.enfasis.mx\/?p=165\/#organizationLogo"},"image":{"@id":"https:\/\/www.enfasis.mx\/?p=165\/#organizationLogo"}},{"@type":"Person","@id":"https:\/\/www.enfasis.mx\/?author=9#author","url":"https:\/\/www.enfasis.mx\/?author=9","name":"Jose Martin Rodriguez"},{"@type":"WebPage","@id":"https:\/\/www.enfasis.mx\/?p=165#webpage","url":"https:\/\/www.enfasis.mx\/?p=165","name":"\u00bfPor qu\u00e9 el PRI pudo gobernar M\u00e9xico por mas de 70 a\u00f1os? Hoy MORENA pretende hacerlo de la misma manera. - \u00c9nfasis","description":"Por Jos\u00e9 Mart\u00edn Rodriguez La respuesta para la mayor\u00eda de la poblaci\u00f3n es por corrupci\u00f3n y porque hicieron fraudes!, s\u00ed hubo fraudes, pero la respuesta requiere ampliarse para tener una perspectiva completa. El PRI nace a mediados de la d\u00e9cada de los 1920's, despu\u00e9s de la Revoluci\u00f3n a la que oficialmente le asignaron la fecha","inLanguage":"en-US","isPartOf":{"@id":"https:\/\/www.enfasis.mx\/#website"},"breadcrumb":{"@id":"https:\/\/www.enfasis.mx\/?p=165#breadcrumblist"},"author":{"@id":"https:\/\/www.enfasis.mx\/?author=9#author"},"creator":{"@id":"https:\/\/www.enfasis.mx\/?author=9#author"},"image":{"@type":"ImageObject","url":"https:\/\/www.enfasis.mx\/wp-content\/uploads\/2026\/08\/Por-que-el-pri.png","@id":"https:\/\/www.enfasis.mx\/?p=165\/#mainImage","width":1536,"height":1024},"primaryImageOfPage":{"@id":"https:\/\/www.enfasis.mx\/?p=165#mainImage"},"datePublished":"2026-08-06T08:52:00-07:00","dateModified":"2026-08-06T08:52:03-07:00"},{"@type":"WebSite","@id":"https:\/\/www.enfasis.mx\/#website","url":"https:\/\/www.enfasis.mx\/","name":"\u00c9nfasis","description":"El acento en la econom\u00eda y la pol\u00edtica","inLanguage":"en-US","publisher":{"@id":"https:\/\/www.enfasis.mx\/#organization"}}]},"og:locale":"en_US","og:site_name":"\u00c9nfasis - El acento en la econom\u00eda y la pol\u00edtica","og:type":"article","og:title":"\u00bfPor qu\u00e9 el PRI pudo gobernar M\u00e9xico por mas de 70 a\u00f1os? Hoy MORENA pretende hacerlo de la misma manera. - \u00c9nfasis","og:description":"Por Jos\u00e9 Mart\u00edn Rodriguez La respuesta para la mayor\u00eda de la poblaci\u00f3n es por corrupci\u00f3n y porque hicieron fraudes!, s\u00ed hubo fraudes, pero la respuesta requiere ampliarse para tener una perspectiva completa. El PRI nace a mediados de la d\u00e9cada de los 1920's, despu\u00e9s de la Revoluci\u00f3n a la que oficialmente le asignaron la fecha","og:url":"https:\/\/www.enfasis.mx\/?p=165","og:image":"https:\/\/www.enfasis.mx\/wp-content\/uploads\/2026\/08\/Por-que-el-pri.png","og:image:secure_url":"https:\/\/www.enfasis.mx\/wp-content\/uploads\/2026\/08\/Por-que-el-pri.png","og:image:width":1536,"og:image:height":1024,"article:published_time":"2026-08-06T15:52:00+00:00","article:modified_time":"2026-08-06T15:52:03+00:00","twitter:card":"summary_large_image","twitter:title":"\u00bfPor qu\u00e9 el PRI pudo gobernar M\u00e9xico por mas de 70 a\u00f1os? Hoy MORENA pretende hacerlo de la misma manera. - \u00c9nfasis","twitter:description":"Por Jos\u00e9 Mart\u00edn Rodriguez La respuesta para la mayor\u00eda de la poblaci\u00f3n es por corrupci\u00f3n y porque hicieron fraudes!, s\u00ed hubo fraudes, pero la respuesta requiere ampliarse para tener una perspectiva completa. El PRI nace a mediados de la d\u00e9cada de los 1920's, despu\u00e9s de la Revoluci\u00f3n a la que oficialmente le asignaron la fecha","twitter:image":"https:\/\/www.enfasis.mx\/wp-content\/uploads\/2026\/08\/Por-que-el-pri.png"},"aioseo_meta_data":{"post_id":"165","title":null,"description":null,"keywords":null,"keyphrases":{"focus":{"keyphrase":"","score":0,"analysis":{"keyphraseInTitle":{"score":0,"maxScore":9,"error":1}}},"additional":[]},"primary_term":null,"canonical_url":null,"og_title":null,"og_description":null,"og_object_type":"default","og_image_type":"default","og_image_custom_url":null,"og_image_custom_fields":null,"og_image_url":null,"og_image_width":null,"og_image_height":null,"og_video":"","og_custom_url":null,"og_article_section":null,"og_article_tags":null,"twitter_use_og":true,"twitter_card":"default","twitter_image_type":"default","twitter_image_custom_url":null,"twitter_image_custom_fields":null,"twitter_image_url":null,"twitter_title":null,"twitter_description":null,"schema_type":"default","schema_type_options":null,"schema":{"blockGraphs":[],"customGraphs":[],"default":{"data":{"Article":[],"Course":[],"Dataset":[],"FAQPage":[],"Movie":[],"Person":[],"Product":[],"ProductReview":[],"Car":[],"Recipe":[],"Service":[],"SoftwareApplication":[],"WebPage":[]},"graphName":"BlogPosting","isEnabled":true},"graphs":[]},"pillar_content":false,"robots_default":true,"robots_noindex":false,"robots_noarchive":false,"robots_nosnippet":false,"robots_nofollow":false,"robots_noimageindex":false,"robots_noodp":false,"robots_notranslate":false,"robots_max_snippet":"-1","robots_max_videopreview":"-1","robots_max_imagepreview":"large","priority":null,"frequency":"default","local_seo":null,"limit_modified_date":false,"ai":{"faqs":[],"keyPoints":[],"schemas":[],"titles":[],"descriptions":[],"socialPosts":{"email":{"subject":"","preview":"","content":""},"linkedin":[],"twitter":[],"facebook":[],"instagram":[]}},"breadcrumb_settings":null,"seo_analyzer_scan_date":null,"created":"2026-08-06 15:52:03","updated":"2026-08-06 16:37:49"},"aioseo_breadcrumb":"<div class=\"aioseo-breadcrumbs\"><span class=\"aioseo-breadcrumb\">\n\t\t\t<a href=\"https:\/\/www.enfasis.mx\" title=\"Home\">Home<\/a>\n\t\t<\/span><span class=\"aioseo-breadcrumb-separator\">&raquo;<\/span><span class=\"aioseo-breadcrumb\">\n\t\t\t<a href=\"https:\/\/www.enfasis.mx\/?cat=4\" title=\"Pol\u00edtica\">Pol\u00edtica<\/a>\n\t\t<\/span><span class=\"aioseo-breadcrumb-separator\">&raquo;<\/span><span class=\"aioseo-breadcrumb\">\n\t\t\t\u00bfPor qu\u00e9 el PRI pudo gobernar M\u00e9xico por mas de 70 a\u00f1os? Hoy MORENA pretende hacerlo de la misma manera.\n\t\t<\/span><\/div>","aioseo_breadcrumb_json":[{"label":"Home","link":"https:\/\/www.enfasis.mx"},{"label":"Pol\u00edtica","link":"https:\/\/www.enfasis.mx\/?cat=4"},{"label":"\u00bfPor qu\u00e9 el PRI pudo gobernar M\u00e9xico por mas de 70 a\u00f1os?\u00a0Hoy MORENA pretende hacerlo de la misma manera.","link":"https:\/\/www.enfasis.mx\/?p=165"}],"wpmagazine_modules_lite_featured_media_urls":{"thumbnail":["https:\/\/www.enfasis.mx\/wp-content\/uploads\/2026\/08\/Por-que-el-pri-150x150.png",150,150,true],"cvmm-medium":["https:\/\/www.enfasis.mx\/wp-content\/uploads\/2026\/08\/Por-que-el-pri-300x300.png",300,300,true],"cvmm-medium-plus":["https:\/\/www.enfasis.mx\/wp-content\/uploads\/2026\/08\/Por-que-el-pri-305x207.png",305,207,true],"cvmm-portrait":["https:\/\/www.enfasis.mx\/wp-content\/uploads\/2026\/08\/Por-que-el-pri-400x600.png",400,600,true],"cvmm-medium-square":["https:\/\/www.enfasis.mx\/wp-content\/uploads\/2026\/08\/Por-que-el-pri-600x600.png",600,600,true],"cvmm-large":["https:\/\/www.enfasis.mx\/wp-content\/uploads\/2026\/08\/Por-que-el-pri-1024x1024.png",1024,1024,true],"cvmm-small":["https:\/\/www.enfasis.mx\/wp-content\/uploads\/2026\/08\/Por-que-el-pri-130x95.png",130,95,true],"full":["https:\/\/www.enfasis.mx\/wp-content\/uploads\/2026\/08\/Por-que-el-pri.png",1536,1024,false]},"categories_names":{"4":{"name":"Pol\u00edtica","link":"https:\/\/www.enfasis.mx\/?cat=4"}},"tags_names":[],"comments_number":"0","jetpack_sharing_enabled":true,"jetpack_featured_media_url":"https:\/\/www.enfasis.mx\/wp-content\/uploads\/2026\/08\/Por-que-el-pri.png","_links":{"self":[{"href":"https:\/\/www.enfasis.mx\/index.php?rest_route=\/wp\/v2\/posts\/165","targetHints":{"allow":["GET"]}}],"collection":[{"href":"https:\/\/www.enfasis.mx\/index.php?rest_route=\/wp\/v2\/posts"}],"about":[{"href":"https:\/\/www.enfasis.mx\/index.php?rest_route=\/wp\/v2\/types\/post"}],"author":[{"embeddable":true,"href":"https:\/\/www.enfasis.mx\/index.php?rest_route=\/wp\/v2\/users\/9"}],"replies":[{"embeddable":true,"href":"https:\/\/www.enfasis.mx\/index.php?rest_route=%2Fwp%2Fv2%2Fcomments&post=165"}],"version-history":[{"count":1,"href":"https:\/\/www.enfasis.mx\/index.php?rest_route=\/wp\/v2\/posts\/165\/revisions"}],"predecessor-version":[{"id":167,"href":"https:\/\/www.enfasis.mx\/index.php?rest_route=\/wp\/v2\/posts\/165\/revisions\/167"}],"wp:featuredmedia":[{"embeddable":true,"href":"https:\/\/www.enfasis.mx\/index.php?rest_route=\/wp\/v2\/media\/166"}],"wp:attachment":[{"href":"https:\/\/www.enfasis.mx\/index.php?rest_route=%2Fwp%2Fv2%2Fmedia&parent=165"}],"wp:term":[{"taxonomy":"category","embeddable":true,"href":"https:\/\/www.enfasis.mx\/index.php?rest_route=%2Fwp%2Fv2%2Fcategories&post=165"},{"taxonomy":"post_tag","embeddable":true,"href":"https:\/\/www.enfasis.mx\/index.php?rest_route=%2Fwp%2Fv2%2Ftags&post=165"}],"curies":[{"name":"wp","href":"https:\/\/api.w.org\/{rel}","templated":true}]}}