{"id":174,"date":"2026-08-07T09:49:06","date_gmt":"2026-08-07T16:49:06","guid":{"rendered":"https:\/\/www.enfasis.mx\/?p=174"},"modified":"2026-08-07T09:49:41","modified_gmt":"2026-08-07T16:49:41","slug":"el-costo-de-una-ciudad-sin-ciudadanos","status":"publish","type":"post","link":"https:\/\/www.enfasis.mx\/?p=174","title":{"rendered":"El costo de una ciudad sin ciudadanos"},"content":{"rendered":"\n<p class=\"wp-block-paragraph\"><strong>La factura multimillonaria que pagan los juarenses por la apat\u00eda<\/strong><\/p>\n\n\n\n<p class=\"wp-block-paragraph\">Por Guadalupe Parada Gasson<\/p>\n\n\n\n<p class=\"wp-block-paragraph\">Durante a\u00f1os hemos repetido que Ciudad Ju\u00e1rez es una ciudad trabajadora.<\/p>\n\n\n\n<p class=\"wp-block-paragraph\">Y es verdad, lo que casi nunca decimos es que tambi\u00e9n somos una ciudad profundamente pasiva cuando se trata de defender el inter\u00e9s p\u00fablico, nos movilizamos para cruzar la frontera.<\/p>\n\n\n\n<p class=\"wp-block-paragraph\">Para buscar empleo, para sacar adelante a la familia, pero casi nunca para exigir mejores escuelas, transporte digno, parques, hospitales o un crecimiento urbano inteligente.<\/p>\n\n\n\n<p class=\"wp-block-paragraph\">Y esa omisi\u00f3n tiene un precio, no es un costo moral, es un costo econ\u00f3mico y es un costo pol\u00edtico.<\/p>\n\n\n\n<p class=\"wp-block-paragraph\">Cada a\u00f1o, cada administraci\u00f3n, cada colonia, cada familia, la ciudad m\u00e1s cara es la que est\u00e1 mal planeada, existe una idea equivocada de que el crecimiento urbano genera riqueza por s\u00ed mismo, no, el crecimiento desordenado destruye riqueza.<\/p>\n\n\n\n<p class=\"wp-block-paragraph\">El Banco Mundial advierte que la expansi\u00f3n dispersa de las ciudades incrementa significativamente los costos de movilidad, infraestructura y prestaci\u00f3n de servicios p\u00fablicos, mientras reduce la productividad y la competitividad econ\u00f3mica. Ciudad Ju\u00e1rez figura entre las ciudades mexicanas donde se impulsaron instrumentos para corregir esos patrones de expansi\u00f3n urbana.<\/p>\n\n\n\n<p class=\"wp-block-paragraph\">Eso explica gran parte de la historia reciente de Ju\u00e1rez, durante m\u00e1s de dos d\u00e9cadas autorizan miles de viviendas sin escuelas, fraccionamientos sin hospitales, colonias sin parques.<\/p>\n\n\n\n<p class=\"wp-block-paragraph\">Desarrollos sin transporte, calles sin banquetas, y despu\u00e9s nos sorprendimos cuando aparecieron los problemas, no fue casualidad, fue consecuencia, la ciudad dej\u00f3 de planearse para las personas y comenz\u00f3 a crecer para el mercado del suelo.<\/p>\n\n\n\n<p class=\"wp-block-paragraph\">La factura econ\u00f3mica: los economistas llaman a esto &#8220;costos de ineficiencia urbana&#8221;, los ciudadanos lo conocemos con otro nombre: dinero que sale de nuestro bolsillo, cada hora perdida en el tr\u00e1fico representa productividad que nunca llegar\u00e1.<\/p>\n\n\n\n<p class=\"wp-block-paragraph\">Cada veh\u00edculo destruido por calles en mal estado representa patrimonio perdido, cada consulta m\u00e9dica privada porque no existe una cl\u00ednica cercana representa un impuesto invisible.<\/p>\n\n\n\n<p class=\"wp-block-paragraph\">Cada estudiante que debe recorrer media ciudad para llegar a la escuela representa tiempo, combustible y oportunidades desperdiciadas, el IMCO estima que la congesti\u00f3n urbana cuesta a las principales ciudades mexicanas 94 mil millones de pesos al a\u00f1o, con p\u00e9rdidas promedio de 100 horas adicionales por persona en traslados y fuertes costos en ingresos y productividad.<\/p>\n\n\n\n<p class=\"wp-block-paragraph\">Si esa metodolog\u00eda se proyecta a una ciudad del tama\u00f1o y din\u00e1mica econ\u00f3mica de Ju\u00e1rez, el costo anual de la mala movilidad y de la expansi\u00f3n urbana se puede estimar en miles de millones de pesos entre tiempo perdido, combustible, mantenimiento vehicular, contaminaci\u00f3n y menor productividad.<\/p>\n\n\n\n<p class=\"wp-block-paragraph\">Ese dinero no aparece como impuesto, pero todos lo pagamos, somos una ciudad que produce millones\u2026 pero desperdicia millones, Ciudad Ju\u00e1rez es uno de los motores industriales m\u00e1s importantes de M\u00e9xico, genera miles de millones de d\u00f3lares en exportaciones.<\/p>\n\n\n\n<p class=\"wp-block-paragraph\">Es l\u00edder nacional en manufactura, produce riqueza para el pa\u00eds, sin embargo, gran parte de esa riqueza se pierde todos los d\u00edas por decisiones urbanas equivocadas.<\/p>\n\n\n\n<p class=\"wp-block-paragraph\">El IMIP ha documentado que los grandes desaf\u00edos de Ju\u00e1rez siguen concentr\u00e1ndose en movilidad, crecimiento urbano, infraestructura, medio ambiente y servicios p\u00fablicos, precisamente los temas donde la planeaci\u00f3n de largo plazo resulta indispensable.<\/p>\n\n\n\n<p class=\"wp-block-paragraph\">No somos una ciudad pobre, somos una ciudad cara, cara para vivir, cara para trasladarse, cara para acceder a servicios.<\/p>\n\n\n\n<p class=\"wp-block-paragraph\">Cara porque durante a\u00f1os sustituimos la planeaci\u00f3n por la improvisaci\u00f3n, el costo pol\u00edtico del silencio, Pero existe una factura todav\u00eda m\u00e1s grave.<\/p>\n\n\n\n<p class=\"wp-block-paragraph\">La democracia tambi\u00e9n tiene costos,  la ausencia ciudadana los multiplica, cuando la ciudadan\u00eda no participa, el poder deja de tener vigilancia, los cabildos dejan de debatir, los presupuestos dejan de cuestionarse, las prioridades dejan de construirse colectivamente.<\/p>\n\n\n\n<p class=\"wp-block-paragraph\">Entonces aparecen las obras que nadie pidi\u00f3, las inversiones donde conviene pol\u00edticamente, los proyectos de corto plazo, Las inauguraciones, las fotograf\u00edas.<\/p>\n\n\n\n<p class=\"wp-block-paragraph\">Y desaparece la planeaci\u00f3n, no porque falten instituciones, sino porque faltan ciudadanos, la democracia de un solo d\u00eda. muchos creen que participar consiste en votar cada tres a\u00f1os.<\/p>\n\n\n\n<p class=\"wp-block-paragraph\">Eso no es democracia; es apenas el tr\u00e1mite de entrada, la verdadera democracia comienza al d\u00eda siguiente de la elecci\u00f3n, cuando se revisan presupuestos, cuando se exige transparencia, cuando se acude a las consultas p\u00fablicas.<\/p>\n\n\n\n<p class=\"wp-block-paragraph\">Cuando se cuestiona el Plan de Desarrollo Urbano, cuando se obliga a los gobiernos a justificar cada peso, en Ju\u00e1rez ocurre exactamente lo contrario, participamos un d\u00eda, callamos mil.<\/p>\n\n\n\n<p class=\"wp-block-paragraph\">El costo de no participar, Cada vez que una audiencia p\u00fablica queda vac\u00eda \u2026alguien m\u00e1s decide; cada vez que un presupuesto pasa sin discusi\u00f3n\u2026 alguien m\u00e1s decide.<\/p>\n\n\n\n<p class=\"wp-block-paragraph\">Cada vez que una obra p\u00fablica no recibe vigilancia\u2026 alguien m\u00e1s decide; cada vez que una colonia no se organiza\u2026 alguien m\u00e1s decide.<\/p>\n\n\n\n<p class=\"wp-block-paragraph\">La pol\u00edtica detesta los vac\u00edos, cuando la ciudadan\u00eda se retira, el poder nunca queda solo, lo ocupan los intereses econ\u00f3micos, los grupos de presi\u00f3n, las coyunturas electorales, las decisiones de corto plazo.<\/p>\n\n\n\n<p class=\"wp-block-paragraph\">La pregunta inc\u00f3moda nos hemos acostumbrado a preguntar cu\u00e1nto cuesta construir una escuela, cu\u00e1nto cuesta pavimentar una avenida, cu\u00e1nto cuesta un hospital, la pregunta verdaderamente importante es otra.<\/p>\n\n\n\n<p class=\"wp-block-paragraph\">\u00bfCu\u00e1nto nos ha costado no exigirlos?<\/p>\n\n\n\n<p class=\"wp-block-paragraph\">\u00bfCu\u00e1nto dinero han perdido las familias juarenses por recorrer kil\u00f3metros adicionales todos los d\u00edas?<\/p>\n\n\n\n<p class=\"wp-block-paragraph\">\u00bfCu\u00e1ntas inversiones dej\u00f3 de recibir la ciudad por la falta de infraestructura?<\/p>\n\n\n\n<p class=\"wp-block-paragraph\">\u00bfCu\u00e1nto crecimiento econ\u00f3mico se fren\u00f3 por la ausencia de planeaci\u00f3n?<\/p>\n\n\n\n<p class=\"wp-block-paragraph\">\u00bfCu\u00e1nto talento emigr\u00f3 porque la calidad de vida nunca estuvo a la altura de la capacidad productiva de Ju\u00e1rez?<\/p>\n\n\n\n<p class=\"wp-block-paragraph\">La respuesta probablemente asciende a decenas de miles de millones de pesos acumulados durante las \u00faltimas d\u00e9cadas, pero el mayor costo no aparece en ninguna estad\u00edstica.<\/p>\n\n\n\n<p class=\"wp-block-paragraph\">Es una generaci\u00f3n completa que aprendi\u00f3 a sobrevivir en una ciudad que produce riqueza para el mundo, pero que todav\u00eda no ha aprendido a producir ciudadan\u00eda.<\/p>\n\n\n\n<p class=\"wp-block-paragraph\">Porque el verdadero problema de Ciudad Ju\u00e1rez no es \u00fanicamente la falta de recursos, es que hemos normalizado vivir en una ciudad donde la indiferencia resulta m\u00e1s barata que la participaci\u00f3n&#8230; hasta que llega la factura.<\/p>\n\n\n\n<p class=\"wp-block-paragraph\">Y esa factura, como siempre, termina pag\u00e1ndola la sociedad. <\/p>\n\n\n\n<p class=\"wp-block-paragraph\"><\/p>\n","protected":false},"excerpt":{"rendered":"<p>La factura multimillonaria que pagan los juarenses por la apat\u00eda Por Guadalupe Parada Gasson Durante a\u00f1os hemos repetido que Ciudad Ju\u00e1rez es una ciudad trabajadora. Y es verdad, lo que casi nunca decimos es que tambi\u00e9n somos una ciudad profundamente pasiva cuando se trata de defender el inter\u00e9s p\u00fablico, nos movilizamos para cruzar la frontera. [&hellip;]<\/p>\n","protected":false},"author":2,"featured_media":175,"comment_status":"closed","ping_status":"open","sticky":false,"template":"","format":"standard","meta":{"_jetpack_newsletter_access":"","_jetpack_dont_email_post_to_subs":false,"_jetpack_newsletter_tier_id":0,"_jetpack_memberships_contains_paywalled_content":false,"_jetpack_feature_clip_id":0,"_jetpack_memberships_contains_paid_content":false,"footnotes":"","jetpack_post_was_ever_published":false},"categories":[4],"tags":[],"class_list":["post-174","post","type-post","status-publish","format-standard","has-post-thumbnail","hentry","category-analisis-politico"],"aioseo_notices":[],"aioseo_head":"\n\t\t<!-- All in One SEO 4.9.10 - aioseo.com -->\n\t<meta name=\"description\" content=\"La factura multimillonaria que pagan los juarenses por la apat\u00eda Por Guadalupe Parada Gasson Durante a\u00f1os hemos repetido que Ciudad Ju\u00e1rez es una ciudad trabajadora. Y es verdad, lo que casi nunca decimos es que tambi\u00e9n somos una ciudad profundamente pasiva cuando se trata de defender el inter\u00e9s p\u00fablico, nos movilizamos para cruzar la frontera.\" \/>\n\t<meta name=\"robots\" content=\"max-image-preview:large\" \/>\n\t<meta name=\"author\" content=\"Guadalupe Parada\"\/>\n\t<meta name=\"google-site-verification\" content=\"jlwkLGgnMBpX8ktutl9e1D8Kvl7Rh7xmXQIHtOLk65U\" \/>\n\t<link rel=\"canonical\" href=\"https:\/\/www.enfasis.mx\/?p=174\" \/>\n\t<meta name=\"generator\" content=\"All in One SEO (AIOSEO) 4.9.10\" \/>\n\t\t<meta property=\"og:locale\" content=\"en_US\" \/>\n\t\t<meta property=\"og:site_name\" content=\"\u00c9nfasis - El acento en la econom\u00eda y la pol\u00edtica\" \/>\n\t\t<meta property=\"og:type\" content=\"article\" \/>\n\t\t<meta property=\"og:title\" content=\"#El costo de una ciudad sin ciudadanos - \u00c9nfasis\" \/>\n\t\t<meta property=\"og:description\" content=\"La factura multimillonaria que pagan los juarenses por la apat\u00eda Por Guadalupe Parada Gasson Durante a\u00f1os hemos repetido que Ciudad Ju\u00e1rez es una ciudad trabajadora. Y es verdad, lo que casi nunca decimos es que tambi\u00e9n somos una ciudad profundamente pasiva cuando se trata de defender el inter\u00e9s p\u00fablico, nos movilizamos para cruzar la frontera.\" \/>\n\t\t<meta property=\"og:url\" content=\"https:\/\/www.enfasis.mx\/?p=174\" \/>\n\t\t<meta property=\"og:image\" content=\"https:\/\/www.enfasis.mx\/wp-content\/uploads\/2026\/08\/Ciudad-Juarez-una-ciudad-cara.png\" \/>\n\t\t<meta property=\"og:image:secure_url\" content=\"https:\/\/www.enfasis.mx\/wp-content\/uploads\/2026\/08\/Ciudad-Juarez-una-ciudad-cara.png\" \/>\n\t\t<meta property=\"og:image:width\" content=\"1448\" \/>\n\t\t<meta property=\"og:image:height\" content=\"1086\" \/>\n\t\t<meta property=\"article:published_time\" content=\"2026-08-07T16:49:06+00:00\" \/>\n\t\t<meta property=\"article:modified_time\" content=\"2026-08-07T16:49:41+00:00\" \/>\n\t\t<meta name=\"twitter:card\" content=\"summary_large_image\" \/>\n\t\t<meta name=\"twitter:title\" content=\"#El costo de una ciudad sin ciudadanos - \u00c9nfasis\" \/>\n\t\t<meta name=\"twitter:description\" content=\"La factura multimillonaria que pagan los juarenses por la apat\u00eda Por Guadalupe Parada Gasson Durante a\u00f1os hemos repetido que Ciudad Ju\u00e1rez es una ciudad trabajadora. Y es verdad, lo que casi nunca decimos es que tambi\u00e9n somos una ciudad profundamente pasiva cuando se trata de defender el inter\u00e9s p\u00fablico, nos movilizamos para cruzar la frontera.\" \/>\n\t\t<meta name=\"twitter:image\" content=\"https:\/\/www.enfasis.mx\/wp-content\/uploads\/2026\/08\/Ciudad-Juarez-una-ciudad-cara.png\" \/>\n\t\t<script type=\"application\/ld+json\" class=\"aioseo-schema\">\n\t\t\t{\"@context\":\"https:\\\/\\\/schema.org\",\"@graph\":[{\"@type\":\"BlogPosting\",\"@id\":\"https:\\\/\\\/www.enfasis.mx\\\/?p=174#blogposting\",\"name\":\"#El costo de una ciudad sin ciudadanos - \\u00c9nfasis\",\"headline\":\"El costo de una ciudad sin ciudadanos\",\"author\":{\"@id\":\"https:\\\/\\\/www.enfasis.mx\\\/?author=2#author\"},\"publisher\":{\"@id\":\"https:\\\/\\\/www.enfasis.mx\\\/#organization\"},\"image\":{\"@type\":\"ImageObject\",\"url\":\"https:\\\/\\\/www.enfasis.mx\\\/wp-content\\\/uploads\\\/2026\\\/08\\\/Ciudad-Juarez-una-ciudad-cara.png\",\"width\":1448,\"height\":1086},\"datePublished\":\"2026-08-07T09:49:06-07:00\",\"dateModified\":\"2026-08-07T09:49:41-07:00\",\"inLanguage\":\"en-US\",\"mainEntityOfPage\":{\"@id\":\"https:\\\/\\\/www.enfasis.mx\\\/?p=174#webpage\"},\"isPartOf\":{\"@id\":\"https:\\\/\\\/www.enfasis.mx\\\/?p=174#webpage\"},\"articleSection\":\"Pol\\u00edtica\"},{\"@type\":\"BreadcrumbList\",\"@id\":\"https:\\\/\\\/www.enfasis.mx\\\/?p=174#breadcrumblist\",\"itemListElement\":[{\"@type\":\"ListItem\",\"@id\":\"https:\\\/\\\/www.enfasis.mx#listItem\",\"position\":1,\"name\":\"Home\",\"item\":\"https:\\\/\\\/www.enfasis.mx\",\"nextItem\":{\"@type\":\"ListItem\",\"@id\":\"https:\\\/\\\/www.enfasis.mx\\\/?cat=4#listItem\",\"name\":\"Pol\\u00edtica\"}},{\"@type\":\"ListItem\",\"@id\":\"https:\\\/\\\/www.enfasis.mx\\\/?cat=4#listItem\",\"position\":2,\"name\":\"Pol\\u00edtica\",\"item\":\"https:\\\/\\\/www.enfasis.mx\\\/?cat=4\",\"nextItem\":{\"@type\":\"ListItem\",\"@id\":\"https:\\\/\\\/www.enfasis.mx\\\/?p=174#listItem\",\"name\":\"El costo de una ciudad sin ciudadanos\"},\"previousItem\":{\"@type\":\"ListItem\",\"@id\":\"https:\\\/\\\/www.enfasis.mx#listItem\",\"name\":\"Home\"}},{\"@type\":\"ListItem\",\"@id\":\"https:\\\/\\\/www.enfasis.mx\\\/?p=174#listItem\",\"position\":3,\"name\":\"El costo de una ciudad sin ciudadanos\",\"previousItem\":{\"@type\":\"ListItem\",\"@id\":\"https:\\\/\\\/www.enfasis.mx\\\/?cat=4#listItem\",\"name\":\"Pol\\u00edtica\"}}]},{\"@type\":\"Organization\",\"@id\":\"https:\\\/\\\/www.enfasis.mx\\\/#organization\",\"name\":\"\\u00c9nfasis Ser Empresario\",\"description\":\"El acento en la econom\\u00eda y la pol\\u00edtica Grupo Editorial Fundado en 1998, su marca insignia es REVISTA SER EMPRESARIO la revista empresarial mas importante del Estado\",\"url\":\"https:\\\/\\\/www.enfasis.mx\\\/\",\"logo\":{\"@type\":\"ImageObject\",\"url\":\"http:\\\/\\\/www.enfasis.mx\\\/wp-content\\\/uploads\\\/2026\\\/07\\\/Enfasis-Logo-1.png\",\"@id\":\"https:\\\/\\\/www.enfasis.mx\\\/?p=174\\\/#organizationLogo\"},\"image\":{\"@id\":\"https:\\\/\\\/www.enfasis.mx\\\/?p=174\\\/#organizationLogo\"}},{\"@type\":\"Person\",\"@id\":\"https:\\\/\\\/www.enfasis.mx\\\/?author=2#author\",\"url\":\"https:\\\/\\\/www.enfasis.mx\\\/?author=2\",\"name\":\"Guadalupe Parada\"},{\"@type\":\"WebPage\",\"@id\":\"https:\\\/\\\/www.enfasis.mx\\\/?p=174#webpage\",\"url\":\"https:\\\/\\\/www.enfasis.mx\\\/?p=174\",\"name\":\"#El costo de una ciudad sin ciudadanos - \\u00c9nfasis\",\"description\":\"La factura multimillonaria que pagan los juarenses por la apat\\u00eda Por Guadalupe Parada Gasson Durante a\\u00f1os hemos repetido que Ciudad Ju\\u00e1rez es una ciudad trabajadora. Y es verdad, lo que casi nunca decimos es que tambi\\u00e9n somos una ciudad profundamente pasiva cuando se trata de defender el inter\\u00e9s p\\u00fablico, nos movilizamos para cruzar la frontera.\",\"inLanguage\":\"en-US\",\"isPartOf\":{\"@id\":\"https:\\\/\\\/www.enfasis.mx\\\/#website\"},\"breadcrumb\":{\"@id\":\"https:\\\/\\\/www.enfasis.mx\\\/?p=174#breadcrumblist\"},\"author\":{\"@id\":\"https:\\\/\\\/www.enfasis.mx\\\/?author=2#author\"},\"creator\":{\"@id\":\"https:\\\/\\\/www.enfasis.mx\\\/?author=2#author\"},\"image\":{\"@type\":\"ImageObject\",\"url\":\"https:\\\/\\\/www.enfasis.mx\\\/wp-content\\\/uploads\\\/2026\\\/08\\\/Ciudad-Juarez-una-ciudad-cara.png\",\"@id\":\"https:\\\/\\\/www.enfasis.mx\\\/?p=174\\\/#mainImage\",\"width\":1448,\"height\":1086},\"primaryImageOfPage\":{\"@id\":\"https:\\\/\\\/www.enfasis.mx\\\/?p=174#mainImage\"},\"datePublished\":\"2026-08-07T09:49:06-07:00\",\"dateModified\":\"2026-08-07T09:49:41-07:00\"},{\"@type\":\"WebSite\",\"@id\":\"https:\\\/\\\/www.enfasis.mx\\\/#website\",\"url\":\"https:\\\/\\\/www.enfasis.mx\\\/\",\"name\":\"\\u00c9nfasis\",\"description\":\"El acento en la econom\\u00eda y la pol\\u00edtica\",\"inLanguage\":\"en-US\",\"publisher\":{\"@id\":\"https:\\\/\\\/www.enfasis.mx\\\/#organization\"}}]}\n\t\t<\/script>\n\t\t<!-- All in One SEO -->\n\n","aioseo_head_json":{"title":"#El costo de una ciudad sin ciudadanos - \u00c9nfasis","description":"La factura multimillonaria que pagan los juarenses por la apat\u00eda Por Guadalupe Parada Gasson Durante a\u00f1os hemos repetido que Ciudad Ju\u00e1rez es una ciudad trabajadora. Y es verdad, lo que casi nunca decimos es que tambi\u00e9n somos una ciudad profundamente pasiva cuando se trata de defender el inter\u00e9s p\u00fablico, nos movilizamos para cruzar la frontera.","canonical_url":"https:\/\/www.enfasis.mx\/?p=174","robots":"max-image-preview:large","keywords":"","webmasterTools":{"google-site-verification":"jlwkLGgnMBpX8ktutl9e1D8Kvl7Rh7xmXQIHtOLk65U","miscellaneous":""},"schema":{"@context":"https:\/\/schema.org","@graph":[{"@type":"BlogPosting","@id":"https:\/\/www.enfasis.mx\/?p=174#blogposting","name":"#El costo de una ciudad sin ciudadanos - \u00c9nfasis","headline":"El costo de una ciudad sin ciudadanos","author":{"@id":"https:\/\/www.enfasis.mx\/?author=2#author"},"publisher":{"@id":"https:\/\/www.enfasis.mx\/#organization"},"image":{"@type":"ImageObject","url":"https:\/\/www.enfasis.mx\/wp-content\/uploads\/2026\/08\/Ciudad-Juarez-una-ciudad-cara.png","width":1448,"height":1086},"datePublished":"2026-08-07T09:49:06-07:00","dateModified":"2026-08-07T09:49:41-07:00","inLanguage":"en-US","mainEntityOfPage":{"@id":"https:\/\/www.enfasis.mx\/?p=174#webpage"},"isPartOf":{"@id":"https:\/\/www.enfasis.mx\/?p=174#webpage"},"articleSection":"Pol\u00edtica"},{"@type":"BreadcrumbList","@id":"https:\/\/www.enfasis.mx\/?p=174#breadcrumblist","itemListElement":[{"@type":"ListItem","@id":"https:\/\/www.enfasis.mx#listItem","position":1,"name":"Home","item":"https:\/\/www.enfasis.mx","nextItem":{"@type":"ListItem","@id":"https:\/\/www.enfasis.mx\/?cat=4#listItem","name":"Pol\u00edtica"}},{"@type":"ListItem","@id":"https:\/\/www.enfasis.mx\/?cat=4#listItem","position":2,"name":"Pol\u00edtica","item":"https:\/\/www.enfasis.mx\/?cat=4","nextItem":{"@type":"ListItem","@id":"https:\/\/www.enfasis.mx\/?p=174#listItem","name":"El costo de una ciudad sin ciudadanos"},"previousItem":{"@type":"ListItem","@id":"https:\/\/www.enfasis.mx#listItem","name":"Home"}},{"@type":"ListItem","@id":"https:\/\/www.enfasis.mx\/?p=174#listItem","position":3,"name":"El costo de una ciudad sin ciudadanos","previousItem":{"@type":"ListItem","@id":"https:\/\/www.enfasis.mx\/?cat=4#listItem","name":"Pol\u00edtica"}}]},{"@type":"Organization","@id":"https:\/\/www.enfasis.mx\/#organization","name":"\u00c9nfasis Ser Empresario","description":"El acento en la econom\u00eda y la pol\u00edtica Grupo Editorial Fundado en 1998, su marca insignia es REVISTA SER EMPRESARIO la revista empresarial mas importante del Estado","url":"https:\/\/www.enfasis.mx\/","logo":{"@type":"ImageObject","url":"http:\/\/www.enfasis.mx\/wp-content\/uploads\/2026\/07\/Enfasis-Logo-1.png","@id":"https:\/\/www.enfasis.mx\/?p=174\/#organizationLogo"},"image":{"@id":"https:\/\/www.enfasis.mx\/?p=174\/#organizationLogo"}},{"@type":"Person","@id":"https:\/\/www.enfasis.mx\/?author=2#author","url":"https:\/\/www.enfasis.mx\/?author=2","name":"Guadalupe Parada"},{"@type":"WebPage","@id":"https:\/\/www.enfasis.mx\/?p=174#webpage","url":"https:\/\/www.enfasis.mx\/?p=174","name":"#El costo de una ciudad sin ciudadanos - \u00c9nfasis","description":"La factura multimillonaria que pagan los juarenses por la apat\u00eda Por Guadalupe Parada Gasson Durante a\u00f1os hemos repetido que Ciudad Ju\u00e1rez es una ciudad trabajadora. Y es verdad, lo que casi nunca decimos es que tambi\u00e9n somos una ciudad profundamente pasiva cuando se trata de defender el inter\u00e9s p\u00fablico, nos movilizamos para cruzar la frontera.","inLanguage":"en-US","isPartOf":{"@id":"https:\/\/www.enfasis.mx\/#website"},"breadcrumb":{"@id":"https:\/\/www.enfasis.mx\/?p=174#breadcrumblist"},"author":{"@id":"https:\/\/www.enfasis.mx\/?author=2#author"},"creator":{"@id":"https:\/\/www.enfasis.mx\/?author=2#author"},"image":{"@type":"ImageObject","url":"https:\/\/www.enfasis.mx\/wp-content\/uploads\/2026\/08\/Ciudad-Juarez-una-ciudad-cara.png","@id":"https:\/\/www.enfasis.mx\/?p=174\/#mainImage","width":1448,"height":1086},"primaryImageOfPage":{"@id":"https:\/\/www.enfasis.mx\/?p=174#mainImage"},"datePublished":"2026-08-07T09:49:06-07:00","dateModified":"2026-08-07T09:49:41-07:00"},{"@type":"WebSite","@id":"https:\/\/www.enfasis.mx\/#website","url":"https:\/\/www.enfasis.mx\/","name":"\u00c9nfasis","description":"El acento en la econom\u00eda y la pol\u00edtica","inLanguage":"en-US","publisher":{"@id":"https:\/\/www.enfasis.mx\/#organization"}}]},"og:locale":"en_US","og:site_name":"\u00c9nfasis - El acento en la econom\u00eda y la pol\u00edtica","og:type":"article","og:title":"#El costo de una ciudad sin ciudadanos - \u00c9nfasis","og:description":"La factura multimillonaria que pagan los juarenses por la apat\u00eda Por Guadalupe Parada Gasson Durante a\u00f1os hemos repetido que Ciudad Ju\u00e1rez es una ciudad trabajadora. Y es verdad, lo que casi nunca decimos es que tambi\u00e9n somos una ciudad profundamente pasiva cuando se trata de defender el inter\u00e9s p\u00fablico, nos movilizamos para cruzar la frontera.","og:url":"https:\/\/www.enfasis.mx\/?p=174","og:image":"https:\/\/www.enfasis.mx\/wp-content\/uploads\/2026\/08\/Ciudad-Juarez-una-ciudad-cara.png","og:image:secure_url":"https:\/\/www.enfasis.mx\/wp-content\/uploads\/2026\/08\/Ciudad-Juarez-una-ciudad-cara.png","og:image:width":"1448","og:image:height":"1086","article:published_time":"2026-08-07T16:49:06+00:00","article:modified_time":"2026-08-07T16:49:41+00:00","twitter:card":"summary_large_image","twitter:title":"#El costo de una ciudad sin ciudadanos - \u00c9nfasis","twitter:description":"La factura multimillonaria que pagan los juarenses por la apat\u00eda Por Guadalupe Parada Gasson Durante a\u00f1os hemos repetido que Ciudad Ju\u00e1rez es una ciudad trabajadora. Y es verdad, lo que casi nunca decimos es que tambi\u00e9n somos una ciudad profundamente pasiva cuando se trata de defender el inter\u00e9s p\u00fablico, nos movilizamos para cruzar la frontera.","twitter:image":"https:\/\/www.enfasis.mx\/wp-content\/uploads\/2026\/08\/Ciudad-Juarez-una-ciudad-cara.png"},"aioseo_meta_data":{"post_id":"174","title":"##post_title #separator_sa #site_title","description":"#post_excerpt","keywords":null,"keyphrases":{"focus":{"keyphrase":"","score":0,"analysis":{"keyphraseInTitle":{"score":0,"maxScore":9,"error":1}}},"additional":[]},"primary_term":null,"canonical_url":null,"og_title":null,"og_description":null,"og_object_type":"default","og_image_type":"featured","og_image_custom_url":null,"og_image_custom_fields":null,"og_image_url":"http:\/\/www.enfasis.mx\/wp-content\/uploads\/2026\/08\/Ciudad-Juarez-una-ciudad-cara.png","og_image_width":"1448","og_image_height":"1086","og_video":"","og_custom_url":null,"og_article_section":null,"og_article_tags":null,"twitter_use_og":false,"twitter_card":"default","twitter_image_type":"featured","twitter_image_custom_url":null,"twitter_image_custom_fields":null,"twitter_image_url":"http:\/\/www.enfasis.mx\/wp-content\/uploads\/2026\/08\/Ciudad-Juarez-una-ciudad-cara.png","twitter_title":null,"twitter_description":null,"schema_type":"default","schema_type_options":null,"schema":{"blockGraphs":[],"customGraphs":[],"default":{"data":{"Article":[],"Course":[],"Dataset":[],"FAQPage":[],"Movie":[],"Person":[],"Product":[],"ProductReview":[],"Car":[],"Recipe":[],"Service":[],"SoftwareApplication":[],"WebPage":[]},"graphName":"BlogPosting","isEnabled":true},"graphs":[]},"pillar_content":false,"robots_default":true,"robots_noindex":false,"robots_noarchive":false,"robots_nosnippet":false,"robots_nofollow":false,"robots_noimageindex":false,"robots_noodp":false,"robots_notranslate":false,"robots_max_snippet":"-1","robots_max_videopreview":"-1","robots_max_imagepreview":"large","priority":null,"frequency":"default","local_seo":null,"limit_modified_date":false,"ai":{"faqs":[],"keyPoints":[],"schemas":[],"titles":[],"descriptions":[],"socialPosts":{"email":{"subject":"","preview":"","content":""},"linkedin":[],"twitter":[],"facebook":[],"instagram":[]}},"breadcrumb_settings":null,"seo_analyzer_scan_date":null,"created":"2026-08-07 16:49:08","updated":"2026-08-08 01:46:47"},"aioseo_breadcrumb":"<div class=\"aioseo-breadcrumbs\"><span class=\"aioseo-breadcrumb\">\n\t\t\t<a href=\"https:\/\/www.enfasis.mx\" title=\"Home\">Home<\/a>\n\t\t<\/span><span class=\"aioseo-breadcrumb-separator\">&raquo;<\/span><span class=\"aioseo-breadcrumb\">\n\t\t\t<a href=\"https:\/\/www.enfasis.mx\/?cat=4\" title=\"Pol\u00edtica\">Pol\u00edtica<\/a>\n\t\t<\/span><span class=\"aioseo-breadcrumb-separator\">&raquo;<\/span><span class=\"aioseo-breadcrumb\">\n\t\t\tEl costo de una ciudad sin ciudadanos\n\t\t<\/span><\/div>","aioseo_breadcrumb_json":[{"label":"Home","link":"https:\/\/www.enfasis.mx"},{"label":"Pol\u00edtica","link":"https:\/\/www.enfasis.mx\/?cat=4"},{"label":"El costo de una ciudad sin ciudadanos","link":"https:\/\/www.enfasis.mx\/?p=174"}],"wpmagazine_modules_lite_featured_media_urls":{"thumbnail":["https:\/\/www.enfasis.mx\/wp-content\/uploads\/2026\/08\/Ciudad-Juarez-una-ciudad-cara-150x150.png",150,150,true],"cvmm-medium":["https:\/\/www.enfasis.mx\/wp-content\/uploads\/2026\/08\/Ciudad-Juarez-una-ciudad-cara-300x300.png",300,300,true],"cvmm-medium-plus":["https:\/\/www.enfasis.mx\/wp-content\/uploads\/2026\/08\/Ciudad-Juarez-una-ciudad-cara-305x207.png",305,207,true],"cvmm-portrait":["https:\/\/www.enfasis.mx\/wp-content\/uploads\/2026\/08\/Ciudad-Juarez-una-ciudad-cara-400x600.png",400,600,true],"cvmm-medium-square":["https:\/\/www.enfasis.mx\/wp-content\/uploads\/2026\/08\/Ciudad-Juarez-una-ciudad-cara-600x600.png",600,600,true],"cvmm-large":["https:\/\/www.enfasis.mx\/wp-content\/uploads\/2026\/08\/Ciudad-Juarez-una-ciudad-cara-1024x1024.png",1024,1024,true],"cvmm-small":["https:\/\/www.enfasis.mx\/wp-content\/uploads\/2026\/08\/Ciudad-Juarez-una-ciudad-cara-130x95.png",130,95,true],"full":["https:\/\/www.enfasis.mx\/wp-content\/uploads\/2026\/08\/Ciudad-Juarez-una-ciudad-cara.png",1448,1086,false]},"categories_names":{"4":{"name":"Pol\u00edtica","link":"https:\/\/www.enfasis.mx\/?cat=4"}},"tags_names":[],"comments_number":"0","jetpack_sharing_enabled":true,"jetpack_featured_media_url":"https:\/\/www.enfasis.mx\/wp-content\/uploads\/2026\/08\/Ciudad-Juarez-una-ciudad-cara.png","_links":{"self":[{"href":"https:\/\/www.enfasis.mx\/index.php?rest_route=\/wp\/v2\/posts\/174","targetHints":{"allow":["GET"]}}],"collection":[{"href":"https:\/\/www.enfasis.mx\/index.php?rest_route=\/wp\/v2\/posts"}],"about":[{"href":"https:\/\/www.enfasis.mx\/index.php?rest_route=\/wp\/v2\/types\/post"}],"author":[{"embeddable":true,"href":"https:\/\/www.enfasis.mx\/index.php?rest_route=\/wp\/v2\/users\/2"}],"replies":[{"embeddable":true,"href":"https:\/\/www.enfasis.mx\/index.php?rest_route=%2Fwp%2Fv2%2Fcomments&post=174"}],"version-history":[{"count":1,"href":"https:\/\/www.enfasis.mx\/index.php?rest_route=\/wp\/v2\/posts\/174\/revisions"}],"predecessor-version":[{"id":176,"href":"https:\/\/www.enfasis.mx\/index.php?rest_route=\/wp\/v2\/posts\/174\/revisions\/176"}],"wp:featuredmedia":[{"embeddable":true,"href":"https:\/\/www.enfasis.mx\/index.php?rest_route=\/wp\/v2\/media\/175"}],"wp:attachment":[{"href":"https:\/\/www.enfasis.mx\/index.php?rest_route=%2Fwp%2Fv2%2Fmedia&parent=174"}],"wp:term":[{"taxonomy":"category","embeddable":true,"href":"https:\/\/www.enfasis.mx\/index.php?rest_route=%2Fwp%2Fv2%2Fcategories&post=174"},{"taxonomy":"post_tag","embeddable":true,"href":"https:\/\/www.enfasis.mx\/index.php?rest_route=%2Fwp%2Fv2%2Ftags&post=174"}],"curies":[{"name":"wp","href":"https:\/\/api.w.org\/{rel}","templated":true}]}}