{"id":177,"date":"2026-08-09T14:33:34","date_gmt":"2026-08-09T21:33:34","guid":{"rendered":"https:\/\/www.enfasis.mx\/?p=177"},"modified":"2026-08-09T14:33:37","modified_gmt":"2026-08-09T21:33:37","slug":"camargo-y-sus-jovenes-el-reto-no-es-reabrir-una-oficina","status":"publish","type":"post","link":"https:\/\/www.enfasis.mx\/?p=177","title":{"rendered":"Camargo y sus j\u00f3venes: el reto no es reabrir una oficina"},"content":{"rendered":"\n<p class=\"wp-block-paragraph\"><em>La verdadera discusi\u00f3n no es qui\u00e9n ocupa una direcci\u00f3n, sino qu\u00e9 instituci\u00f3n estamos construyendo para los j\u00f3venes.<\/em><\/p>\n\n\n\n<p class=\"wp-block-paragraph\"><strong>Por Mario \u00c1lvarez Porras<\/strong><\/p>\n\n\n\n<p class=\"wp-block-paragraph\">Hay algo que suele ocurrir cuando termina un gobierno: cambian los nombres, los equipos y las prioridades. Lo dif\u00edcil es saber qu\u00e9 permanece.<\/p>\n\n\n\n<p class=\"wp-block-paragraph\">En Camargo vale la pena pensar en eso cuando hablamos de los j\u00f3venes.<\/p>\n\n\n\n<p class=\"wp-block-paragraph\">Jorge Aldana encabeza la administraci\u00f3n municipal 2024\u20132027, despu\u00e9s de haber regresado al cargo para un segundo periodo. M\u00e1s all\u00e1 de las diferencias pol\u00edticas, una administraci\u00f3n tambi\u00e9n deber\u00eda medirse por aquello que consigue dejar funcionando cuando cambian las personas.<\/p>\n\n\n\n<p class=\"wp-block-paragraph\">En enero de 2026, ImpactoNoticias inform\u00f3 sobre el cierre de las oficinas del Instituto Camarguense de la Juventud y la solicitud de su reapertura. La misma informaci\u00f3n se\u00f1al\u00f3 que Chidamente continuaba atendiendo a usuarios que ya formaban parte del programa.<\/p>\n\n\n\n<p class=\"wp-block-paragraph\">El asunto podr\u00eda quedarse en una discusi\u00f3n sobre una oficina cerrada. Pero ser\u00eda una discusi\u00f3n demasiado peque\u00f1a para un problema que es mucho m\u00e1s grande.<\/p>\n\n\n\n<p class=\"wp-block-paragraph\">La pregunta de fondo es qu\u00e9 esperamos de una instituci\u00f3n municipal dedicada a los j\u00f3venes.<\/p>\n\n\n\n<p class=\"wp-block-paragraph\">Una oficina puede tener un espacio, un responsable y una agenda de actividades. Una instituci\u00f3n necesita algo m\u00e1s: continuidad, objetivos, recursos, seguimiento y la capacidad de saber si lo que hace realmente est\u00e1 funcionando.<\/p>\n\n\n\n<p class=\"wp-block-paragraph\">La legislaci\u00f3n estatal en materia de juventud establece que las pol\u00edticas p\u00fablicas dirigidas a este sector deben considerar aspectos como la participaci\u00f3n juvenil, la evaluaci\u00f3n de programas y la atenci\u00f3n de temas como educaci\u00f3n, empleo, primer empleo, pr\u00e1cticas profesionales y emprendimiento. No se trata solamente de organizar actividades: se trata de construir condiciones para que los j\u00f3venes puedan desarrollar sus proyectos de vida.<\/p>\n\n\n\n<p class=\"wp-block-paragraph\">Y Camargo tiene mucho con qu\u00e9 trabajar.<\/p>\n\n\n\n<p class=\"wp-block-paragraph\">La industria, el campo, el comercio, los servicios y las instituciones educativas forman parte de la vida cotidiana del municipio. En esos sectores existen conocimientos, empleos y oportunidades que pueden acercarse a los j\u00f3venes mediante capacitaci\u00f3n, pr\u00e1cticas profesionales, emprendimiento y vinculaci\u00f3n laboral.<\/p>\n\n\n\n<p class=\"wp-block-paragraph\">El Ayuntamiento no tiene que hacerlo todo. Quiz\u00e1 una de sus mayores responsabilidades sea conseguir que quienes ya tienen algo que aportar encuentren la manera de trabajar juntos.<\/p>\n\n\n\n<p class=\"wp-block-paragraph\">Eso tambi\u00e9n cambia la forma de entender la participaci\u00f3n juvenil.<\/p>\n\n\n\n<p class=\"wp-block-paragraph\">Escuchar a un joven no es solamente darle un micr\u00f3fono. Si presenta una propuesta, merece una respuesta. Si participa en un Consejo o en un Cabildo Juvenil, deber\u00eda saber qu\u00e9 ocurri\u00f3 despu\u00e9s con sus ideas.<\/p>\n\n\n\n<p class=\"wp-block-paragraph\">De poco sirve pedir participaci\u00f3n si al final nadie explica qu\u00e9 pas\u00f3 con aquello que se escuch\u00f3.<\/p>\n\n\n\n<p class=\"wp-block-paragraph\">Por eso, si en 2027 existe la oportunidad de fortalecer nuevamente la pol\u00edtica municipal de juventud, no tendr\u00eda mucho sentido limitarse a recuperar una oficina. Ser\u00eda una oportunidad para mirar lo que existe, reconocer lo que funciona, corregir lo que no y construir sobre lo aprendido.<\/p>\n\n\n\n<p class=\"wp-block-paragraph\">Tambi\u00e9n ser\u00e1 importante qui\u00e9n est\u00e9 al frente. Pero m\u00e1s importante que el nombre ser\u00e1 la capacidad de entender que una direcci\u00f3n de juventud no deber\u00eda trabajar aislada de las escuelas, las universidades, las empresas y los propios j\u00f3venes.<\/p>\n\n\n\n<p class=\"wp-block-paragraph\">Ah\u00ed pueden encontrarse experiencias distintas.<\/p>\n\n\n\n<p class=\"wp-block-paragraph\">La educaci\u00f3n permite conocer de cerca las dificultades de los estudiantes. La investigaci\u00f3n obliga a buscar evidencia antes de decidir. La formaci\u00f3n human\u00edstica ayuda a preguntarnos por las consecuencias de nuestras decisiones. Y la experiencia laboral recuerda que una buena idea solamente tiene valor cuando puede convertirse en un resultado.<\/p>\n\n\n\n<p class=\"wp-block-paragraph\">Son caminos diferentes que pueden llevar a una misma forma de trabajar: escuchar, entender y actuar.<\/p>\n\n\n\n<p class=\"wp-block-paragraph\">Pero ninguna instituci\u00f3n deber\u00eda depender de una sola persona.<\/p>\n\n\n\n<p class=\"wp-block-paragraph\">Un director puede cambiar. Un programa no deber\u00eda desaparecer por eso. Puede cambiar un gobierno y, aun as\u00ed, la experiencia acumulada tendr\u00eda que servirle al siguiente. Puede llegar otra administraci\u00f3n sin que los j\u00f3venes tengan que empezar nuevamente desde cero.<\/p>\n\n\n\n<p class=\"wp-block-paragraph\">Los gobiernos terminan. Los funcionarios cambian. Los nombres pasan.<\/p>\n\n\n\n<p class=\"wp-block-paragraph\">Las instituciones permanecen.<\/p>\n\n\n\n<p class=\"wp-block-paragraph\">Por eso, pensar en 2027 no deber\u00eda reducirse a preguntar qui\u00e9n ocupar\u00e1 una direcci\u00f3n. La discusi\u00f3n m\u00e1s importante es qu\u00e9 queremos encontrar cuando llegue ese momento.<\/p>\n\n\n\n<p class=\"wp-block-paragraph\">Camargo puede volver a tener una oficina para los j\u00f3venes. Eso ser\u00eda apenas el comienzo.<\/p>\n\n\n\n<p class=\"wp-block-paragraph\">Lo verdaderamente importante estar\u00e1 detr\u00e1s de esa puerta.<\/p>\n\n\n\n<p class=\"wp-block-paragraph\">Si encontramos una instituci\u00f3n que escucha, acompa\u00f1a, conecta oportunidades y permite que los j\u00f3venes participen en las decisiones de su municipio, entonces habremos construido algo que pueda sobrevivir a una administraci\u00f3n.<\/p>\n\n\n\n<p class=\"wp-block-paragraph\">Y quiz\u00e1 \u00e9se sea el verdadero reto: no volver simplemente a abrir una puerta, sino tener la visi\u00f3n suficiente para decidir qu\u00e9 queremos construir detr\u00e1s de ella.<\/p>\n\n\n\n<p class=\"wp-block-paragraph\"><strong>Mario \u00c1lvarez Porras<\/strong><br><em>Columna de opini\u00f3n.<\/em><\/p>\n\n\n\n<p class=\"wp-block-paragraph\"><em>Fuentes consultadas: ImpactoNoticias; Ley de Juventud para el Estado de Chihuahua; Peri\u00f3dico Oficial del Estado de Chihuahua.<\/em><\/p>\n\n\n\n<p class=\"wp-block-paragraph\"><em>Las propuestas para 2027 son planteamientos editoriales del autor.<\/em><\/p>\n","protected":false},"excerpt":{"rendered":"<p>La verdadera discusi\u00f3n no es qui\u00e9n ocupa una direcci\u00f3n, sino qu\u00e9 instituci\u00f3n estamos construyendo para los j\u00f3venes. Por Mario \u00c1lvarez Porras Hay algo que suele ocurrir cuando termina un gobierno: cambian los nombres, los equipos y las prioridades. Lo dif\u00edcil es saber qu\u00e9 permanece. En Camargo vale la pena pensar en eso cuando hablamos de [&hellip;]<\/p>\n","protected":false},"author":9,"featured_media":178,"comment_status":"closed","ping_status":"open","sticky":false,"template":"","format":"standard","meta":{"_jetpack_newsletter_access":"","_jetpack_dont_email_post_to_subs":false,"_jetpack_newsletter_tier_id":0,"_jetpack_memberships_contains_paywalled_content":false,"_jetpack_feature_clip_id":0,"_jetpack_memberships_contains_paid_content":false,"footnotes":"","jetpack_post_was_ever_published":false},"categories":[4],"tags":[],"class_list":["post-177","post","type-post","status-publish","format-standard","has-post-thumbnail","hentry","category-analisis-politico"],"aioseo_notices":[],"aioseo_head":"\n\t\t<!-- All in One SEO 4.9.10 - aioseo.com -->\n\t<meta name=\"description\" content=\"La verdadera discusi\u00f3n no es qui\u00e9n ocupa una direcci\u00f3n, sino qu\u00e9 instituci\u00f3n estamos construyendo para los j\u00f3venes. Por Mario \u00c1lvarez Porras Hay algo que suele ocurrir cuando termina un gobierno: cambian los nombres, los equipos y las prioridades. Lo dif\u00edcil es saber qu\u00e9 permanece. En Camargo vale la pena pensar en eso cuando hablamos de\" \/>\n\t<meta name=\"robots\" content=\"max-image-preview:large\" \/>\n\t<meta name=\"author\" content=\"Jose Martin Rodriguez\"\/>\n\t<meta name=\"google-site-verification\" content=\"jlwkLGgnMBpX8ktutl9e1D8Kvl7Rh7xmXQIHtOLk65U\" \/>\n\t<link rel=\"canonical\" href=\"https:\/\/www.enfasis.mx\/?p=177\" \/>\n\t<meta name=\"generator\" content=\"All in One SEO (AIOSEO) 4.9.10\" \/>\n\t\t<meta property=\"og:locale\" content=\"en_US\" \/>\n\t\t<meta property=\"og:site_name\" content=\"\u00c9nfasis - El acento en la econom\u00eda y la pol\u00edtica\" \/>\n\t\t<meta property=\"og:type\" content=\"article\" \/>\n\t\t<meta property=\"og:title\" content=\"Camargo y sus j\u00f3venes: el reto no es reabrir una oficina - \u00c9nfasis\" \/>\n\t\t<meta property=\"og:description\" content=\"La verdadera discusi\u00f3n no es qui\u00e9n ocupa una direcci\u00f3n, sino qu\u00e9 instituci\u00f3n estamos construyendo para los j\u00f3venes. Por Mario \u00c1lvarez Porras Hay algo que suele ocurrir cuando termina un gobierno: cambian los nombres, los equipos y las prioridades. Lo dif\u00edcil es saber qu\u00e9 permanece. En Camargo vale la pena pensar en eso cuando hablamos de\" \/>\n\t\t<meta property=\"og:url\" content=\"https:\/\/www.enfasis.mx\/?p=177\" \/>\n\t\t<meta property=\"og:image\" content=\"https:\/\/www.enfasis.mx\/wp-content\/uploads\/2026\/08\/camargo-y-sus-jovenes.png\" \/>\n\t\t<meta property=\"og:image:secure_url\" content=\"https:\/\/www.enfasis.mx\/wp-content\/uploads\/2026\/08\/camargo-y-sus-jovenes.png\" \/>\n\t\t<meta property=\"og:image:width\" content=\"1448\" \/>\n\t\t<meta property=\"og:image:height\" content=\"1086\" \/>\n\t\t<meta property=\"article:published_time\" content=\"2026-08-09T21:33:34+00:00\" \/>\n\t\t<meta property=\"article:modified_time\" content=\"2026-08-09T21:33:37+00:00\" \/>\n\t\t<meta name=\"twitter:card\" content=\"summary_large_image\" \/>\n\t\t<meta name=\"twitter:title\" content=\"Camargo y sus j\u00f3venes: el reto no es reabrir una oficina - \u00c9nfasis\" \/>\n\t\t<meta name=\"twitter:description\" content=\"La verdadera discusi\u00f3n no es qui\u00e9n ocupa una direcci\u00f3n, sino qu\u00e9 instituci\u00f3n estamos construyendo para los j\u00f3venes. Por Mario \u00c1lvarez Porras Hay algo que suele ocurrir cuando termina un gobierno: cambian los nombres, los equipos y las prioridades. Lo dif\u00edcil es saber qu\u00e9 permanece. En Camargo vale la pena pensar en eso cuando hablamos de\" \/>\n\t\t<meta name=\"twitter:image\" content=\"https:\/\/www.enfasis.mx\/wp-content\/uploads\/2026\/08\/camargo-y-sus-jovenes.png\" \/>\n\t\t<script type=\"application\/ld+json\" class=\"aioseo-schema\">\n\t\t\t{\"@context\":\"https:\\\/\\\/schema.org\",\"@graph\":[{\"@type\":\"BlogPosting\",\"@id\":\"https:\\\/\\\/www.enfasis.mx\\\/?p=177#blogposting\",\"name\":\"Camargo y sus j\\u00f3venes: el reto no es reabrir una oficina - \\u00c9nfasis\",\"headline\":\"Camargo y sus j\\u00f3venes: el reto no es reabrir una oficina\",\"author\":{\"@id\":\"https:\\\/\\\/www.enfasis.mx\\\/?author=9#author\"},\"publisher\":{\"@id\":\"https:\\\/\\\/www.enfasis.mx\\\/#organization\"},\"image\":{\"@type\":\"ImageObject\",\"url\":\"https:\\\/\\\/www.enfasis.mx\\\/wp-content\\\/uploads\\\/2026\\\/08\\\/camargo-y-sus-jovenes.png\",\"width\":1448,\"height\":1086},\"datePublished\":\"2026-08-09T14:33:34-07:00\",\"dateModified\":\"2026-08-09T14:33:37-07:00\",\"inLanguage\":\"en-US\",\"mainEntityOfPage\":{\"@id\":\"https:\\\/\\\/www.enfasis.mx\\\/?p=177#webpage\"},\"isPartOf\":{\"@id\":\"https:\\\/\\\/www.enfasis.mx\\\/?p=177#webpage\"},\"articleSection\":\"Pol\\u00edtica\"},{\"@type\":\"BreadcrumbList\",\"@id\":\"https:\\\/\\\/www.enfasis.mx\\\/?p=177#breadcrumblist\",\"itemListElement\":[{\"@type\":\"ListItem\",\"@id\":\"https:\\\/\\\/www.enfasis.mx#listItem\",\"position\":1,\"name\":\"Home\",\"item\":\"https:\\\/\\\/www.enfasis.mx\",\"nextItem\":{\"@type\":\"ListItem\",\"@id\":\"https:\\\/\\\/www.enfasis.mx\\\/?cat=4#listItem\",\"name\":\"Pol\\u00edtica\"}},{\"@type\":\"ListItem\",\"@id\":\"https:\\\/\\\/www.enfasis.mx\\\/?cat=4#listItem\",\"position\":2,\"name\":\"Pol\\u00edtica\",\"item\":\"https:\\\/\\\/www.enfasis.mx\\\/?cat=4\",\"nextItem\":{\"@type\":\"ListItem\",\"@id\":\"https:\\\/\\\/www.enfasis.mx\\\/?p=177#listItem\",\"name\":\"Camargo y sus j\\u00f3venes: el reto no es reabrir una oficina\"},\"previousItem\":{\"@type\":\"ListItem\",\"@id\":\"https:\\\/\\\/www.enfasis.mx#listItem\",\"name\":\"Home\"}},{\"@type\":\"ListItem\",\"@id\":\"https:\\\/\\\/www.enfasis.mx\\\/?p=177#listItem\",\"position\":3,\"name\":\"Camargo y sus j\\u00f3venes: el reto no es reabrir una oficina\",\"previousItem\":{\"@type\":\"ListItem\",\"@id\":\"https:\\\/\\\/www.enfasis.mx\\\/?cat=4#listItem\",\"name\":\"Pol\\u00edtica\"}}]},{\"@type\":\"Organization\",\"@id\":\"https:\\\/\\\/www.enfasis.mx\\\/#organization\",\"name\":\"\\u00c9nfasis Ser Empresario\",\"description\":\"El acento en la econom\\u00eda y la pol\\u00edtica Grupo Editorial Fundado en 1998, su marca insignia es REVISTA SER EMPRESARIO la revista empresarial mas importante del Estado\",\"url\":\"https:\\\/\\\/www.enfasis.mx\\\/\",\"logo\":{\"@type\":\"ImageObject\",\"url\":\"http:\\\/\\\/www.enfasis.mx\\\/wp-content\\\/uploads\\\/2026\\\/07\\\/Enfasis-Logo-1.png\",\"@id\":\"https:\\\/\\\/www.enfasis.mx\\\/?p=177\\\/#organizationLogo\"},\"image\":{\"@id\":\"https:\\\/\\\/www.enfasis.mx\\\/?p=177\\\/#organizationLogo\"}},{\"@type\":\"Person\",\"@id\":\"https:\\\/\\\/www.enfasis.mx\\\/?author=9#author\",\"url\":\"https:\\\/\\\/www.enfasis.mx\\\/?author=9\",\"name\":\"Jose Martin Rodriguez\"},{\"@type\":\"WebPage\",\"@id\":\"https:\\\/\\\/www.enfasis.mx\\\/?p=177#webpage\",\"url\":\"https:\\\/\\\/www.enfasis.mx\\\/?p=177\",\"name\":\"Camargo y sus j\\u00f3venes: el reto no es reabrir una oficina - \\u00c9nfasis\",\"description\":\"La verdadera discusi\\u00f3n no es qui\\u00e9n ocupa una direcci\\u00f3n, sino qu\\u00e9 instituci\\u00f3n estamos construyendo para los j\\u00f3venes. Por Mario \\u00c1lvarez Porras Hay algo que suele ocurrir cuando termina un gobierno: cambian los nombres, los equipos y las prioridades. Lo dif\\u00edcil es saber qu\\u00e9 permanece. En Camargo vale la pena pensar en eso cuando hablamos de\",\"inLanguage\":\"en-US\",\"isPartOf\":{\"@id\":\"https:\\\/\\\/www.enfasis.mx\\\/#website\"},\"breadcrumb\":{\"@id\":\"https:\\\/\\\/www.enfasis.mx\\\/?p=177#breadcrumblist\"},\"author\":{\"@id\":\"https:\\\/\\\/www.enfasis.mx\\\/?author=9#author\"},\"creator\":{\"@id\":\"https:\\\/\\\/www.enfasis.mx\\\/?author=9#author\"},\"image\":{\"@type\":\"ImageObject\",\"url\":\"https:\\\/\\\/www.enfasis.mx\\\/wp-content\\\/uploads\\\/2026\\\/08\\\/camargo-y-sus-jovenes.png\",\"@id\":\"https:\\\/\\\/www.enfasis.mx\\\/?p=177\\\/#mainImage\",\"width\":1448,\"height\":1086},\"primaryImageOfPage\":{\"@id\":\"https:\\\/\\\/www.enfasis.mx\\\/?p=177#mainImage\"},\"datePublished\":\"2026-08-09T14:33:34-07:00\",\"dateModified\":\"2026-08-09T14:33:37-07:00\"},{\"@type\":\"WebSite\",\"@id\":\"https:\\\/\\\/www.enfasis.mx\\\/#website\",\"url\":\"https:\\\/\\\/www.enfasis.mx\\\/\",\"name\":\"\\u00c9nfasis\",\"description\":\"El acento en la econom\\u00eda y la pol\\u00edtica\",\"inLanguage\":\"en-US\",\"publisher\":{\"@id\":\"https:\\\/\\\/www.enfasis.mx\\\/#organization\"}}]}\n\t\t<\/script>\n\t\t<!-- All in One SEO -->\n\n","aioseo_head_json":{"title":"Camargo y sus j\u00f3venes: el reto no es reabrir una oficina - \u00c9nfasis","description":"La verdadera discusi\u00f3n no es qui\u00e9n ocupa una direcci\u00f3n, sino qu\u00e9 instituci\u00f3n estamos construyendo para los j\u00f3venes. Por Mario \u00c1lvarez Porras Hay algo que suele ocurrir cuando termina un gobierno: cambian los nombres, los equipos y las prioridades. Lo dif\u00edcil es saber qu\u00e9 permanece. En Camargo vale la pena pensar en eso cuando hablamos de","canonical_url":"https:\/\/www.enfasis.mx\/?p=177","robots":"max-image-preview:large","keywords":"","webmasterTools":{"google-site-verification":"jlwkLGgnMBpX8ktutl9e1D8Kvl7Rh7xmXQIHtOLk65U","miscellaneous":""},"schema":{"@context":"https:\/\/schema.org","@graph":[{"@type":"BlogPosting","@id":"https:\/\/www.enfasis.mx\/?p=177#blogposting","name":"Camargo y sus j\u00f3venes: el reto no es reabrir una oficina - \u00c9nfasis","headline":"Camargo y sus j\u00f3venes: el reto no es reabrir una oficina","author":{"@id":"https:\/\/www.enfasis.mx\/?author=9#author"},"publisher":{"@id":"https:\/\/www.enfasis.mx\/#organization"},"image":{"@type":"ImageObject","url":"https:\/\/www.enfasis.mx\/wp-content\/uploads\/2026\/08\/camargo-y-sus-jovenes.png","width":1448,"height":1086},"datePublished":"2026-08-09T14:33:34-07:00","dateModified":"2026-08-09T14:33:37-07:00","inLanguage":"en-US","mainEntityOfPage":{"@id":"https:\/\/www.enfasis.mx\/?p=177#webpage"},"isPartOf":{"@id":"https:\/\/www.enfasis.mx\/?p=177#webpage"},"articleSection":"Pol\u00edtica"},{"@type":"BreadcrumbList","@id":"https:\/\/www.enfasis.mx\/?p=177#breadcrumblist","itemListElement":[{"@type":"ListItem","@id":"https:\/\/www.enfasis.mx#listItem","position":1,"name":"Home","item":"https:\/\/www.enfasis.mx","nextItem":{"@type":"ListItem","@id":"https:\/\/www.enfasis.mx\/?cat=4#listItem","name":"Pol\u00edtica"}},{"@type":"ListItem","@id":"https:\/\/www.enfasis.mx\/?cat=4#listItem","position":2,"name":"Pol\u00edtica","item":"https:\/\/www.enfasis.mx\/?cat=4","nextItem":{"@type":"ListItem","@id":"https:\/\/www.enfasis.mx\/?p=177#listItem","name":"Camargo y sus j\u00f3venes: el reto no es reabrir una oficina"},"previousItem":{"@type":"ListItem","@id":"https:\/\/www.enfasis.mx#listItem","name":"Home"}},{"@type":"ListItem","@id":"https:\/\/www.enfasis.mx\/?p=177#listItem","position":3,"name":"Camargo y sus j\u00f3venes: el reto no es reabrir una oficina","previousItem":{"@type":"ListItem","@id":"https:\/\/www.enfasis.mx\/?cat=4#listItem","name":"Pol\u00edtica"}}]},{"@type":"Organization","@id":"https:\/\/www.enfasis.mx\/#organization","name":"\u00c9nfasis Ser Empresario","description":"El acento en la econom\u00eda y la pol\u00edtica Grupo Editorial Fundado en 1998, su marca insignia es REVISTA SER EMPRESARIO la revista empresarial mas importante del Estado","url":"https:\/\/www.enfasis.mx\/","logo":{"@type":"ImageObject","url":"http:\/\/www.enfasis.mx\/wp-content\/uploads\/2026\/07\/Enfasis-Logo-1.png","@id":"https:\/\/www.enfasis.mx\/?p=177\/#organizationLogo"},"image":{"@id":"https:\/\/www.enfasis.mx\/?p=177\/#organizationLogo"}},{"@type":"Person","@id":"https:\/\/www.enfasis.mx\/?author=9#author","url":"https:\/\/www.enfasis.mx\/?author=9","name":"Jose Martin Rodriguez"},{"@type":"WebPage","@id":"https:\/\/www.enfasis.mx\/?p=177#webpage","url":"https:\/\/www.enfasis.mx\/?p=177","name":"Camargo y sus j\u00f3venes: el reto no es reabrir una oficina - \u00c9nfasis","description":"La verdadera discusi\u00f3n no es qui\u00e9n ocupa una direcci\u00f3n, sino qu\u00e9 instituci\u00f3n estamos construyendo para los j\u00f3venes. Por Mario \u00c1lvarez Porras Hay algo que suele ocurrir cuando termina un gobierno: cambian los nombres, los equipos y las prioridades. Lo dif\u00edcil es saber qu\u00e9 permanece. En Camargo vale la pena pensar en eso cuando hablamos de","inLanguage":"en-US","isPartOf":{"@id":"https:\/\/www.enfasis.mx\/#website"},"breadcrumb":{"@id":"https:\/\/www.enfasis.mx\/?p=177#breadcrumblist"},"author":{"@id":"https:\/\/www.enfasis.mx\/?author=9#author"},"creator":{"@id":"https:\/\/www.enfasis.mx\/?author=9#author"},"image":{"@type":"ImageObject","url":"https:\/\/www.enfasis.mx\/wp-content\/uploads\/2026\/08\/camargo-y-sus-jovenes.png","@id":"https:\/\/www.enfasis.mx\/?p=177\/#mainImage","width":1448,"height":1086},"primaryImageOfPage":{"@id":"https:\/\/www.enfasis.mx\/?p=177#mainImage"},"datePublished":"2026-08-09T14:33:34-07:00","dateModified":"2026-08-09T14:33:37-07:00"},{"@type":"WebSite","@id":"https:\/\/www.enfasis.mx\/#website","url":"https:\/\/www.enfasis.mx\/","name":"\u00c9nfasis","description":"El acento en la econom\u00eda y la pol\u00edtica","inLanguage":"en-US","publisher":{"@id":"https:\/\/www.enfasis.mx\/#organization"}}]},"og:locale":"en_US","og:site_name":"\u00c9nfasis - El acento en la econom\u00eda y la pol\u00edtica","og:type":"article","og:title":"Camargo y sus j\u00f3venes: el reto no es reabrir una oficina - \u00c9nfasis","og:description":"La verdadera discusi\u00f3n no es qui\u00e9n ocupa una direcci\u00f3n, sino qu\u00e9 instituci\u00f3n estamos construyendo para los j\u00f3venes. Por Mario \u00c1lvarez Porras Hay algo que suele ocurrir cuando termina un gobierno: cambian los nombres, los equipos y las prioridades. Lo dif\u00edcil es saber qu\u00e9 permanece. En Camargo vale la pena pensar en eso cuando hablamos de","og:url":"https:\/\/www.enfasis.mx\/?p=177","og:image":"https:\/\/www.enfasis.mx\/wp-content\/uploads\/2026\/08\/camargo-y-sus-jovenes.png","og:image:secure_url":"https:\/\/www.enfasis.mx\/wp-content\/uploads\/2026\/08\/camargo-y-sus-jovenes.png","og:image:width":1448,"og:image:height":1086,"article:published_time":"2026-08-09T21:33:34+00:00","article:modified_time":"2026-08-09T21:33:37+00:00","twitter:card":"summary_large_image","twitter:title":"Camargo y sus j\u00f3venes: el reto no es reabrir una oficina - \u00c9nfasis","twitter:description":"La verdadera discusi\u00f3n no es qui\u00e9n ocupa una direcci\u00f3n, sino qu\u00e9 instituci\u00f3n estamos construyendo para los j\u00f3venes. Por Mario \u00c1lvarez Porras Hay algo que suele ocurrir cuando termina un gobierno: cambian los nombres, los equipos y las prioridades. Lo dif\u00edcil es saber qu\u00e9 permanece. En Camargo vale la pena pensar en eso cuando hablamos de","twitter:image":"https:\/\/www.enfasis.mx\/wp-content\/uploads\/2026\/08\/camargo-y-sus-jovenes.png"},"aioseo_meta_data":{"post_id":"177","title":null,"description":null,"keywords":null,"keyphrases":{"focus":{"keyphrase":"","score":0,"analysis":{"keyphraseInTitle":{"score":0,"maxScore":9,"error":1}}},"additional":[]},"primary_term":null,"canonical_url":null,"og_title":null,"og_description":null,"og_object_type":"default","og_image_type":"default","og_image_custom_url":null,"og_image_custom_fields":null,"og_image_url":null,"og_image_width":null,"og_image_height":null,"og_video":"","og_custom_url":null,"og_article_section":null,"og_article_tags":null,"twitter_use_og":true,"twitter_card":"summary_large_image","twitter_image_type":"default","twitter_image_custom_url":null,"twitter_image_custom_fields":null,"twitter_image_url":null,"twitter_title":null,"twitter_description":null,"schema_type":"default","schema_type_options":null,"schema":{"blockGraphs":[],"customGraphs":[],"default":{"data":{"Article":[],"Course":[],"Dataset":[],"FAQPage":[],"Movie":[],"Person":[],"Product":[],"ProductReview":[],"Car":[],"Recipe":[],"Service":[],"SoftwareApplication":[],"WebPage":[]},"graphName":"BlogPosting","isEnabled":true},"graphs":[]},"pillar_content":false,"robots_default":true,"robots_noindex":false,"robots_noarchive":false,"robots_nosnippet":false,"robots_nofollow":false,"robots_noimageindex":false,"robots_noodp":false,"robots_notranslate":false,"robots_max_snippet":"-1","robots_max_videopreview":"-1","robots_max_imagepreview":"large","priority":null,"frequency":"default","local_seo":null,"limit_modified_date":false,"ai":{"faqs":[],"keyPoints":[],"schemas":[],"titles":[],"descriptions":[],"socialPosts":{"email":{"subject":"","preview":"","content":""},"linkedin":[],"twitter":[],"facebook":[],"instagram":[]}},"breadcrumb_settings":null,"seo_analyzer_scan_date":null,"created":"2026-08-09 21:33:37","updated":"2026-08-10 04:09:41"},"aioseo_breadcrumb":"<div class=\"aioseo-breadcrumbs\"><span class=\"aioseo-breadcrumb\">\n\t\t\t<a href=\"https:\/\/www.enfasis.mx\" title=\"Home\">Home<\/a>\n\t\t<\/span><span class=\"aioseo-breadcrumb-separator\">&raquo;<\/span><span class=\"aioseo-breadcrumb\">\n\t\t\t<a href=\"https:\/\/www.enfasis.mx\/?cat=4\" title=\"Pol\u00edtica\">Pol\u00edtica<\/a>\n\t\t<\/span><span class=\"aioseo-breadcrumb-separator\">&raquo;<\/span><span class=\"aioseo-breadcrumb\">\n\t\t\tCamargo y sus j\u00f3venes: el reto no es reabrir una oficina\n\t\t<\/span><\/div>","aioseo_breadcrumb_json":[{"label":"Home","link":"https:\/\/www.enfasis.mx"},{"label":"Pol\u00edtica","link":"https:\/\/www.enfasis.mx\/?cat=4"},{"label":"Camargo y sus j\u00f3venes: el reto no es reabrir una oficina","link":"https:\/\/www.enfasis.mx\/?p=177"}],"wpmagazine_modules_lite_featured_media_urls":{"thumbnail":["https:\/\/www.enfasis.mx\/wp-content\/uploads\/2026\/08\/camargo-y-sus-jovenes-150x150.png",150,150,true],"cvmm-medium":["https:\/\/www.enfasis.mx\/wp-content\/uploads\/2026\/08\/camargo-y-sus-jovenes-300x300.png",300,300,true],"cvmm-medium-plus":["https:\/\/www.enfasis.mx\/wp-content\/uploads\/2026\/08\/camargo-y-sus-jovenes-305x207.png",305,207,true],"cvmm-portrait":["https:\/\/www.enfasis.mx\/wp-content\/uploads\/2026\/08\/camargo-y-sus-jovenes-400x600.png",400,600,true],"cvmm-medium-square":["https:\/\/www.enfasis.mx\/wp-content\/uploads\/2026\/08\/camargo-y-sus-jovenes-600x600.png",600,600,true],"cvmm-large":["https:\/\/www.enfasis.mx\/wp-content\/uploads\/2026\/08\/camargo-y-sus-jovenes-1024x1024.png",1024,1024,true],"cvmm-small":["https:\/\/www.enfasis.mx\/wp-content\/uploads\/2026\/08\/camargo-y-sus-jovenes-130x95.png",130,95,true],"full":["https:\/\/www.enfasis.mx\/wp-content\/uploads\/2026\/08\/camargo-y-sus-jovenes.png",1448,1086,false]},"categories_names":{"4":{"name":"Pol\u00edtica","link":"https:\/\/www.enfasis.mx\/?cat=4"}},"tags_names":[],"comments_number":"0","jetpack_sharing_enabled":true,"jetpack_featured_media_url":"https:\/\/www.enfasis.mx\/wp-content\/uploads\/2026\/08\/camargo-y-sus-jovenes.png","_links":{"self":[{"href":"https:\/\/www.enfasis.mx\/index.php?rest_route=\/wp\/v2\/posts\/177","targetHints":{"allow":["GET"]}}],"collection":[{"href":"https:\/\/www.enfasis.mx\/index.php?rest_route=\/wp\/v2\/posts"}],"about":[{"href":"https:\/\/www.enfasis.mx\/index.php?rest_route=\/wp\/v2\/types\/post"}],"author":[{"embeddable":true,"href":"https:\/\/www.enfasis.mx\/index.php?rest_route=\/wp\/v2\/users\/9"}],"replies":[{"embeddable":true,"href":"https:\/\/www.enfasis.mx\/index.php?rest_route=%2Fwp%2Fv2%2Fcomments&post=177"}],"version-history":[{"count":1,"href":"https:\/\/www.enfasis.mx\/index.php?rest_route=\/wp\/v2\/posts\/177\/revisions"}],"predecessor-version":[{"id":179,"href":"https:\/\/www.enfasis.mx\/index.php?rest_route=\/wp\/v2\/posts\/177\/revisions\/179"}],"wp:featuredmedia":[{"embeddable":true,"href":"https:\/\/www.enfasis.mx\/index.php?rest_route=\/wp\/v2\/media\/178"}],"wp:attachment":[{"href":"https:\/\/www.enfasis.mx\/index.php?rest_route=%2Fwp%2Fv2%2Fmedia&parent=177"}],"wp:term":[{"taxonomy":"category","embeddable":true,"href":"https:\/\/www.enfasis.mx\/index.php?rest_route=%2Fwp%2Fv2%2Fcategories&post=177"},{"taxonomy":"post_tag","embeddable":true,"href":"https:\/\/www.enfasis.mx\/index.php?rest_route=%2Fwp%2Fv2%2Ftags&post=177"}],"curies":[{"name":"wp","href":"https:\/\/api.w.org\/{rel}","templated":true}]}}