{"id":193,"date":"2026-08-18T08:58:13","date_gmt":"2026-08-18T15:58:13","guid":{"rendered":"https:\/\/www.enfasis.mx\/?p=193"},"modified":"2026-08-18T08:59:11","modified_gmt":"2026-08-18T15:59:11","slug":"se-le-acabo-la-racha-al-consumo-mexicano","status":"publish","type":"post","link":"https:\/\/www.enfasis.mx\/?p=193","title":{"rendered":"Se le acab\u00f3 la racha al consumo mexicano:"},"content":{"rendered":"\n<p class=\"wp-block-paragraph\">El INEGI mide cada mes cu\u00e1nto gastan los hogares del pa\u00eds en comida, ropa y servicios, y ese term\u00f3metro se qued\u00f3 casi igual en julio que en junio. Cero variaci\u00f3n, justo cuando ven\u00edamos de cuatro meses seguidos de alza. Nadie compr\u00f3 menos, simplemente ya nadie compr\u00f3 m\u00e1s.<br><br>El portal <a href=\"https:\/\/www.axisnegocios.com\/\">Axis negocios<\/a> indic\u00f3 en su articulo de esta ma\u00f1ana que el consumo privado en el mercado interno de M\u00e9xico se mantuvo estable y sin variaci\u00f3n mensual en julio, en cifras desestacionalizadas, lo que cort\u00f3 una racha de cuatro incrementos, de acuerdo con el indicador oportuno conocido como IOCP del Instituto Nacional de Estad\u00edstica y Geograf\u00eda.<\/p>\n\n\n\n<p class=\"wp-block-paragraph\">El desempe\u00f1o del consumo en el mes de junio fue ajustado al alza, al pasar de un crecimiento preliminar de 0.1% a un aumento de 0.2% mensual, as\u00ed mismo, el consumo privado creci\u00f3 2.2% a tasa anual en julio o frente al s\u00e9ptimo mes de 2025, con lo que lig\u00f3 16 meses de avances.<\/p>\n\n\n\n<p class=\"wp-block-paragraph\">\u201cEl IOCP (base 2018=100) indica que el IMCP alcanzar\u00e1 un nivel de 114.2 puntos en junio y julio de este a\u00f1o\u201d, dijo Inegi, como tambi\u00e9n es conocido el \u00f3rgano responsable de recabar la informaci\u00f3n econ\u00f3mica y social del pa\u00eds, en un comunicado. \u201cLas estimaciones presentan sus respectivos intervalos de confianza a 95% y corresponden a cifras desestacionalizadas\u201d.<\/p>\n\n\n\n<p class=\"wp-block-paragraph\">El desempe\u00f1o a tasa anual del mes de junio fue recortado, al pasar de un incremento de 2.6% a uno de 2.5%, dijo Inegi.<\/p>\n\n\n\n<p class=\"wp-block-paragraph\"><\/p>\n","protected":false},"excerpt":{"rendered":"<p>El INEGI mide cada mes cu\u00e1nto gastan los hogares del pa\u00eds en comida, ropa y servicios, y ese term\u00f3metro se qued\u00f3 casi igual en julio que en junio. Cero variaci\u00f3n, justo cuando ven\u00edamos de cuatro meses seguidos de alza. Nadie compr\u00f3 menos, simplemente ya nadie compr\u00f3 m\u00e1s. El portal Axis negocios indic\u00f3 en su articulo [&hellip;]<\/p>\n","protected":false},"author":1,"featured_media":194,"comment_status":"closed","ping_status":"open","sticky":false,"template":"","format":"standard","meta":{"_jetpack_newsletter_access":"","_jetpack_dont_email_post_to_subs":false,"_jetpack_newsletter_tier_id":0,"_jetpack_memberships_contains_paywalled_content":false,"_jetpack_feature_clip_id":0,"_jetpack_memberships_contains_paid_content":false,"footnotes":"","jetpack_post_was_ever_published":false},"categories":[5],"tags":[],"class_list":["post-193","post","type-post","status-publish","format-standard","has-post-thumbnail","hentry","category-analisis-economico-y-financiero"],"aioseo_notices":[],"aioseo_head":"\n\t\t<!-- All in One SEO 4.9.10 - aioseo.com -->\n\t<meta name=\"description\" content=\"El INEGI mide cada mes cu\u00e1nto gastan los hogares del pa\u00eds en comida, ropa y servicios, y ese term\u00f3metro se qued\u00f3 casi igual en julio que en junio. Cero variaci\u00f3n, justo cuando ven\u00edamos de cuatro meses seguidos de alza. Nadie compr\u00f3 menos, simplemente ya nadie compr\u00f3 m\u00e1s.El portal Axis negocios indic\u00f3 en su articulo de\" \/>\n\t<meta name=\"robots\" content=\"max-image-preview:large\" \/>\n\t<meta name=\"author\" content=\"user\"\/>\n\t<meta name=\"google-site-verification\" content=\"jlwkLGgnMBpX8ktutl9e1D8Kvl7Rh7xmXQIHtOLk65U\" \/>\n\t<link rel=\"canonical\" href=\"https:\/\/www.enfasis.mx\/?p=193\" \/>\n\t<meta name=\"generator\" content=\"All in One SEO (AIOSEO) 4.9.10\" \/>\n\t\t<meta property=\"og:locale\" content=\"en_US\" \/>\n\t\t<meta property=\"og:site_name\" content=\"\u00c9nfasis - El acento en la econom\u00eda y la pol\u00edtica\" \/>\n\t\t<meta property=\"og:type\" content=\"article\" \/>\n\t\t<meta property=\"og:title\" content=\"Se le acab\u00f3 la racha al consumo mexicano: - \u00c9nfasis\" \/>\n\t\t<meta property=\"og:description\" content=\"El INEGI mide cada mes cu\u00e1nto gastan los hogares del pa\u00eds en comida, ropa y servicios, y ese term\u00f3metro se qued\u00f3 casi igual en julio que en junio. Cero variaci\u00f3n, justo cuando ven\u00edamos de cuatro meses seguidos de alza. Nadie compr\u00f3 menos, simplemente ya nadie compr\u00f3 m\u00e1s.El portal Axis negocios indic\u00f3 en su articulo de\" \/>\n\t\t<meta property=\"og:url\" content=\"https:\/\/www.enfasis.mx\/?p=193\" \/>\n\t\t<meta property=\"og:image\" content=\"https:\/\/www.enfasis.mx\/wp-content\/uploads\/2026\/08\/Consumo2.png\" \/>\n\t\t<meta property=\"og:image:secure_url\" content=\"https:\/\/www.enfasis.mx\/wp-content\/uploads\/2026\/08\/Consumo2.png\" \/>\n\t\t<meta property=\"og:image:width\" content=\"800\" \/>\n\t\t<meta property=\"og:image:height\" content=\"468\" \/>\n\t\t<meta property=\"article:published_time\" content=\"2026-08-18T15:58:13+00:00\" \/>\n\t\t<meta property=\"article:modified_time\" content=\"2026-08-18T15:59:11+00:00\" \/>\n\t\t<meta name=\"twitter:card\" content=\"summary_large_image\" \/>\n\t\t<meta name=\"twitter:title\" content=\"Se le acab\u00f3 la racha al consumo mexicano: - \u00c9nfasis\" \/>\n\t\t<meta name=\"twitter:description\" content=\"El INEGI mide cada mes cu\u00e1nto gastan los hogares del pa\u00eds en comida, ropa y servicios, y ese term\u00f3metro se qued\u00f3 casi igual en julio que en junio. Cero variaci\u00f3n, justo cuando ven\u00edamos de cuatro meses seguidos de alza. Nadie compr\u00f3 menos, simplemente ya nadie compr\u00f3 m\u00e1s.El portal Axis negocios indic\u00f3 en su articulo de\" \/>\n\t\t<meta name=\"twitter:image\" content=\"https:\/\/www.enfasis.mx\/wp-content\/uploads\/2026\/08\/Consumo2.png\" \/>\n\t\t<script type=\"application\/ld+json\" class=\"aioseo-schema\">\n\t\t\t{\"@context\":\"https:\\\/\\\/schema.org\",\"@graph\":[{\"@type\":\"BlogPosting\",\"@id\":\"https:\\\/\\\/www.enfasis.mx\\\/?p=193#blogposting\",\"name\":\"Se le acab\\u00f3 la racha al consumo mexicano: - \\u00c9nfasis\",\"headline\":\"Se le acab\\u00f3 la racha al consumo mexicano:\",\"author\":{\"@id\":\"https:\\\/\\\/www.enfasis.mx\\\/?author=1#author\"},\"publisher\":{\"@id\":\"https:\\\/\\\/www.enfasis.mx\\\/#organization\"},\"image\":{\"@type\":\"ImageObject\",\"url\":\"https:\\\/\\\/www.enfasis.mx\\\/wp-content\\\/uploads\\\/2026\\\/08\\\/Consumo2.png\",\"width\":800,\"height\":468,\"caption\":\"Consumo\"},\"datePublished\":\"2026-08-18T08:58:13-07:00\",\"dateModified\":\"2026-08-18T08:59:11-07:00\",\"inLanguage\":\"en-US\",\"mainEntityOfPage\":{\"@id\":\"https:\\\/\\\/www.enfasis.mx\\\/?p=193#webpage\"},\"isPartOf\":{\"@id\":\"https:\\\/\\\/www.enfasis.mx\\\/?p=193#webpage\"},\"articleSection\":\"Econom\\u00eda y Finanzas\"},{\"@type\":\"BreadcrumbList\",\"@id\":\"https:\\\/\\\/www.enfasis.mx\\\/?p=193#breadcrumblist\",\"itemListElement\":[{\"@type\":\"ListItem\",\"@id\":\"https:\\\/\\\/www.enfasis.mx#listItem\",\"position\":1,\"name\":\"Home\",\"item\":\"https:\\\/\\\/www.enfasis.mx\",\"nextItem\":{\"@type\":\"ListItem\",\"@id\":\"https:\\\/\\\/www.enfasis.mx\\\/?cat=5#listItem\",\"name\":\"Econom\\u00eda y Finanzas\"}},{\"@type\":\"ListItem\",\"@id\":\"https:\\\/\\\/www.enfasis.mx\\\/?cat=5#listItem\",\"position\":2,\"name\":\"Econom\\u00eda y Finanzas\",\"item\":\"https:\\\/\\\/www.enfasis.mx\\\/?cat=5\",\"nextItem\":{\"@type\":\"ListItem\",\"@id\":\"https:\\\/\\\/www.enfasis.mx\\\/?p=193#listItem\",\"name\":\"Se le acab\\u00f3 la racha al consumo mexicano:\"},\"previousItem\":{\"@type\":\"ListItem\",\"@id\":\"https:\\\/\\\/www.enfasis.mx#listItem\",\"name\":\"Home\"}},{\"@type\":\"ListItem\",\"@id\":\"https:\\\/\\\/www.enfasis.mx\\\/?p=193#listItem\",\"position\":3,\"name\":\"Se le acab\\u00f3 la racha al consumo mexicano:\",\"previousItem\":{\"@type\":\"ListItem\",\"@id\":\"https:\\\/\\\/www.enfasis.mx\\\/?cat=5#listItem\",\"name\":\"Econom\\u00eda y Finanzas\"}}]},{\"@type\":\"Organization\",\"@id\":\"https:\\\/\\\/www.enfasis.mx\\\/#organization\",\"name\":\"\\u00c9nfasis Ser Empresario\",\"description\":\"El acento en la econom\\u00eda y la pol\\u00edtica Grupo Editorial Fundado en 1998, su marca insignia es REVISTA SER EMPRESARIO la revista empresarial mas importante del Estado\",\"url\":\"https:\\\/\\\/www.enfasis.mx\\\/\",\"logo\":{\"@type\":\"ImageObject\",\"url\":\"http:\\\/\\\/www.enfasis.mx\\\/wp-content\\\/uploads\\\/2026\\\/07\\\/Enfasis-Logo-1.png\",\"@id\":\"https:\\\/\\\/www.enfasis.mx\\\/?p=193\\\/#organizationLogo\"},\"image\":{\"@id\":\"https:\\\/\\\/www.enfasis.mx\\\/?p=193\\\/#organizationLogo\"}},{\"@type\":\"Person\",\"@id\":\"https:\\\/\\\/www.enfasis.mx\\\/?author=1#author\",\"url\":\"https:\\\/\\\/www.enfasis.mx\\\/?author=1\",\"name\":\"user\"},{\"@type\":\"WebPage\",\"@id\":\"https:\\\/\\\/www.enfasis.mx\\\/?p=193#webpage\",\"url\":\"https:\\\/\\\/www.enfasis.mx\\\/?p=193\",\"name\":\"Se le acab\\u00f3 la racha al consumo mexicano: - \\u00c9nfasis\",\"description\":\"El INEGI mide cada mes cu\\u00e1nto gastan los hogares del pa\\u00eds en comida, ropa y servicios, y ese term\\u00f3metro se qued\\u00f3 casi igual en julio que en junio. Cero variaci\\u00f3n, justo cuando ven\\u00edamos de cuatro meses seguidos de alza. Nadie compr\\u00f3 menos, simplemente ya nadie compr\\u00f3 m\\u00e1s.El portal Axis negocios indic\\u00f3 en su articulo de\",\"inLanguage\":\"en-US\",\"isPartOf\":{\"@id\":\"https:\\\/\\\/www.enfasis.mx\\\/#website\"},\"breadcrumb\":{\"@id\":\"https:\\\/\\\/www.enfasis.mx\\\/?p=193#breadcrumblist\"},\"author\":{\"@id\":\"https:\\\/\\\/www.enfasis.mx\\\/?author=1#author\"},\"creator\":{\"@id\":\"https:\\\/\\\/www.enfasis.mx\\\/?author=1#author\"},\"image\":{\"@type\":\"ImageObject\",\"url\":\"https:\\\/\\\/www.enfasis.mx\\\/wp-content\\\/uploads\\\/2026\\\/08\\\/Consumo2.png\",\"@id\":\"https:\\\/\\\/www.enfasis.mx\\\/?p=193\\\/#mainImage\",\"width\":800,\"height\":468,\"caption\":\"Consumo\"},\"primaryImageOfPage\":{\"@id\":\"https:\\\/\\\/www.enfasis.mx\\\/?p=193#mainImage\"},\"datePublished\":\"2026-08-18T08:58:13-07:00\",\"dateModified\":\"2026-08-18T08:59:11-07:00\"},{\"@type\":\"WebSite\",\"@id\":\"https:\\\/\\\/www.enfasis.mx\\\/#website\",\"url\":\"https:\\\/\\\/www.enfasis.mx\\\/\",\"name\":\"\\u00c9nfasis\",\"description\":\"El acento en la econom\\u00eda y la pol\\u00edtica\",\"inLanguage\":\"en-US\",\"publisher\":{\"@id\":\"https:\\\/\\\/www.enfasis.mx\\\/#organization\"}}]}\n\t\t<\/script>\n\t\t<!-- All in One SEO -->\n\n","aioseo_head_json":{"title":"Se le acab\u00f3 la racha al consumo mexicano: - \u00c9nfasis","description":"El INEGI mide cada mes cu\u00e1nto gastan los hogares del pa\u00eds en comida, ropa y servicios, y ese term\u00f3metro se qued\u00f3 casi igual en julio que en junio. Cero variaci\u00f3n, justo cuando ven\u00edamos de cuatro meses seguidos de alza. Nadie compr\u00f3 menos, simplemente ya nadie compr\u00f3 m\u00e1s.El portal Axis negocios indic\u00f3 en su articulo de","canonical_url":"https:\/\/www.enfasis.mx\/?p=193","robots":"max-image-preview:large","keywords":"","webmasterTools":{"google-site-verification":"jlwkLGgnMBpX8ktutl9e1D8Kvl7Rh7xmXQIHtOLk65U","miscellaneous":""},"schema":{"@context":"https:\/\/schema.org","@graph":[{"@type":"BlogPosting","@id":"https:\/\/www.enfasis.mx\/?p=193#blogposting","name":"Se le acab\u00f3 la racha al consumo mexicano: - \u00c9nfasis","headline":"Se le acab\u00f3 la racha al consumo mexicano:","author":{"@id":"https:\/\/www.enfasis.mx\/?author=1#author"},"publisher":{"@id":"https:\/\/www.enfasis.mx\/#organization"},"image":{"@type":"ImageObject","url":"https:\/\/www.enfasis.mx\/wp-content\/uploads\/2026\/08\/Consumo2.png","width":800,"height":468,"caption":"Consumo"},"datePublished":"2026-08-18T08:58:13-07:00","dateModified":"2026-08-18T08:59:11-07:00","inLanguage":"en-US","mainEntityOfPage":{"@id":"https:\/\/www.enfasis.mx\/?p=193#webpage"},"isPartOf":{"@id":"https:\/\/www.enfasis.mx\/?p=193#webpage"},"articleSection":"Econom\u00eda y Finanzas"},{"@type":"BreadcrumbList","@id":"https:\/\/www.enfasis.mx\/?p=193#breadcrumblist","itemListElement":[{"@type":"ListItem","@id":"https:\/\/www.enfasis.mx#listItem","position":1,"name":"Home","item":"https:\/\/www.enfasis.mx","nextItem":{"@type":"ListItem","@id":"https:\/\/www.enfasis.mx\/?cat=5#listItem","name":"Econom\u00eda y Finanzas"}},{"@type":"ListItem","@id":"https:\/\/www.enfasis.mx\/?cat=5#listItem","position":2,"name":"Econom\u00eda y Finanzas","item":"https:\/\/www.enfasis.mx\/?cat=5","nextItem":{"@type":"ListItem","@id":"https:\/\/www.enfasis.mx\/?p=193#listItem","name":"Se le acab\u00f3 la racha al consumo mexicano:"},"previousItem":{"@type":"ListItem","@id":"https:\/\/www.enfasis.mx#listItem","name":"Home"}},{"@type":"ListItem","@id":"https:\/\/www.enfasis.mx\/?p=193#listItem","position":3,"name":"Se le acab\u00f3 la racha al consumo mexicano:","previousItem":{"@type":"ListItem","@id":"https:\/\/www.enfasis.mx\/?cat=5#listItem","name":"Econom\u00eda y Finanzas"}}]},{"@type":"Organization","@id":"https:\/\/www.enfasis.mx\/#organization","name":"\u00c9nfasis Ser Empresario","description":"El acento en la econom\u00eda y la pol\u00edtica Grupo Editorial Fundado en 1998, su marca insignia es REVISTA SER EMPRESARIO la revista empresarial mas importante del Estado","url":"https:\/\/www.enfasis.mx\/","logo":{"@type":"ImageObject","url":"http:\/\/www.enfasis.mx\/wp-content\/uploads\/2026\/07\/Enfasis-Logo-1.png","@id":"https:\/\/www.enfasis.mx\/?p=193\/#organizationLogo"},"image":{"@id":"https:\/\/www.enfasis.mx\/?p=193\/#organizationLogo"}},{"@type":"Person","@id":"https:\/\/www.enfasis.mx\/?author=1#author","url":"https:\/\/www.enfasis.mx\/?author=1","name":"user"},{"@type":"WebPage","@id":"https:\/\/www.enfasis.mx\/?p=193#webpage","url":"https:\/\/www.enfasis.mx\/?p=193","name":"Se le acab\u00f3 la racha al consumo mexicano: - \u00c9nfasis","description":"El INEGI mide cada mes cu\u00e1nto gastan los hogares del pa\u00eds en comida, ropa y servicios, y ese term\u00f3metro se qued\u00f3 casi igual en julio que en junio. Cero variaci\u00f3n, justo cuando ven\u00edamos de cuatro meses seguidos de alza. Nadie compr\u00f3 menos, simplemente ya nadie compr\u00f3 m\u00e1s.El portal Axis negocios indic\u00f3 en su articulo de","inLanguage":"en-US","isPartOf":{"@id":"https:\/\/www.enfasis.mx\/#website"},"breadcrumb":{"@id":"https:\/\/www.enfasis.mx\/?p=193#breadcrumblist"},"author":{"@id":"https:\/\/www.enfasis.mx\/?author=1#author"},"creator":{"@id":"https:\/\/www.enfasis.mx\/?author=1#author"},"image":{"@type":"ImageObject","url":"https:\/\/www.enfasis.mx\/wp-content\/uploads\/2026\/08\/Consumo2.png","@id":"https:\/\/www.enfasis.mx\/?p=193\/#mainImage","width":800,"height":468,"caption":"Consumo"},"primaryImageOfPage":{"@id":"https:\/\/www.enfasis.mx\/?p=193#mainImage"},"datePublished":"2026-08-18T08:58:13-07:00","dateModified":"2026-08-18T08:59:11-07:00"},{"@type":"WebSite","@id":"https:\/\/www.enfasis.mx\/#website","url":"https:\/\/www.enfasis.mx\/","name":"\u00c9nfasis","description":"El acento en la econom\u00eda y la pol\u00edtica","inLanguage":"en-US","publisher":{"@id":"https:\/\/www.enfasis.mx\/#organization"}}]},"og:locale":"en_US","og:site_name":"\u00c9nfasis - El acento en la econom\u00eda y la pol\u00edtica","og:type":"article","og:title":"Se le acab\u00f3 la racha al consumo mexicano: - \u00c9nfasis","og:description":"El INEGI mide cada mes cu\u00e1nto gastan los hogares del pa\u00eds en comida, ropa y servicios, y ese term\u00f3metro se qued\u00f3 casi igual en julio que en junio. Cero variaci\u00f3n, justo cuando ven\u00edamos de cuatro meses seguidos de alza. Nadie compr\u00f3 menos, simplemente ya nadie compr\u00f3 m\u00e1s.El portal Axis negocios indic\u00f3 en su articulo de","og:url":"https:\/\/www.enfasis.mx\/?p=193","og:image":"https:\/\/www.enfasis.mx\/wp-content\/uploads\/2026\/08\/Consumo2.png","og:image:secure_url":"https:\/\/www.enfasis.mx\/wp-content\/uploads\/2026\/08\/Consumo2.png","og:image:width":800,"og:image:height":468,"article:published_time":"2026-08-18T15:58:13+00:00","article:modified_time":"2026-08-18T15:59:11+00:00","twitter:card":"summary_large_image","twitter:title":"Se le acab\u00f3 la racha al consumo mexicano: - \u00c9nfasis","twitter:description":"El INEGI mide cada mes cu\u00e1nto gastan los hogares del pa\u00eds en comida, ropa y servicios, y ese term\u00f3metro se qued\u00f3 casi igual en julio que en junio. Cero variaci\u00f3n, justo cuando ven\u00edamos de cuatro meses seguidos de alza. Nadie compr\u00f3 menos, simplemente ya nadie compr\u00f3 m\u00e1s.El portal Axis negocios indic\u00f3 en su articulo de","twitter:image":"https:\/\/www.enfasis.mx\/wp-content\/uploads\/2026\/08\/Consumo2.png"},"aioseo_meta_data":{"post_id":"193","title":"#post_title #separator_sa #site_title","description":"#post_excerpt","keywords":null,"keyphrases":{"focus":{"keyphrase":"","score":0,"analysis":{"keyphraseInTitle":{"score":0,"maxScore":9,"error":1}}},"additional":[]},"primary_term":null,"canonical_url":null,"og_title":null,"og_description":null,"og_object_type":"default","og_image_type":"default","og_image_custom_url":null,"og_image_custom_fields":null,"og_image_url":null,"og_image_width":null,"og_image_height":null,"og_video":"","og_custom_url":null,"og_article_section":null,"og_article_tags":null,"twitter_use_og":true,"twitter_card":"default","twitter_image_type":"default","twitter_image_custom_url":null,"twitter_image_custom_fields":null,"twitter_image_url":null,"twitter_title":null,"twitter_description":null,"schema_type":"default","schema_type_options":null,"schema":{"blockGraphs":[],"customGraphs":[],"default":{"data":{"Article":[],"Course":[],"Dataset":[],"FAQPage":[],"Movie":[],"Person":[],"Product":[],"ProductReview":[],"Car":[],"Recipe":[],"Service":[],"SoftwareApplication":[],"WebPage":[]},"graphName":"BlogPosting","isEnabled":true},"graphs":[]},"pillar_content":false,"robots_default":true,"robots_noindex":false,"robots_noarchive":false,"robots_nosnippet":false,"robots_nofollow":false,"robots_noimageindex":false,"robots_noodp":false,"robots_notranslate":false,"robots_max_snippet":"-1","robots_max_videopreview":"-1","robots_max_imagepreview":"large","priority":null,"frequency":"default","local_seo":null,"limit_modified_date":false,"ai":{"faqs":[],"keyPoints":[],"schemas":[],"titles":[],"descriptions":[],"socialPosts":{"email":{"subject":"","preview":"","content":""},"linkedin":[],"twitter":[],"facebook":[],"instagram":[]}},"breadcrumb_settings":null,"seo_analyzer_scan_date":null,"created":"2026-08-18 15:58:17","updated":"2026-08-18 16:30:30"},"aioseo_breadcrumb":"<div class=\"aioseo-breadcrumbs\"><span class=\"aioseo-breadcrumb\">\n\t\t\t<a href=\"https:\/\/www.enfasis.mx\" title=\"Home\">Home<\/a>\n\t\t<\/span><span class=\"aioseo-breadcrumb-separator\">&raquo;<\/span><span class=\"aioseo-breadcrumb\">\n\t\t\t<a href=\"https:\/\/www.enfasis.mx\/?cat=5\" title=\"Econom\u00eda y Finanzas\">Econom\u00eda y Finanzas<\/a>\n\t\t<\/span><span class=\"aioseo-breadcrumb-separator\">&raquo;<\/span><span class=\"aioseo-breadcrumb\">\n\t\t\tSe le acab\u00f3 la racha al consumo mexicano:\n\t\t<\/span><\/div>","aioseo_breadcrumb_json":[{"label":"Home","link":"https:\/\/www.enfasis.mx"},{"label":"Econom\u00eda y Finanzas","link":"https:\/\/www.enfasis.mx\/?cat=5"},{"label":"Se le acab\u00f3 la racha al consumo mexicano:","link":"https:\/\/www.enfasis.mx\/?p=193"}],"wpmagazine_modules_lite_featured_media_urls":{"thumbnail":["https:\/\/www.enfasis.mx\/wp-content\/uploads\/2026\/08\/Consumo2-150x150.png",150,150,true],"cvmm-medium":["https:\/\/www.enfasis.mx\/wp-content\/uploads\/2026\/08\/Consumo2-300x300.png",300,300,true],"cvmm-medium-plus":["https:\/\/www.enfasis.mx\/wp-content\/uploads\/2026\/08\/Consumo2-305x207.png",305,207,true],"cvmm-portrait":["https:\/\/www.enfasis.mx\/wp-content\/uploads\/2026\/08\/Consumo2-400x468.png",400,468,true],"cvmm-medium-square":["https:\/\/www.enfasis.mx\/wp-content\/uploads\/2026\/08\/Consumo2-600x468.png",600,468,true],"cvmm-large":["https:\/\/www.enfasis.mx\/wp-content\/uploads\/2026\/08\/Consumo2.png",800,468,false],"cvmm-small":["https:\/\/www.enfasis.mx\/wp-content\/uploads\/2026\/08\/Consumo2-130x95.png",130,95,true],"full":["https:\/\/www.enfasis.mx\/wp-content\/uploads\/2026\/08\/Consumo2.png",800,468,false]},"categories_names":{"5":{"name":"Econom\u00eda y Finanzas","link":"https:\/\/www.enfasis.mx\/?cat=5"}},"tags_names":[],"comments_number":"0","jetpack_sharing_enabled":true,"jetpack_featured_media_url":"https:\/\/www.enfasis.mx\/wp-content\/uploads\/2026\/08\/Consumo2.png","_links":{"self":[{"href":"https:\/\/www.enfasis.mx\/index.php?rest_route=\/wp\/v2\/posts\/193","targetHints":{"allow":["GET"]}}],"collection":[{"href":"https:\/\/www.enfasis.mx\/index.php?rest_route=\/wp\/v2\/posts"}],"about":[{"href":"https:\/\/www.enfasis.mx\/index.php?rest_route=\/wp\/v2\/types\/post"}],"author":[{"embeddable":true,"href":"https:\/\/www.enfasis.mx\/index.php?rest_route=\/wp\/v2\/users\/1"}],"replies":[{"embeddable":true,"href":"https:\/\/www.enfasis.mx\/index.php?rest_route=%2Fwp%2Fv2%2Fcomments&post=193"}],"version-history":[{"count":1,"href":"https:\/\/www.enfasis.mx\/index.php?rest_route=\/wp\/v2\/posts\/193\/revisions"}],"predecessor-version":[{"id":195,"href":"https:\/\/www.enfasis.mx\/index.php?rest_route=\/wp\/v2\/posts\/193\/revisions\/195"}],"wp:featuredmedia":[{"embeddable":true,"href":"https:\/\/www.enfasis.mx\/index.php?rest_route=\/wp\/v2\/media\/194"}],"wp:attachment":[{"href":"https:\/\/www.enfasis.mx\/index.php?rest_route=%2Fwp%2Fv2%2Fmedia&parent=193"}],"wp:term":[{"taxonomy":"category","embeddable":true,"href":"https:\/\/www.enfasis.mx\/index.php?rest_route=%2Fwp%2Fv2%2Fcategories&post=193"},{"taxonomy":"post_tag","embeddable":true,"href":"https:\/\/www.enfasis.mx\/index.php?rest_route=%2Fwp%2Fv2%2Ftags&post=193"}],"curies":[{"name":"wp","href":"https:\/\/api.w.org\/{rel}","templated":true}]}}