{"id":201,"date":"2026-08-20T14:47:14","date_gmt":"2026-08-20T21:47:14","guid":{"rendered":"https:\/\/www.enfasis.mx\/?p=201"},"modified":"2026-08-20T15:17:11","modified_gmt":"2026-08-20T22:17:11","slug":"el-cabildo-frente-al-espejo","status":"publish","type":"post","link":"https:\/\/www.enfasis.mx\/?p=201","title":{"rendered":"El Cabildo frente al espejo"},"content":{"rendered":"\n<p class=\"wp-block-paragraph\"><strong>Por Mario \u00c1lvarez Porras<\/strong><\/p>\n\n\n\n<p class=\"wp-block-paragraph\">Hay sesiones de Cabildo que transcurren entre asuntos administrativos y hay otras que terminan revelando algo m\u00e1s profundo: la manera en que un gobierno enfrenta las preguntas cuando \u00e9stas dejan de venir solamente de sus adversarios. La \u00faltima sesi\u00f3n de Cabildo de Camargo pertenece a esa segunda categor\u00eda.<\/p>\n\n\n\n<p class=\"wp-block-paragraph\">La mayor\u00eda de los regidores del PAN respald\u00f3, junto con Morena y el PRI, la comparecencia de la Oficial Mayor y del director de Obras P\u00fablicas. Fueron 12 votos a favor; las dos regidoras de Movimiento Ciudadano se abstuvieron y el presidente municipal, junto con dos regidores panistas, no estuvo presente. La solicitud est\u00e1 relacionada con se\u00f1alamientos sobre el Polideportivo, el servicio m\u00e9dico y el Parque Infantil. Tambi\u00e9n se inform\u00f3 de 26 actas circunstanciadas dentro de distintos procedimientos administrativos.<\/p>\n\n\n\n<p class=\"wp-block-paragraph\">Conviene hacer una distinci\u00f3n que en la pol\u00edtica suele perderse con demasiada facilidad: una comparecencia no es una condena y un acta circunstanciada no demuestra, por s\u00ed misma, una responsabilidad. Nadie deber\u00eda ser declarado culpable desde una sesi\u00f3n de Cabildo. Pero tampoco deber\u00eda utilizarse esa precisi\u00f3n como pretexto para evitar las preguntas que corresponden.<\/p>\n\n\n\n<p class=\"wp-block-paragraph\">Si existen hechos documentados que ameritan una investigaci\u00f3n, corresponde investigar. Si no existe responsabilidad, corresponde demostrarlo. Y si una investigaci\u00f3n encuentra alguna conducta irregular, corresponde actuar conforme a la ley. \u00c9sa deber\u00eda ser la regla para todos, independientemente del partido al que pertenezcan.<\/p>\n\n\n\n<p class=\"wp-block-paragraph\">El Polideportivo y el Parque Infantil no son asuntos menores. Son proyectos de inversi\u00f3n p\u00fablica que forman parte de las prioridades de la administraci\u00f3n municipal. El Programa Anual de Obras 2026 contempla recursos para ambos. En el caso del Parque Infantil, adem\u00e1s, el propio gobierno municipal ha informado sobre modificaciones al proyecto mientras avanzan los trabajos.<\/p>\n\n\n\n<p class=\"wp-block-paragraph\">Modificar un proyecto no significa que exista una irregularidad. Pero cuando se modifican obras financiadas con recursos p\u00fablicos, la ciudadan\u00eda tiene derecho a conocer las razones, el impacto presupuestal y qui\u00e9n autoriz\u00f3 esos cambios. No se trata de obstaculizar una obra ni de convertir cada ajuste t\u00e9cnico en un esc\u00e1ndalo. Se trata de saber cu\u00e1nto se aprob\u00f3, cu\u00e1nto se est\u00e1 gastando, qu\u00e9 cambi\u00f3 y por qu\u00e9.<\/p>\n\n\n\n<p class=\"wp-block-paragraph\">Eso es rendici\u00f3n de cuentas.<\/p>\n\n\n\n<p class=\"wp-block-paragraph\">El servicio m\u00e9dico plantea una situaci\u00f3n distinta, pero igualmente delicada porque involucra directamente a trabajadores municipales y sus familias. El gobierno ha sostenido que el cambio en el esquema de atenci\u00f3n respondi\u00f3 a recomendaciones de organismos p\u00fablicos. Sin embargo, el 11 de agosto el alcalde Jorge Aldana afirm\u00f3 p\u00fablicamente que el asunto se hab\u00eda politizado. Apenas ocho d\u00edas despu\u00e9s, el tema aparec\u00eda entre los asuntos relacionados con la comparecencia.<\/p>\n\n\n\n<p class=\"wp-block-paragraph\">No hace falta decidir desde ahora qui\u00e9n tiene la raz\u00f3n. Hace falta conocer los documentos que permitan determinarla.<\/p>\n\n\n\n<p class=\"wp-block-paragraph\">Cuando un gobierno sostiene que una decisi\u00f3n responde a recomendaciones institucionales, deber\u00eda poder mostrar esas recomendaciones. Cuando existen cuestionamientos sobre el costo o las condiciones de un servicio p\u00fablico, deber\u00edan poder conocerse los contratos, convenios, beneficiarios y criterios que llevaron a tomar la decisi\u00f3n.<\/p>\n\n\n\n<p class=\"wp-block-paragraph\">La discusi\u00f3n p\u00fablica no deber\u00eda depender de qui\u00e9n tiene la acusaci\u00f3n m\u00e1s fuerte. Deber\u00eda depender de qui\u00e9n tiene los documentos.<\/p>\n\n\n\n<p class=\"wp-block-paragraph\">Y ah\u00ed aparece el PAN.<\/p>\n\n\n\n<p class=\"wp-block-paragraph\">No ser\u00eda serio afirmar que esta votaci\u00f3n representa una ruptura con el presidente municipal. Tampoco ser\u00eda correcto decir que es la primera ocasi\u00f3n en que un regidor panista cuestiona una decisi\u00f3n dentro del Cabildo. Los antecedentes recientes muestran que la relaci\u00f3n pol\u00edtica no ha estado exenta de tensiones.<\/p>\n\n\n\n<p class=\"wp-block-paragraph\">Pero hay un hecho concreto que merece atenci\u00f3n: la mayor\u00eda de los regidores panistas presentes respald\u00f3 que funcionarios de la propia administraci\u00f3n comparezcan ante el Cabildo.<\/p>\n\n\n\n<p class=\"wp-block-paragraph\">Ese voto genera una responsabilidad pol\u00edtica.<\/p>\n\n\n\n<p class=\"wp-block-paragraph\">Si los regidores consideraron necesario pedir explicaciones, tendr\u00e1n que escuchar las respuestas con la misma seriedad con la que solicitaron la comparecencia. No tendr\u00eda sentido convertir una comparecencia en una fotograf\u00eda pol\u00edtica para despu\u00e9s archivar el asunto sin revisar las respuestas.<\/p>\n\n\n\n<p class=\"wp-block-paragraph\">El PAN, como partido del gobierno municipal, tiene una posici\u00f3n particularmente delicada. Puede defender a sus funcionarios cuando considere que est\u00e1n siendo injustamente se\u00f1alados, pero tambi\u00e9n debe estar dispuesto a exigirles explicaciones cuando existan dudas razonables. Eso no es deslealtad. Es responsabilidad.<\/p>\n\n\n\n<p class=\"wp-block-paragraph\">Y la misma exigencia debe aplicarse al resto de las fuerzas pol\u00edticas. Morena, PRI y Movimiento Ciudadano tampoco deber\u00edan convertir un asunto administrativo en una batalla partidista. Si existen elementos, deben presentarse. Si no existen, tambi\u00e9n debe decirse.<\/p>\n\n\n\n<p class=\"wp-block-paragraph\">El Cabildo no est\u00e1 para sustituir a las autoridades investigadoras. Est\u00e1 para ejercer sus atribuciones, vigilar el funcionamiento de la administraci\u00f3n y representar a los ciudadanos.<\/p>\n\n\n\n<p class=\"wp-block-paragraph\">Por eso las 26 actas circunstanciadas merecen algo m\u00e1s que convertirse en una cifra llamativa. Lo importante ser\u00e1 conocer qu\u00e9 hechos documentan, qu\u00e9 funcionarios est\u00e1n involucrados, en qu\u00e9 etapa se encuentran los procedimientos y cu\u00e1les ser\u00e1n las conclusiones de las autoridades competentes.<\/p>\n\n\n\n<p class=\"wp-block-paragraph\">La cifra, por s\u00ed sola, no condena a nadie. Pero tampoco deber\u00eda ignorarse.<\/p>\n\n\n\n<p class=\"wp-block-paragraph\">Ahora corresponde al gobierno municipal explicar. Corresponde a los funcionarios comparecer. Corresponde a los regidores preguntar. Y corresponde a las autoridades competentes investigar.<\/p>\n\n\n\n<p class=\"wp-block-paragraph\">Despu\u00e9s vendr\u00e1 la parte verdaderamente importante: determinar qu\u00e9 debe hacerse con las respuestas.<\/p>\n\n\n\n<p class=\"wp-block-paragraph\">Porque ah\u00ed es donde una sesi\u00f3n de Cabildo deja de ser un acto pol\u00edtico y se convierte en una prueba de gobierno.<\/p>\n\n\n\n<p class=\"wp-block-paragraph\">Si todo est\u00e1 en orden, que se demuestre. Si hubo errores administrativos, que se corrijan. Si existen responsabilidades, que se determinen. Y si los se\u00f1alamientos no tienen sustento, que tambi\u00e9n quede claro.<\/p>\n\n\n\n<p class=\"wp-block-paragraph\">Lo que no deber\u00eda ocurrir es que la discusi\u00f3n termine el d\u00eda de la comparecencia. Pedir explicaciones y despu\u00e9s no revisar las respuestas ser\u00eda apenas una forma distinta de guardar silencio.<\/p>\n\n\n\n<p class=\"wp-block-paragraph\">El gobierno municipal tiene ahora una oportunidad para demostrar que puede responder con documentos y no solamente con discursos. El PAN tiene otra para demostrar que su voto no fue una excepci\u00f3n conveniente, sino el ejercicio responsable de su funci\u00f3n. Y el Cabildo tiene una obligaci\u00f3n todav\u00eda mayor: demostrar que puede fiscalizar sin prejuzgar y gobernar sin convertirse en una extensi\u00f3n del gobierno.<\/p>\n\n\n\n<p class=\"wp-block-paragraph\">Al final, \u00e9sa es la verdadera prueba. No saber qui\u00e9n gan\u00f3 una votaci\u00f3n, sino saber qu\u00e9 hizo cada quien despu\u00e9s de ganarla.<\/p>\n\n\n\n<p class=\"wp-block-paragraph\">Porque un gobierno democr\u00e1tico no deber\u00eda temer a las preguntas. Un regidor responsable tampoco deber\u00eda temer a formularlas. Y una ciudadan\u00eda que paga impuestos, financia obras y sostiene servicios p\u00fablicos tiene derecho a algo mucho m\u00e1s sencillo que un discurso pol\u00edtico: saber d\u00f3nde est\u00e1 su dinero, por qu\u00e9 se toman las decisiones y qui\u00e9n responde cuando algo no sale como estaba previsto.<\/p>\n\n\n\n<p class=\"wp-block-paragraph\">El Cabildo acaba de abrir esa puerta.<\/p>\n\n\n\n<p class=\"wp-block-paragraph\">Ahora tendr\u00e1 que demostrar que no la abri\u00f3 solamente para mirar.<\/p>\n\n\n\n<p class=\"wp-block-paragraph\"><strong>Tendr\u00e1 que decidir qu\u00e9 hacer con lo que encuentre.<\/strong><\/p>\n\n\n\n<p class=\"wp-block-paragraph\"><strong>Fuentes consultadas<\/strong><\/p>\n\n\n\n<ul class=\"wp-block-list\">\n<li><strong>C\u00f3digo Tres<\/strong>, cobertura sobre la comparecencia de funcionarios municipales y las actas circunstanciadas relacionadas con los procedimientos se\u00f1alados. C\u00f3digo Tres\u2060<\/li>\n\n\n\n<li><strong>Impacto Noticias<\/strong>, cobertura sobre el servicio m\u00e9dico municipal, el Polideportivo, el Parque Infantil y la actividad del Cabildo de Camargo. Impacto Noticias\u2060<\/li>\n\n\n\n<li><strong>Municipio de Camargo<\/strong>, Programa Anual de Obras P\u00fablicas 2026. Programa Anual de Obras P\u00fablicas 2026\u2060<\/li>\n\n\n\n<li><strong>Horizonte Noticias<\/strong>, publicaciones sobre la administraci\u00f3n municipal y el Cabildo de Camargo.<\/li>\n\n\n\n<li><strong>Subsuelo Noticias<\/strong>, cobertura de asuntos relacionados con la administraci\u00f3n municipal y la actividad pol\u00edtica local.<\/li>\n\n\n\n<li><strong>Actas y documentos p\u00fablicos del Cabildo de Camargo<\/strong>, para el contraste de acuerdos y votaciones.<\/li>\n<\/ul>\n\n\n\n<p class=\"wp-block-paragraph\"><em>Las fuentes period\u00edsticas se utilizaron para contexto y contraste. Las referencias a posibles responsabilidades no constituyen afirmaciones de culpabilidad y quedan sujetas a la investigaci\u00f3n y determinaci\u00f3n de las autoridades competentes.<\/em><\/p>\n","protected":false},"excerpt":{"rendered":"<p>Por Mario \u00c1lvarez Porras Hay sesiones de Cabildo que transcurren entre asuntos administrativos y hay otras que terminan revelando algo m\u00e1s profundo: la manera en que un gobierno enfrenta las preguntas cuando \u00e9stas dejan de venir solamente de sus adversarios. La \u00faltima sesi\u00f3n de Cabildo de Camargo pertenece a esa segunda categor\u00eda. La mayor\u00eda de [&hellip;]<\/p>\n","protected":false},"author":10,"featured_media":206,"comment_status":"closed","ping_status":"open","sticky":false,"template":"","format":"standard","meta":{"_jetpack_newsletter_access":"","_jetpack_dont_email_post_to_subs":false,"_jetpack_newsletter_tier_id":0,"_jetpack_memberships_contains_paywalled_content":false,"_jetpack_feature_clip_id":0,"_jetpack_memberships_contains_paid_content":false,"footnotes":"","jetpack_post_was_ever_published":false},"categories":[4],"tags":[],"class_list":["post-201","post","type-post","status-publish","format-standard","has-post-thumbnail","hentry","category-analisis-politico"],"aioseo_notices":[],"aioseo_head":"\n\t\t<!-- All in One SEO 4.9.10 - aioseo.com -->\n\t<meta name=\"description\" content=\"Por Mario \u00c1lvarez Porras Hay sesiones de Cabildo que transcurren entre asuntos administrativos y hay otras que terminan revelando algo m\u00e1s profundo: la manera en que un gobierno enfrenta las preguntas cuando \u00e9stas dejan de venir solamente de sus adversarios. La \u00faltima sesi\u00f3n de Cabildo de Camargo pertenece a esa segunda categor\u00eda. La mayor\u00eda de\" \/>\n\t<meta name=\"robots\" content=\"max-image-preview:large\" \/>\n\t<meta name=\"author\" content=\"Mario \u00c1lvarez Porras\"\/>\n\t<meta name=\"google-site-verification\" content=\"jlwkLGgnMBpX8ktutl9e1D8Kvl7Rh7xmXQIHtOLk65U\" \/>\n\t<link rel=\"canonical\" href=\"https:\/\/www.enfasis.mx\/?p=201\" \/>\n\t<meta name=\"generator\" content=\"All in One SEO (AIOSEO) 4.9.10\" \/>\n\t\t<meta property=\"og:locale\" content=\"en_US\" \/>\n\t\t<meta property=\"og:site_name\" content=\"\u00c9nfasis - El acento en la econom\u00eda y la pol\u00edtica\" \/>\n\t\t<meta property=\"og:type\" content=\"article\" \/>\n\t\t<meta property=\"og:title\" content=\"El Cabildo frente al espejo - \u00c9nfasis\" \/>\n\t\t<meta property=\"og:description\" content=\"Por Mario \u00c1lvarez Porras Hay sesiones de Cabildo que transcurren entre asuntos administrativos y hay otras que terminan revelando algo m\u00e1s profundo: la manera en que un gobierno enfrenta las preguntas cuando \u00e9stas dejan de venir solamente de sus adversarios. La \u00faltima sesi\u00f3n de Cabildo de Camargo pertenece a esa segunda categor\u00eda. La mayor\u00eda de\" \/>\n\t\t<meta property=\"og:url\" content=\"https:\/\/www.enfasis.mx\/?p=201\" \/>\n\t\t<meta property=\"og:image\" content=\"https:\/\/www.enfasis.mx\/wp-content\/uploads\/2026\/08\/Cabildo-Camargo-1.png\" \/>\n\t\t<meta property=\"og:image:secure_url\" content=\"https:\/\/www.enfasis.mx\/wp-content\/uploads\/2026\/08\/Cabildo-Camargo-1.png\" \/>\n\t\t<meta property=\"og:image:width\" content=\"1731\" \/>\n\t\t<meta property=\"og:image:height\" content=\"909\" \/>\n\t\t<meta property=\"article:published_time\" content=\"2026-08-20T21:47:14+00:00\" \/>\n\t\t<meta property=\"article:modified_time\" content=\"2026-08-20T22:17:11+00:00\" \/>\n\t\t<meta name=\"twitter:card\" content=\"summary_large_image\" \/>\n\t\t<meta name=\"twitter:title\" content=\"El Cabildo frente al espejo - \u00c9nfasis\" \/>\n\t\t<meta name=\"twitter:description\" content=\"Por Mario \u00c1lvarez Porras Hay sesiones de Cabildo que transcurren entre asuntos administrativos y hay otras que terminan revelando algo m\u00e1s profundo: la manera en que un gobierno enfrenta las preguntas cuando \u00e9stas dejan de venir solamente de sus adversarios. La \u00faltima sesi\u00f3n de Cabildo de Camargo pertenece a esa segunda categor\u00eda. La mayor\u00eda de\" \/>\n\t\t<meta name=\"twitter:image\" content=\"https:\/\/www.enfasis.mx\/wp-content\/uploads\/2026\/08\/Cabildo-Camargo-1.png\" \/>\n\t\t<script type=\"application\/ld+json\" class=\"aioseo-schema\">\n\t\t\t{\"@context\":\"https:\\\/\\\/schema.org\",\"@graph\":[{\"@type\":\"BlogPosting\",\"@id\":\"https:\\\/\\\/www.enfasis.mx\\\/?p=201#blogposting\",\"name\":\"El Cabildo frente al espejo - \\u00c9nfasis\",\"headline\":\"El Cabildo frente al espejo\",\"author\":{\"@id\":\"https:\\\/\\\/www.enfasis.mx\\\/?author=10#author\"},\"publisher\":{\"@id\":\"https:\\\/\\\/www.enfasis.mx\\\/#organization\"},\"image\":{\"@type\":\"ImageObject\",\"url\":\"https:\\\/\\\/www.enfasis.mx\\\/wp-content\\\/uploads\\\/2026\\\/08\\\/Cabildo-Camargo-1.png\",\"width\":1731,\"height\":909},\"datePublished\":\"2026-08-20T14:47:14-07:00\",\"dateModified\":\"2026-08-20T15:17:11-07:00\",\"inLanguage\":\"en-US\",\"mainEntityOfPage\":{\"@id\":\"https:\\\/\\\/www.enfasis.mx\\\/?p=201#webpage\"},\"isPartOf\":{\"@id\":\"https:\\\/\\\/www.enfasis.mx\\\/?p=201#webpage\"},\"articleSection\":\"Pol\\u00edtica\"},{\"@type\":\"BreadcrumbList\",\"@id\":\"https:\\\/\\\/www.enfasis.mx\\\/?p=201#breadcrumblist\",\"itemListElement\":[{\"@type\":\"ListItem\",\"@id\":\"https:\\\/\\\/www.enfasis.mx#listItem\",\"position\":1,\"name\":\"Home\",\"item\":\"https:\\\/\\\/www.enfasis.mx\",\"nextItem\":{\"@type\":\"ListItem\",\"@id\":\"https:\\\/\\\/www.enfasis.mx\\\/?cat=4#listItem\",\"name\":\"Pol\\u00edtica\"}},{\"@type\":\"ListItem\",\"@id\":\"https:\\\/\\\/www.enfasis.mx\\\/?cat=4#listItem\",\"position\":2,\"name\":\"Pol\\u00edtica\",\"item\":\"https:\\\/\\\/www.enfasis.mx\\\/?cat=4\",\"nextItem\":{\"@type\":\"ListItem\",\"@id\":\"https:\\\/\\\/www.enfasis.mx\\\/?p=201#listItem\",\"name\":\"El Cabildo frente al espejo\"},\"previousItem\":{\"@type\":\"ListItem\",\"@id\":\"https:\\\/\\\/www.enfasis.mx#listItem\",\"name\":\"Home\"}},{\"@type\":\"ListItem\",\"@id\":\"https:\\\/\\\/www.enfasis.mx\\\/?p=201#listItem\",\"position\":3,\"name\":\"El Cabildo frente al espejo\",\"previousItem\":{\"@type\":\"ListItem\",\"@id\":\"https:\\\/\\\/www.enfasis.mx\\\/?cat=4#listItem\",\"name\":\"Pol\\u00edtica\"}}]},{\"@type\":\"Organization\",\"@id\":\"https:\\\/\\\/www.enfasis.mx\\\/#organization\",\"name\":\"\\u00c9nfasis Ser Empresario\",\"description\":\"El acento en la econom\\u00eda y la pol\\u00edtica Grupo Editorial Fundado en 1998, su marca insignia es REVISTA SER EMPRESARIO la revista empresarial mas importante del Estado\",\"url\":\"https:\\\/\\\/www.enfasis.mx\\\/\",\"logo\":{\"@type\":\"ImageObject\",\"url\":\"http:\\\/\\\/www.enfasis.mx\\\/wp-content\\\/uploads\\\/2026\\\/07\\\/Enfasis-Logo-1.png\",\"@id\":\"https:\\\/\\\/www.enfasis.mx\\\/?p=201\\\/#organizationLogo\"},\"image\":{\"@id\":\"https:\\\/\\\/www.enfasis.mx\\\/?p=201\\\/#organizationLogo\"}},{\"@type\":\"Person\",\"@id\":\"https:\\\/\\\/www.enfasis.mx\\\/?author=10#author\",\"url\":\"https:\\\/\\\/www.enfasis.mx\\\/?author=10\",\"name\":\"Mario \\u00c1lvarez Porras\"},{\"@type\":\"WebPage\",\"@id\":\"https:\\\/\\\/www.enfasis.mx\\\/?p=201#webpage\",\"url\":\"https:\\\/\\\/www.enfasis.mx\\\/?p=201\",\"name\":\"El Cabildo frente al espejo - \\u00c9nfasis\",\"description\":\"Por Mario \\u00c1lvarez Porras Hay sesiones de Cabildo que transcurren entre asuntos administrativos y hay otras que terminan revelando algo m\\u00e1s profundo: la manera en que un gobierno enfrenta las preguntas cuando \\u00e9stas dejan de venir solamente de sus adversarios. La \\u00faltima sesi\\u00f3n de Cabildo de Camargo pertenece a esa segunda categor\\u00eda. La mayor\\u00eda de\",\"inLanguage\":\"en-US\",\"isPartOf\":{\"@id\":\"https:\\\/\\\/www.enfasis.mx\\\/#website\"},\"breadcrumb\":{\"@id\":\"https:\\\/\\\/www.enfasis.mx\\\/?p=201#breadcrumblist\"},\"author\":{\"@id\":\"https:\\\/\\\/www.enfasis.mx\\\/?author=10#author\"},\"creator\":{\"@id\":\"https:\\\/\\\/www.enfasis.mx\\\/?author=10#author\"},\"image\":{\"@type\":\"ImageObject\",\"url\":\"https:\\\/\\\/www.enfasis.mx\\\/wp-content\\\/uploads\\\/2026\\\/08\\\/Cabildo-Camargo-1.png\",\"@id\":\"https:\\\/\\\/www.enfasis.mx\\\/?p=201\\\/#mainImage\",\"width\":1731,\"height\":909},\"primaryImageOfPage\":{\"@id\":\"https:\\\/\\\/www.enfasis.mx\\\/?p=201#mainImage\"},\"datePublished\":\"2026-08-20T14:47:14-07:00\",\"dateModified\":\"2026-08-20T15:17:11-07:00\"},{\"@type\":\"WebSite\",\"@id\":\"https:\\\/\\\/www.enfasis.mx\\\/#website\",\"url\":\"https:\\\/\\\/www.enfasis.mx\\\/\",\"name\":\"\\u00c9nfasis\",\"description\":\"El acento en la econom\\u00eda y la pol\\u00edtica\",\"inLanguage\":\"en-US\",\"publisher\":{\"@id\":\"https:\\\/\\\/www.enfasis.mx\\\/#organization\"}}]}\n\t\t<\/script>\n\t\t<!-- All in One SEO -->\n\n","aioseo_head_json":{"title":"El Cabildo frente al espejo - \u00c9nfasis","description":"Por Mario \u00c1lvarez Porras Hay sesiones de Cabildo que transcurren entre asuntos administrativos y hay otras que terminan revelando algo m\u00e1s profundo: la manera en que un gobierno enfrenta las preguntas cuando \u00e9stas dejan de venir solamente de sus adversarios. La \u00faltima sesi\u00f3n de Cabildo de Camargo pertenece a esa segunda categor\u00eda. La mayor\u00eda de","canonical_url":"https:\/\/www.enfasis.mx\/?p=201","robots":"max-image-preview:large","keywords":"","webmasterTools":{"google-site-verification":"jlwkLGgnMBpX8ktutl9e1D8Kvl7Rh7xmXQIHtOLk65U","miscellaneous":""},"schema":{"@context":"https:\/\/schema.org","@graph":[{"@type":"BlogPosting","@id":"https:\/\/www.enfasis.mx\/?p=201#blogposting","name":"El Cabildo frente al espejo - \u00c9nfasis","headline":"El Cabildo frente al espejo","author":{"@id":"https:\/\/www.enfasis.mx\/?author=10#author"},"publisher":{"@id":"https:\/\/www.enfasis.mx\/#organization"},"image":{"@type":"ImageObject","url":"https:\/\/www.enfasis.mx\/wp-content\/uploads\/2026\/08\/Cabildo-Camargo-1.png","width":1731,"height":909},"datePublished":"2026-08-20T14:47:14-07:00","dateModified":"2026-08-20T15:17:11-07:00","inLanguage":"en-US","mainEntityOfPage":{"@id":"https:\/\/www.enfasis.mx\/?p=201#webpage"},"isPartOf":{"@id":"https:\/\/www.enfasis.mx\/?p=201#webpage"},"articleSection":"Pol\u00edtica"},{"@type":"BreadcrumbList","@id":"https:\/\/www.enfasis.mx\/?p=201#breadcrumblist","itemListElement":[{"@type":"ListItem","@id":"https:\/\/www.enfasis.mx#listItem","position":1,"name":"Home","item":"https:\/\/www.enfasis.mx","nextItem":{"@type":"ListItem","@id":"https:\/\/www.enfasis.mx\/?cat=4#listItem","name":"Pol\u00edtica"}},{"@type":"ListItem","@id":"https:\/\/www.enfasis.mx\/?cat=4#listItem","position":2,"name":"Pol\u00edtica","item":"https:\/\/www.enfasis.mx\/?cat=4","nextItem":{"@type":"ListItem","@id":"https:\/\/www.enfasis.mx\/?p=201#listItem","name":"El Cabildo frente al espejo"},"previousItem":{"@type":"ListItem","@id":"https:\/\/www.enfasis.mx#listItem","name":"Home"}},{"@type":"ListItem","@id":"https:\/\/www.enfasis.mx\/?p=201#listItem","position":3,"name":"El Cabildo frente al espejo","previousItem":{"@type":"ListItem","@id":"https:\/\/www.enfasis.mx\/?cat=4#listItem","name":"Pol\u00edtica"}}]},{"@type":"Organization","@id":"https:\/\/www.enfasis.mx\/#organization","name":"\u00c9nfasis Ser Empresario","description":"El acento en la econom\u00eda y la pol\u00edtica Grupo Editorial Fundado en 1998, su marca insignia es REVISTA SER EMPRESARIO la revista empresarial mas importante del Estado","url":"https:\/\/www.enfasis.mx\/","logo":{"@type":"ImageObject","url":"http:\/\/www.enfasis.mx\/wp-content\/uploads\/2026\/07\/Enfasis-Logo-1.png","@id":"https:\/\/www.enfasis.mx\/?p=201\/#organizationLogo"},"image":{"@id":"https:\/\/www.enfasis.mx\/?p=201\/#organizationLogo"}},{"@type":"Person","@id":"https:\/\/www.enfasis.mx\/?author=10#author","url":"https:\/\/www.enfasis.mx\/?author=10","name":"Mario \u00c1lvarez Porras"},{"@type":"WebPage","@id":"https:\/\/www.enfasis.mx\/?p=201#webpage","url":"https:\/\/www.enfasis.mx\/?p=201","name":"El Cabildo frente al espejo - \u00c9nfasis","description":"Por Mario \u00c1lvarez Porras Hay sesiones de Cabildo que transcurren entre asuntos administrativos y hay otras que terminan revelando algo m\u00e1s profundo: la manera en que un gobierno enfrenta las preguntas cuando \u00e9stas dejan de venir solamente de sus adversarios. La \u00faltima sesi\u00f3n de Cabildo de Camargo pertenece a esa segunda categor\u00eda. La mayor\u00eda de","inLanguage":"en-US","isPartOf":{"@id":"https:\/\/www.enfasis.mx\/#website"},"breadcrumb":{"@id":"https:\/\/www.enfasis.mx\/?p=201#breadcrumblist"},"author":{"@id":"https:\/\/www.enfasis.mx\/?author=10#author"},"creator":{"@id":"https:\/\/www.enfasis.mx\/?author=10#author"},"image":{"@type":"ImageObject","url":"https:\/\/www.enfasis.mx\/wp-content\/uploads\/2026\/08\/Cabildo-Camargo-1.png","@id":"https:\/\/www.enfasis.mx\/?p=201\/#mainImage","width":1731,"height":909},"primaryImageOfPage":{"@id":"https:\/\/www.enfasis.mx\/?p=201#mainImage"},"datePublished":"2026-08-20T14:47:14-07:00","dateModified":"2026-08-20T15:17:11-07:00"},{"@type":"WebSite","@id":"https:\/\/www.enfasis.mx\/#website","url":"https:\/\/www.enfasis.mx\/","name":"\u00c9nfasis","description":"El acento en la econom\u00eda y la pol\u00edtica","inLanguage":"en-US","publisher":{"@id":"https:\/\/www.enfasis.mx\/#organization"}}]},"og:locale":"en_US","og:site_name":"\u00c9nfasis - El acento en la econom\u00eda y la pol\u00edtica","og:type":"article","og:title":"El Cabildo frente al espejo - \u00c9nfasis","og:description":"Por Mario \u00c1lvarez Porras Hay sesiones de Cabildo que transcurren entre asuntos administrativos y hay otras que terminan revelando algo m\u00e1s profundo: la manera en que un gobierno enfrenta las preguntas cuando \u00e9stas dejan de venir solamente de sus adversarios. La \u00faltima sesi\u00f3n de Cabildo de Camargo pertenece a esa segunda categor\u00eda. La mayor\u00eda de","og:url":"https:\/\/www.enfasis.mx\/?p=201","og:image":"https:\/\/www.enfasis.mx\/wp-content\/uploads\/2026\/08\/Cabildo-Camargo-1.png","og:image:secure_url":"https:\/\/www.enfasis.mx\/wp-content\/uploads\/2026\/08\/Cabildo-Camargo-1.png","og:image:width":1731,"og:image:height":909,"article:published_time":"2026-08-20T21:47:14+00:00","article:modified_time":"2026-08-20T22:17:11+00:00","twitter:card":"summary_large_image","twitter:title":"El Cabildo frente al espejo - \u00c9nfasis","twitter:description":"Por Mario \u00c1lvarez Porras Hay sesiones de Cabildo que transcurren entre asuntos administrativos y hay otras que terminan revelando algo m\u00e1s profundo: la manera en que un gobierno enfrenta las preguntas cuando \u00e9stas dejan de venir solamente de sus adversarios. La \u00faltima sesi\u00f3n de Cabildo de Camargo pertenece a esa segunda categor\u00eda. La mayor\u00eda de","twitter:image":"https:\/\/www.enfasis.mx\/wp-content\/uploads\/2026\/08\/Cabildo-Camargo-1.png"},"aioseo_meta_data":{"post_id":"201","title":null,"description":null,"keywords":null,"keyphrases":{"focus":{"keyphrase":"","score":0,"analysis":{"keyphraseInTitle":{"score":0,"maxScore":9,"error":1}}},"additional":[]},"primary_term":null,"canonical_url":null,"og_title":null,"og_description":null,"og_object_type":"default","og_image_type":"default","og_image_custom_url":null,"og_image_custom_fields":null,"og_image_url":null,"og_image_width":null,"og_image_height":null,"og_video":"","og_custom_url":null,"og_article_section":null,"og_article_tags":null,"twitter_use_og":true,"twitter_card":"default","twitter_image_type":"default","twitter_image_custom_url":null,"twitter_image_custom_fields":null,"twitter_image_url":null,"twitter_title":null,"twitter_description":null,"schema_type":"default","schema_type_options":null,"schema":{"blockGraphs":[],"customGraphs":[],"default":{"data":{"Article":[],"Course":[],"Dataset":[],"FAQPage":[],"Movie":[],"Person":[],"Product":[],"ProductReview":[],"Car":[],"Recipe":[],"Service":[],"SoftwareApplication":[],"WebPage":[]},"graphName":"BlogPosting","isEnabled":true},"graphs":[]},"pillar_content":false,"robots_default":true,"robots_noindex":false,"robots_noarchive":false,"robots_nosnippet":false,"robots_nofollow":false,"robots_noimageindex":false,"robots_noodp":false,"robots_notranslate":false,"robots_max_snippet":"-1","robots_max_videopreview":"-1","robots_max_imagepreview":"large","priority":null,"frequency":"default","local_seo":null,"limit_modified_date":false,"ai":{"faqs":[],"keyPoints":[],"schemas":[],"titles":[],"descriptions":[],"socialPosts":{"email":{"subject":"","preview":"","content":""},"linkedin":[],"twitter":[],"facebook":[],"instagram":[]}},"breadcrumb_settings":null,"seo_analyzer_scan_date":null,"created":"2026-08-20 21:47:16","updated":"2026-08-20 23:03:42"},"aioseo_breadcrumb":"<div class=\"aioseo-breadcrumbs\"><span class=\"aioseo-breadcrumb\">\n\t\t\t<a href=\"https:\/\/www.enfasis.mx\" title=\"Home\">Home<\/a>\n\t\t<\/span><span class=\"aioseo-breadcrumb-separator\">&raquo;<\/span><span class=\"aioseo-breadcrumb\">\n\t\t\t<a href=\"https:\/\/www.enfasis.mx\/?cat=4\" title=\"Pol\u00edtica\">Pol\u00edtica<\/a>\n\t\t<\/span><span class=\"aioseo-breadcrumb-separator\">&raquo;<\/span><span class=\"aioseo-breadcrumb\">\n\t\t\tEl Cabildo frente al espejo\n\t\t<\/span><\/div>","aioseo_breadcrumb_json":[{"label":"Home","link":"https:\/\/www.enfasis.mx"},{"label":"Pol\u00edtica","link":"https:\/\/www.enfasis.mx\/?cat=4"},{"label":"El Cabildo frente al espejo","link":"https:\/\/www.enfasis.mx\/?p=201"}],"wpmagazine_modules_lite_featured_media_urls":{"thumbnail":["https:\/\/www.enfasis.mx\/wp-content\/uploads\/2026\/08\/Cabildo-Camargo-1-150x150.png",150,150,true],"cvmm-medium":["https:\/\/www.enfasis.mx\/wp-content\/uploads\/2026\/08\/Cabildo-Camargo-1-300x300.png",300,300,true],"cvmm-medium-plus":["https:\/\/www.enfasis.mx\/wp-content\/uploads\/2026\/08\/Cabildo-Camargo-1-305x207.png",305,207,true],"cvmm-portrait":["https:\/\/www.enfasis.mx\/wp-content\/uploads\/2026\/08\/Cabildo-Camargo-1-400x600.png",400,600,true],"cvmm-medium-square":["https:\/\/www.enfasis.mx\/wp-content\/uploads\/2026\/08\/Cabildo-Camargo-1-600x600.png",600,600,true],"cvmm-large":["https:\/\/www.enfasis.mx\/wp-content\/uploads\/2026\/08\/Cabildo-Camargo-1-1024x909.png",1024,909,true],"cvmm-small":["https:\/\/www.enfasis.mx\/wp-content\/uploads\/2026\/08\/Cabildo-Camargo-1-130x95.png",130,95,true],"full":["https:\/\/www.enfasis.mx\/wp-content\/uploads\/2026\/08\/Cabildo-Camargo-1.png",1731,909,false]},"categories_names":{"4":{"name":"Pol\u00edtica","link":"https:\/\/www.enfasis.mx\/?cat=4"}},"tags_names":[],"comments_number":"0","jetpack_sharing_enabled":true,"jetpack_featured_media_url":"https:\/\/www.enfasis.mx\/wp-content\/uploads\/2026\/08\/Cabildo-Camargo-1.png","_links":{"self":[{"href":"https:\/\/www.enfasis.mx\/index.php?rest_route=\/wp\/v2\/posts\/201","targetHints":{"allow":["GET"]}}],"collection":[{"href":"https:\/\/www.enfasis.mx\/index.php?rest_route=\/wp\/v2\/posts"}],"about":[{"href":"https:\/\/www.enfasis.mx\/index.php?rest_route=\/wp\/v2\/types\/post"}],"author":[{"embeddable":true,"href":"https:\/\/www.enfasis.mx\/index.php?rest_route=\/wp\/v2\/users\/10"}],"replies":[{"embeddable":true,"href":"https:\/\/www.enfasis.mx\/index.php?rest_route=%2Fwp%2Fv2%2Fcomments&post=201"}],"version-history":[{"count":1,"href":"https:\/\/www.enfasis.mx\/index.php?rest_route=\/wp\/v2\/posts\/201\/revisions"}],"predecessor-version":[{"id":203,"href":"https:\/\/www.enfasis.mx\/index.php?rest_route=\/wp\/v2\/posts\/201\/revisions\/203"}],"wp:featuredmedia":[{"embeddable":true,"href":"https:\/\/www.enfasis.mx\/index.php?rest_route=\/wp\/v2\/media\/206"}],"wp:attachment":[{"href":"https:\/\/www.enfasis.mx\/index.php?rest_route=%2Fwp%2Fv2%2Fmedia&parent=201"}],"wp:term":[{"taxonomy":"category","embeddable":true,"href":"https:\/\/www.enfasis.mx\/index.php?rest_route=%2Fwp%2Fv2%2Fcategories&post=201"},{"taxonomy":"post_tag","embeddable":true,"href":"https:\/\/www.enfasis.mx\/index.php?rest_route=%2Fwp%2Fv2%2Ftags&post=201"}],"curies":[{"name":"wp","href":"https:\/\/api.w.org\/{rel}","templated":true}]}}