{"id":222,"date":"2026-08-22T14:00:40","date_gmt":"2026-08-22T21:00:40","guid":{"rendered":"https:\/\/www.enfasis.mx\/?p=222"},"modified":"2026-08-22T14:08:29","modified_gmt":"2026-08-22T21:08:29","slug":"escuchar-y-entender-los-problemas-de-las-colonias-es-el-primer-paso-para-resolverlos-cesar-jauregui","status":"publish","type":"post","link":"https:\/\/www.enfasis.mx\/?p=222","title":{"rendered":"Escuchar y entender los problemas de las colonias es el primer paso para resolverlos: C\u00e9sar J\u00e1uregui"},"content":{"rendered":"\n<p class=\"wp-block-paragraph\">Chihuahua, Chih., 22 de agosto de 2026.\u2013 Como parte de sus recorridos para escuchar directamente a los ciudadanos y conocer la problem\u00e1tica particular de las colonias de Chihuahua, C\u00e9sar J\u00e1uregui Moreno se reuni\u00f3 ayer por la tarde con vecinos de Granjas del Valle, acompa\u00f1ado por la senadora suplente Adriana Fuentes, quien particip\u00f3 en el encuentro, convivi\u00f3 con las familias y manifest\u00f3 su respaldo a J\u00e1uregui.<\/p>\n\n\n\n<p class=\"wp-block-paragraph\">Durante la reuni\u00f3n, los habitantes expusieron diferentes necesidades de la zona, entre las que destac\u00f3 la falta de certeza jur\u00eddica sobre los terrenos donde muchas familias han construido sus viviendas y formado su patrimonio a lo largo de los a\u00f1os.<\/p>\n\n\n\n<p class=\"wp-block-paragraph\">\u201cS\u00e9 que tienen problemas con la certeza jur\u00eddica y entiendo lo que eso representa para sus familias. No tener certeza sobre el lugar donde construiste tu casa significa no saber qu\u00e9 va a pasar con un patrimonio que has cuidado durante muchos a\u00f1os y que quieres dejarles a tus hijos y a tus nietos\u201d, expres\u00f3 J\u00e1uregui.<\/p>\n\n\n\n<p class=\"wp-block-paragraph\">Se\u00f1al\u00f3 que este tipo de situaciones muestran por qu\u00e9 los servidores p\u00fablicos deben mantener contacto permanente con las colonias, escuchar directamente a las familias y conocer de primera mano sus necesidades.<\/p>\n\n\n\n<p class=\"wp-block-paragraph\">\u201cSolamente escuchando, entendiendo y siendo sensibles ante lo que vive la gente podemos dimensionar realmente los problemas y encontrar la manera de atenderlos\u201d, afirm\u00f3.<\/p>\n\n\n\n<p class=\"wp-block-paragraph\">En la conversaci\u00f3n tambi\u00e9n se abordaron temas relacionados con la seguridad p\u00fablica y el alumbrado. Los vecinos reconocieron las condiciones del alumbrado en la zona, mientras que en materia de seguridad J\u00e1uregui destac\u00f3 la importancia de respaldar el trabajo de los polic\u00edas para que puedan cumplir adecuadamente con su responsabilidad frente a la comunidad.<\/p>\n\n\n\n<p class=\"wp-block-paragraph\">Por su parte, Adriana Fuentes acompa\u00f1\u00f3 el di\u00e1logo con los vecinos y expres\u00f3 su respaldo al trabajo que viene realizando C\u00e9sar J\u00e1uregui de mantener contacto directo con las familias y recorrer las colonias de Chihuahua.<\/p>\n","protected":false},"excerpt":{"rendered":"<p>Chihuahua, Chih., 22 de agosto de 2026.\u2013 Como parte de sus recorridos para escuchar directamente a los ciudadanos y conocer la problem\u00e1tica particular de las colonias de Chihuahua, C\u00e9sar J\u00e1uregui Moreno se reuni\u00f3 ayer por la tarde con vecinos de Granjas del Valle, acompa\u00f1ado por la senadora suplente Adriana Fuentes, quien particip\u00f3 en el encuentro, [&hellip;]<\/p>\n","protected":false},"author":1,"featured_media":225,"comment_status":"closed","ping_status":"open","sticky":false,"template":"","format":"standard","meta":{"_jetpack_newsletter_access":"","_jetpack_dont_email_post_to_subs":false,"_jetpack_newsletter_tier_id":0,"_jetpack_memberships_contains_paywalled_content":false,"_jetpack_feature_clip_id":0,"_jetpack_memberships_contains_paid_content":false,"footnotes":"","jetpack_post_was_ever_published":false},"categories":[4],"tags":[],"class_list":["post-222","post","type-post","status-publish","format-standard","has-post-thumbnail","hentry","category-analisis-politico"],"aioseo_notices":[],"aioseo_head":"\n\t\t<!-- All in One SEO 4.9.10 - aioseo.com -->\n\t<meta name=\"description\" content=\"Chihuahua, Chih., 22 de agosto de 2026.\u2013 Como parte de sus recorridos para escuchar directamente a los ciudadanos y conocer la problem\u00e1tica particular de las colonias de Chihuahua, C\u00e9sar J\u00e1uregui Moreno se reuni\u00f3 ayer por la tarde con vecinos de Granjas del Valle, acompa\u00f1ado por la senadora suplente Adriana Fuentes, quien particip\u00f3 en el encuentro,\" \/>\n\t<meta name=\"robots\" content=\"max-image-preview:large\" \/>\n\t<meta name=\"author\" content=\"user\"\/>\n\t<meta name=\"google-site-verification\" content=\"jlwkLGgnMBpX8ktutl9e1D8Kvl7Rh7xmXQIHtOLk65U\" \/>\n\t<link rel=\"canonical\" href=\"https:\/\/www.enfasis.mx\/?p=222\" \/>\n\t<meta name=\"generator\" content=\"All in One SEO (AIOSEO) 4.9.10\" \/>\n\t\t<meta property=\"og:locale\" content=\"en_US\" \/>\n\t\t<meta property=\"og:site_name\" content=\"\u00c9nfasis - El acento en la econom\u00eda y la pol\u00edtica\" \/>\n\t\t<meta property=\"og:type\" content=\"article\" \/>\n\t\t<meta property=\"og:title\" content=\"Escuchar y entender los problemas de las colonias es el primer paso para resolverlos: C\u00e9sar J\u00e1uregui - \u00c9nfasis\" \/>\n\t\t<meta property=\"og:description\" content=\"Chihuahua, Chih., 22 de agosto de 2026.\u2013 Como parte de sus recorridos para escuchar directamente a los ciudadanos y conocer la problem\u00e1tica particular de las colonias de Chihuahua, C\u00e9sar J\u00e1uregui Moreno se reuni\u00f3 ayer por la tarde con vecinos de Granjas del Valle, acompa\u00f1ado por la senadora suplente Adriana Fuentes, quien particip\u00f3 en el encuentro,\" \/>\n\t\t<meta property=\"og:url\" content=\"https:\/\/www.enfasis.mx\/?p=222\" \/>\n\t\t<meta property=\"og:image\" content=\"https:\/\/www.enfasis.mx\/wp-content\/uploads\/2026\/08\/cesar_jauregui_600x365_72dpi.jpg\" \/>\n\t\t<meta property=\"og:image:secure_url\" content=\"https:\/\/www.enfasis.mx\/wp-content\/uploads\/2026\/08\/cesar_jauregui_600x365_72dpi.jpg\" \/>\n\t\t<meta property=\"og:image:width\" content=\"600\" \/>\n\t\t<meta property=\"og:image:height\" content=\"365\" \/>\n\t\t<meta property=\"article:published_time\" content=\"2026-08-22T21:00:40+00:00\" \/>\n\t\t<meta property=\"article:modified_time\" content=\"2026-08-22T21:08:29+00:00\" \/>\n\t\t<meta name=\"twitter:card\" content=\"summary_large_image\" \/>\n\t\t<meta name=\"twitter:title\" content=\"Escuchar y entender los problemas de las colonias es el primer paso para resolverlos: C\u00e9sar J\u00e1uregui - \u00c9nfasis\" \/>\n\t\t<meta name=\"twitter:description\" content=\"Chihuahua, Chih., 22 de agosto de 2026.\u2013 Como parte de sus recorridos para escuchar directamente a los ciudadanos y conocer la problem\u00e1tica particular de las colonias de Chihuahua, C\u00e9sar J\u00e1uregui Moreno se reuni\u00f3 ayer por la tarde con vecinos de Granjas del Valle, acompa\u00f1ado por la senadora suplente Adriana Fuentes, quien particip\u00f3 en el encuentro,\" \/>\n\t\t<meta name=\"twitter:image\" content=\"https:\/\/www.enfasis.mx\/wp-content\/uploads\/2026\/08\/cesar_jauregui_600x365_72dpi.jpg\" \/>\n\t\t<script type=\"application\/ld+json\" class=\"aioseo-schema\">\n\t\t\t{\"@context\":\"https:\\\/\\\/schema.org\",\"@graph\":[{\"@type\":\"BlogPosting\",\"@id\":\"https:\\\/\\\/www.enfasis.mx\\\/?p=222#blogposting\",\"name\":\"Escuchar y entender los problemas de las colonias es el primer paso para resolverlos: C\\u00e9sar J\\u00e1uregui - \\u00c9nfasis\",\"headline\":\"Escuchar y entender los problemas de las colonias es el primer paso para resolverlos: C\\u00e9sar J\\u00e1uregui\",\"author\":{\"@id\":\"https:\\\/\\\/www.enfasis.mx\\\/?author=1#author\"},\"publisher\":{\"@id\":\"https:\\\/\\\/www.enfasis.mx\\\/#organization\"},\"image\":{\"@type\":\"ImageObject\",\"url\":\"https:\\\/\\\/www.enfasis.mx\\\/wp-content\\\/uploads\\\/2026\\\/08\\\/cesar_jauregui_600x365_72dpi.jpg\",\"width\":600,\"height\":365},\"datePublished\":\"2026-08-22T14:00:40-07:00\",\"dateModified\":\"2026-08-22T14:08:29-07:00\",\"inLanguage\":\"en-US\",\"mainEntityOfPage\":{\"@id\":\"https:\\\/\\\/www.enfasis.mx\\\/?p=222#webpage\"},\"isPartOf\":{\"@id\":\"https:\\\/\\\/www.enfasis.mx\\\/?p=222#webpage\"},\"articleSection\":\"Pol\\u00edtica\"},{\"@type\":\"BreadcrumbList\",\"@id\":\"https:\\\/\\\/www.enfasis.mx\\\/?p=222#breadcrumblist\",\"itemListElement\":[{\"@type\":\"ListItem\",\"@id\":\"https:\\\/\\\/www.enfasis.mx#listItem\",\"position\":1,\"name\":\"Home\",\"item\":\"https:\\\/\\\/www.enfasis.mx\",\"nextItem\":{\"@type\":\"ListItem\",\"@id\":\"https:\\\/\\\/www.enfasis.mx\\\/?cat=4#listItem\",\"name\":\"Pol\\u00edtica\"}},{\"@type\":\"ListItem\",\"@id\":\"https:\\\/\\\/www.enfasis.mx\\\/?cat=4#listItem\",\"position\":2,\"name\":\"Pol\\u00edtica\",\"item\":\"https:\\\/\\\/www.enfasis.mx\\\/?cat=4\",\"nextItem\":{\"@type\":\"ListItem\",\"@id\":\"https:\\\/\\\/www.enfasis.mx\\\/?p=222#listItem\",\"name\":\"Escuchar y entender los problemas de las colonias es el primer paso para resolverlos: C\\u00e9sar J\\u00e1uregui\"},\"previousItem\":{\"@type\":\"ListItem\",\"@id\":\"https:\\\/\\\/www.enfasis.mx#listItem\",\"name\":\"Home\"}},{\"@type\":\"ListItem\",\"@id\":\"https:\\\/\\\/www.enfasis.mx\\\/?p=222#listItem\",\"position\":3,\"name\":\"Escuchar y entender los problemas de las colonias es el primer paso para resolverlos: C\\u00e9sar J\\u00e1uregui\",\"previousItem\":{\"@type\":\"ListItem\",\"@id\":\"https:\\\/\\\/www.enfasis.mx\\\/?cat=4#listItem\",\"name\":\"Pol\\u00edtica\"}}]},{\"@type\":\"Organization\",\"@id\":\"https:\\\/\\\/www.enfasis.mx\\\/#organization\",\"name\":\"\\u00c9nfasis Ser Empresario\",\"description\":\"El acento en la econom\\u00eda y la pol\\u00edtica Grupo Editorial Fundado en 1998, su marca insignia es REVISTA SER EMPRESARIO la revista empresarial mas importante del Estado\",\"url\":\"https:\\\/\\\/www.enfasis.mx\\\/\",\"logo\":{\"@type\":\"ImageObject\",\"url\":\"http:\\\/\\\/www.enfasis.mx\\\/wp-content\\\/uploads\\\/2026\\\/07\\\/Enfasis-Logo-1.png\",\"@id\":\"https:\\\/\\\/www.enfasis.mx\\\/?p=222\\\/#organizationLogo\"},\"image\":{\"@id\":\"https:\\\/\\\/www.enfasis.mx\\\/?p=222\\\/#organizationLogo\"}},{\"@type\":\"Person\",\"@id\":\"https:\\\/\\\/www.enfasis.mx\\\/?author=1#author\",\"url\":\"https:\\\/\\\/www.enfasis.mx\\\/?author=1\",\"name\":\"user\"},{\"@type\":\"WebPage\",\"@id\":\"https:\\\/\\\/www.enfasis.mx\\\/?p=222#webpage\",\"url\":\"https:\\\/\\\/www.enfasis.mx\\\/?p=222\",\"name\":\"Escuchar y entender los problemas de las colonias es el primer paso para resolverlos: C\\u00e9sar J\\u00e1uregui - \\u00c9nfasis\",\"description\":\"Chihuahua, Chih., 22 de agosto de 2026.\\u2013 Como parte de sus recorridos para escuchar directamente a los ciudadanos y conocer la problem\\u00e1tica particular de las colonias de Chihuahua, C\\u00e9sar J\\u00e1uregui Moreno se reuni\\u00f3 ayer por la tarde con vecinos de Granjas del Valle, acompa\\u00f1ado por la senadora suplente Adriana Fuentes, quien particip\\u00f3 en el encuentro,\",\"inLanguage\":\"en-US\",\"isPartOf\":{\"@id\":\"https:\\\/\\\/www.enfasis.mx\\\/#website\"},\"breadcrumb\":{\"@id\":\"https:\\\/\\\/www.enfasis.mx\\\/?p=222#breadcrumblist\"},\"author\":{\"@id\":\"https:\\\/\\\/www.enfasis.mx\\\/?author=1#author\"},\"creator\":{\"@id\":\"https:\\\/\\\/www.enfasis.mx\\\/?author=1#author\"},\"image\":{\"@type\":\"ImageObject\",\"url\":\"https:\\\/\\\/www.enfasis.mx\\\/wp-content\\\/uploads\\\/2026\\\/08\\\/cesar_jauregui_600x365_72dpi.jpg\",\"@id\":\"https:\\\/\\\/www.enfasis.mx\\\/?p=222\\\/#mainImage\",\"width\":600,\"height\":365},\"primaryImageOfPage\":{\"@id\":\"https:\\\/\\\/www.enfasis.mx\\\/?p=222#mainImage\"},\"datePublished\":\"2026-08-22T14:00:40-07:00\",\"dateModified\":\"2026-08-22T14:08:29-07:00\"},{\"@type\":\"WebSite\",\"@id\":\"https:\\\/\\\/www.enfasis.mx\\\/#website\",\"url\":\"https:\\\/\\\/www.enfasis.mx\\\/\",\"name\":\"\\u00c9nfasis\",\"description\":\"El acento en la econom\\u00eda y la pol\\u00edtica\",\"inLanguage\":\"en-US\",\"publisher\":{\"@id\":\"https:\\\/\\\/www.enfasis.mx\\\/#organization\"}}]}\n\t\t<\/script>\n\t\t<!-- All in One SEO -->\n\n","aioseo_head_json":{"title":"Escuchar y entender los problemas de las colonias es el primer paso para resolverlos: C\u00e9sar J\u00e1uregui - \u00c9nfasis","description":"Chihuahua, Chih., 22 de agosto de 2026.\u2013 Como parte de sus recorridos para escuchar directamente a los ciudadanos y conocer la problem\u00e1tica particular de las colonias de Chihuahua, C\u00e9sar J\u00e1uregui Moreno se reuni\u00f3 ayer por la tarde con vecinos de Granjas del Valle, acompa\u00f1ado por la senadora suplente Adriana Fuentes, quien particip\u00f3 en el encuentro,","canonical_url":"https:\/\/www.enfasis.mx\/?p=222","robots":"max-image-preview:large","keywords":"","webmasterTools":{"google-site-verification":"jlwkLGgnMBpX8ktutl9e1D8Kvl7Rh7xmXQIHtOLk65U","miscellaneous":""},"schema":{"@context":"https:\/\/schema.org","@graph":[{"@type":"BlogPosting","@id":"https:\/\/www.enfasis.mx\/?p=222#blogposting","name":"Escuchar y entender los problemas de las colonias es el primer paso para resolverlos: C\u00e9sar J\u00e1uregui - \u00c9nfasis","headline":"Escuchar y entender los problemas de las colonias es el primer paso para resolverlos: C\u00e9sar J\u00e1uregui","author":{"@id":"https:\/\/www.enfasis.mx\/?author=1#author"},"publisher":{"@id":"https:\/\/www.enfasis.mx\/#organization"},"image":{"@type":"ImageObject","url":"https:\/\/www.enfasis.mx\/wp-content\/uploads\/2026\/08\/cesar_jauregui_600x365_72dpi.jpg","width":600,"height":365},"datePublished":"2026-08-22T14:00:40-07:00","dateModified":"2026-08-22T14:08:29-07:00","inLanguage":"en-US","mainEntityOfPage":{"@id":"https:\/\/www.enfasis.mx\/?p=222#webpage"},"isPartOf":{"@id":"https:\/\/www.enfasis.mx\/?p=222#webpage"},"articleSection":"Pol\u00edtica"},{"@type":"BreadcrumbList","@id":"https:\/\/www.enfasis.mx\/?p=222#breadcrumblist","itemListElement":[{"@type":"ListItem","@id":"https:\/\/www.enfasis.mx#listItem","position":1,"name":"Home","item":"https:\/\/www.enfasis.mx","nextItem":{"@type":"ListItem","@id":"https:\/\/www.enfasis.mx\/?cat=4#listItem","name":"Pol\u00edtica"}},{"@type":"ListItem","@id":"https:\/\/www.enfasis.mx\/?cat=4#listItem","position":2,"name":"Pol\u00edtica","item":"https:\/\/www.enfasis.mx\/?cat=4","nextItem":{"@type":"ListItem","@id":"https:\/\/www.enfasis.mx\/?p=222#listItem","name":"Escuchar y entender los problemas de las colonias es el primer paso para resolverlos: C\u00e9sar J\u00e1uregui"},"previousItem":{"@type":"ListItem","@id":"https:\/\/www.enfasis.mx#listItem","name":"Home"}},{"@type":"ListItem","@id":"https:\/\/www.enfasis.mx\/?p=222#listItem","position":3,"name":"Escuchar y entender los problemas de las colonias es el primer paso para resolverlos: C\u00e9sar J\u00e1uregui","previousItem":{"@type":"ListItem","@id":"https:\/\/www.enfasis.mx\/?cat=4#listItem","name":"Pol\u00edtica"}}]},{"@type":"Organization","@id":"https:\/\/www.enfasis.mx\/#organization","name":"\u00c9nfasis Ser Empresario","description":"El acento en la econom\u00eda y la pol\u00edtica Grupo Editorial Fundado en 1998, su marca insignia es REVISTA SER EMPRESARIO la revista empresarial mas importante del Estado","url":"https:\/\/www.enfasis.mx\/","logo":{"@type":"ImageObject","url":"http:\/\/www.enfasis.mx\/wp-content\/uploads\/2026\/07\/Enfasis-Logo-1.png","@id":"https:\/\/www.enfasis.mx\/?p=222\/#organizationLogo"},"image":{"@id":"https:\/\/www.enfasis.mx\/?p=222\/#organizationLogo"}},{"@type":"Person","@id":"https:\/\/www.enfasis.mx\/?author=1#author","url":"https:\/\/www.enfasis.mx\/?author=1","name":"user"},{"@type":"WebPage","@id":"https:\/\/www.enfasis.mx\/?p=222#webpage","url":"https:\/\/www.enfasis.mx\/?p=222","name":"Escuchar y entender los problemas de las colonias es el primer paso para resolverlos: C\u00e9sar J\u00e1uregui - \u00c9nfasis","description":"Chihuahua, Chih., 22 de agosto de 2026.\u2013 Como parte de sus recorridos para escuchar directamente a los ciudadanos y conocer la problem\u00e1tica particular de las colonias de Chihuahua, C\u00e9sar J\u00e1uregui Moreno se reuni\u00f3 ayer por la tarde con vecinos de Granjas del Valle, acompa\u00f1ado por la senadora suplente Adriana Fuentes, quien particip\u00f3 en el encuentro,","inLanguage":"en-US","isPartOf":{"@id":"https:\/\/www.enfasis.mx\/#website"},"breadcrumb":{"@id":"https:\/\/www.enfasis.mx\/?p=222#breadcrumblist"},"author":{"@id":"https:\/\/www.enfasis.mx\/?author=1#author"},"creator":{"@id":"https:\/\/www.enfasis.mx\/?author=1#author"},"image":{"@type":"ImageObject","url":"https:\/\/www.enfasis.mx\/wp-content\/uploads\/2026\/08\/cesar_jauregui_600x365_72dpi.jpg","@id":"https:\/\/www.enfasis.mx\/?p=222\/#mainImage","width":600,"height":365},"primaryImageOfPage":{"@id":"https:\/\/www.enfasis.mx\/?p=222#mainImage"},"datePublished":"2026-08-22T14:00:40-07:00","dateModified":"2026-08-22T14:08:29-07:00"},{"@type":"WebSite","@id":"https:\/\/www.enfasis.mx\/#website","url":"https:\/\/www.enfasis.mx\/","name":"\u00c9nfasis","description":"El acento en la econom\u00eda y la pol\u00edtica","inLanguage":"en-US","publisher":{"@id":"https:\/\/www.enfasis.mx\/#organization"}}]},"og:locale":"en_US","og:site_name":"\u00c9nfasis - El acento en la econom\u00eda y la pol\u00edtica","og:type":"article","og:title":"Escuchar y entender los problemas de las colonias es el primer paso para resolverlos: C\u00e9sar J\u00e1uregui - \u00c9nfasis","og:description":"Chihuahua, Chih., 22 de agosto de 2026.\u2013 Como parte de sus recorridos para escuchar directamente a los ciudadanos y conocer la problem\u00e1tica particular de las colonias de Chihuahua, C\u00e9sar J\u00e1uregui Moreno se reuni\u00f3 ayer por la tarde con vecinos de Granjas del Valle, acompa\u00f1ado por la senadora suplente Adriana Fuentes, quien particip\u00f3 en el encuentro,","og:url":"https:\/\/www.enfasis.mx\/?p=222","og:image":"https:\/\/www.enfasis.mx\/wp-content\/uploads\/2026\/08\/cesar_jauregui_600x365_72dpi.jpg","og:image:secure_url":"https:\/\/www.enfasis.mx\/wp-content\/uploads\/2026\/08\/cesar_jauregui_600x365_72dpi.jpg","og:image:width":600,"og:image:height":365,"article:published_time":"2026-08-22T21:00:40+00:00","article:modified_time":"2026-08-22T21:08:29+00:00","twitter:card":"summary_large_image","twitter:title":"Escuchar y entender los problemas de las colonias es el primer paso para resolverlos: C\u00e9sar J\u00e1uregui - \u00c9nfasis","twitter:description":"Chihuahua, Chih., 22 de agosto de 2026.\u2013 Como parte de sus recorridos para escuchar directamente a los ciudadanos y conocer la problem\u00e1tica particular de las colonias de Chihuahua, C\u00e9sar J\u00e1uregui Moreno se reuni\u00f3 ayer por la tarde con vecinos de Granjas del Valle, acompa\u00f1ado por la senadora suplente Adriana Fuentes, quien particip\u00f3 en el encuentro,","twitter:image":"https:\/\/www.enfasis.mx\/wp-content\/uploads\/2026\/08\/cesar_jauregui_600x365_72dpi.jpg"},"aioseo_meta_data":{"post_id":"222","title":null,"description":null,"keywords":null,"keyphrases":{"focus":{"keyphrase":"","score":0,"analysis":{"keyphraseInTitle":{"score":0,"maxScore":9,"error":1}}},"additional":[]},"primary_term":null,"canonical_url":null,"og_title":null,"og_description":null,"og_object_type":"default","og_image_type":"default","og_image_custom_url":null,"og_image_custom_fields":null,"og_image_url":null,"og_image_width":null,"og_image_height":null,"og_video":"","og_custom_url":null,"og_article_section":null,"og_article_tags":null,"twitter_use_og":true,"twitter_card":"default","twitter_image_type":"default","twitter_image_custom_url":null,"twitter_image_custom_fields":null,"twitter_image_url":null,"twitter_title":null,"twitter_description":null,"schema_type":"default","schema_type_options":null,"schema":{"blockGraphs":[],"customGraphs":[],"default":{"data":{"Article":[],"Course":[],"Dataset":[],"FAQPage":[],"Movie":[],"Person":[],"Product":[],"ProductReview":[],"Car":[],"Recipe":[],"Service":[],"SoftwareApplication":[],"WebPage":[]},"graphName":"BlogPosting","isEnabled":true},"graphs":[]},"pillar_content":false,"robots_default":true,"robots_noindex":false,"robots_noarchive":false,"robots_nosnippet":false,"robots_nofollow":false,"robots_noimageindex":false,"robots_noodp":false,"robots_notranslate":false,"robots_max_snippet":"-1","robots_max_videopreview":"-1","robots_max_imagepreview":"large","priority":null,"frequency":"default","local_seo":null,"limit_modified_date":false,"ai":{"faqs":[],"keyPoints":[],"schemas":[],"titles":[],"descriptions":[],"socialPosts":{"email":{"subject":"","preview":"","content":""},"linkedin":[],"twitter":[],"facebook":[],"instagram":[]}},"breadcrumb_settings":null,"seo_analyzer_scan_date":null,"created":"2026-08-22 21:00:43","updated":"2026-08-23 00:47:13"},"aioseo_breadcrumb":"<div class=\"aioseo-breadcrumbs\"><span class=\"aioseo-breadcrumb\">\n\t\t\t<a href=\"https:\/\/www.enfasis.mx\" title=\"Home\">Home<\/a>\n\t\t<\/span><span class=\"aioseo-breadcrumb-separator\">&raquo;<\/span><span class=\"aioseo-breadcrumb\">\n\t\t\t<a href=\"https:\/\/www.enfasis.mx\/?cat=4\" title=\"Pol\u00edtica\">Pol\u00edtica<\/a>\n\t\t<\/span><span class=\"aioseo-breadcrumb-separator\">&raquo;<\/span><span class=\"aioseo-breadcrumb\">\n\t\t\tEscuchar y entender los problemas de las colonias es el primer paso para resolverlos: C\u00e9sar J\u00e1uregui\n\t\t<\/span><\/div>","aioseo_breadcrumb_json":[{"label":"Home","link":"https:\/\/www.enfasis.mx"},{"label":"Pol\u00edtica","link":"https:\/\/www.enfasis.mx\/?cat=4"},{"label":"Escuchar y entender los problemas de las colonias es el primer paso para resolverlos: C\u00e9sar J\u00e1uregui","link":"https:\/\/www.enfasis.mx\/?p=222"}],"wpmagazine_modules_lite_featured_media_urls":{"thumbnail":["https:\/\/www.enfasis.mx\/wp-content\/uploads\/2026\/08\/cesar_jauregui_600x365_72dpi-150x150.jpg",150,150,true],"cvmm-medium":["https:\/\/www.enfasis.mx\/wp-content\/uploads\/2026\/08\/cesar_jauregui_600x365_72dpi-300x300.jpg",300,300,true],"cvmm-medium-plus":["https:\/\/www.enfasis.mx\/wp-content\/uploads\/2026\/08\/cesar_jauregui_600x365_72dpi-305x207.jpg",305,207,true],"cvmm-portrait":["https:\/\/www.enfasis.mx\/wp-content\/uploads\/2026\/08\/cesar_jauregui_600x365_72dpi-400x365.jpg",400,365,true],"cvmm-medium-square":["https:\/\/www.enfasis.mx\/wp-content\/uploads\/2026\/08\/cesar_jauregui_600x365_72dpi.jpg",600,365,false],"cvmm-large":["https:\/\/www.enfasis.mx\/wp-content\/uploads\/2026\/08\/cesar_jauregui_600x365_72dpi.jpg",600,365,false],"cvmm-small":["https:\/\/www.enfasis.mx\/wp-content\/uploads\/2026\/08\/cesar_jauregui_600x365_72dpi-130x95.jpg",130,95,true],"full":["https:\/\/www.enfasis.mx\/wp-content\/uploads\/2026\/08\/cesar_jauregui_600x365_72dpi.jpg",600,365,false]},"categories_names":{"4":{"name":"Pol\u00edtica","link":"https:\/\/www.enfasis.mx\/?cat=4"}},"tags_names":[],"comments_number":"0","jetpack_sharing_enabled":true,"jetpack_featured_media_url":"https:\/\/www.enfasis.mx\/wp-content\/uploads\/2026\/08\/cesar_jauregui_600x365_72dpi.jpg","_links":{"self":[{"href":"https:\/\/www.enfasis.mx\/index.php?rest_route=\/wp\/v2\/posts\/222","targetHints":{"allow":["GET"]}}],"collection":[{"href":"https:\/\/www.enfasis.mx\/index.php?rest_route=\/wp\/v2\/posts"}],"about":[{"href":"https:\/\/www.enfasis.mx\/index.php?rest_route=\/wp\/v2\/types\/post"}],"author":[{"embeddable":true,"href":"https:\/\/www.enfasis.mx\/index.php?rest_route=\/wp\/v2\/users\/1"}],"replies":[{"embeddable":true,"href":"https:\/\/www.enfasis.mx\/index.php?rest_route=%2Fwp%2Fv2%2Fcomments&post=222"}],"version-history":[{"count":1,"href":"https:\/\/www.enfasis.mx\/index.php?rest_route=\/wp\/v2\/posts\/222\/revisions"}],"predecessor-version":[{"id":224,"href":"https:\/\/www.enfasis.mx\/index.php?rest_route=\/wp\/v2\/posts\/222\/revisions\/224"}],"wp:featuredmedia":[{"embeddable":true,"href":"https:\/\/www.enfasis.mx\/index.php?rest_route=\/wp\/v2\/media\/225"}],"wp:attachment":[{"href":"https:\/\/www.enfasis.mx\/index.php?rest_route=%2Fwp%2Fv2%2Fmedia&parent=222"}],"wp:term":[{"taxonomy":"category","embeddable":true,"href":"https:\/\/www.enfasis.mx\/index.php?rest_route=%2Fwp%2Fv2%2Fcategories&post=222"},{"taxonomy":"post_tag","embeddable":true,"href":"https:\/\/www.enfasis.mx\/index.php?rest_route=%2Fwp%2Fv2%2Ftags&post=222"}],"curies":[{"name":"wp","href":"https:\/\/api.w.org\/{rel}","templated":true}]}}