{"id":232,"date":"2026-08-25T09:41:59","date_gmt":"2026-08-25T16:41:59","guid":{"rendered":"https:\/\/www.enfasis.mx\/?p=232"},"modified":"2026-08-25T14:24:52","modified_gmt":"2026-08-25T21:24:52","slug":"continua-jauregui-recorrido-por-colonias-llama-a-ocuparse-rumbo-al-2027","status":"publish","type":"post","link":"https:\/\/www.enfasis.mx\/?p=232","title":{"rendered":"Contin\u00faa J\u00e1uregui recorrido por colonias; llama a ocuparse rumbo al 2027"},"content":{"rendered":"\n<p class=\"wp-block-paragraph\">Por: Redaccci\u00f3n<\/p>\n\n\n\n<p class=\"wp-block-paragraph\">Chihuahua, Chih.- C\u00e9sar J\u00e1uregui Moreno continu\u00f3 ayer por la tarde sus recorridos por las colonias de Chihuahua capital, con encuentros a las 4:00 de la tarde en la colonia Campesina y a las 6:00 de la tarde en Sierra Azul, donde escuch\u00f3 directamente a los vecinos y dialog\u00f3 con ellos sobre sus principales necesidades y los retos que enfrenta la ciudad.<\/p>\n\n\n\n<p class=\"wp-block-paragraph\">En la colonia Campesina, J\u00e1uregui escuch\u00f3 planteamientos relacionados con seguridad, alumbrado, agua y oportunidades para las familias. Agradeci\u00f3 a Perla \u00c1vila por recibirlo y facilitar el encuentro con los habitantes del sector.<\/p>\n\n\n\n<p class=\"wp-block-paragraph\">\u201cConocer cada colonia desde su gente es la mejor manera de entender lo que necesita Chihuahua. Hay que escuchar de frente, saber qu\u00e9 preocupa a las familias y estar cerca\u201d, expres\u00f3.<\/p>\n\n\n\n<p class=\"wp-block-paragraph\">M\u00e1s tarde, a las 6:00 de la tarde, en Sierra Azul, agradeci\u00f3 a Rosy por reunir a los vecinos y a Azucena por abrir las puertas de su casa para mantener una conversaci\u00f3n directa sobre la ciudad y la calidad de vida de las familias.<\/p>\n\n\n\n<p class=\"wp-block-paragraph\">Durante el encuentro, J\u00e1uregui habl\u00f3 de una meta fundamental: que los chihuahuenses puedan tener m\u00e1s tiempo para la familia, el trabajo y el descanso; tiempo para disfrutar su ciudad.<\/p>\n\n\n\n<p class=\"wp-block-paragraph\">En ambas reuniones reiter\u00f3 adem\u00e1s uno de los mensajes que ha llevado a sus recorridos por la capital: frente a lo que estar\u00e1 en juego en 2027, no basta con preocuparse, hay que ocuparse.<\/p>\n\n\n\n<p class=\"wp-block-paragraph\">\u201cHay que participar, hablar con nuestra familia, con nuestros amigos y entender lo que est\u00e1 en juego. En el 27 no solamente hay que preocuparse, hay que ocuparse\u201d, se\u00f1al\u00f3.<\/p>\n\n\n\n<p class=\"wp-block-paragraph\">J\u00e1uregui Moreno asegur\u00f3 que continuar\u00e1 recorriendo las colonias de Chihuahua capital, escuchando y hablando de frente con la gente, para conocer sus problemas, sus aspiraciones y sumar a m\u00e1s ciudadanos a la conversaci\u00f3n sobre el futuro de Chihuahua.<\/p>\n","protected":false},"excerpt":{"rendered":"<p>Por: Redaccci\u00f3n Chihuahua, Chih.- C\u00e9sar J\u00e1uregui Moreno continu\u00f3 ayer por la tarde sus recorridos por las colonias de Chihuahua capital, con encuentros a las 4:00 de la tarde en la colonia Campesina y a las 6:00 de la tarde en Sierra Azul, donde escuch\u00f3 directamente a los vecinos y dialog\u00f3 con ellos sobre sus principales [&hellip;]<\/p>\n","protected":false},"author":13,"featured_media":233,"comment_status":"closed","ping_status":"open","sticky":false,"template":"","format":"standard","meta":{"_jetpack_newsletter_access":"","_jetpack_dont_email_post_to_subs":false,"_jetpack_newsletter_tier_id":0,"_jetpack_memberships_contains_paywalled_content":false,"_jetpack_feature_clip_id":0,"_jetpack_memberships_contains_paid_content":false,"footnotes":"","jetpack_post_was_ever_published":false},"categories":[4],"tags":[],"class_list":["post-232","post","type-post","status-publish","format-standard","has-post-thumbnail","hentry","category-analisis-politico"],"aioseo_notices":[],"aioseo_head":"\n\t\t<!-- All in One SEO 4.9.10 - aioseo.com -->\n\t<meta name=\"description\" content=\"Por: Redaccci\u00f3n Chihuahua, Chih.- C\u00e9sar J\u00e1uregui Moreno continu\u00f3 ayer por la tarde sus recorridos por las colonias de Chihuahua capital, con encuentros a las 4:00 de la tarde en la colonia Campesina y a las 6:00 de la tarde en Sierra Azul, donde escuch\u00f3 directamente a los vecinos y dialog\u00f3 con ellos sobre sus principales\" \/>\n\t<meta name=\"robots\" content=\"max-image-preview:large\" \/>\n\t<meta name=\"author\" content=\"Redaccion\"\/>\n\t<meta name=\"google-site-verification\" content=\"jlwkLGgnMBpX8ktutl9e1D8Kvl7Rh7xmXQIHtOLk65U\" \/>\n\t<link rel=\"canonical\" href=\"https:\/\/www.enfasis.mx\/?p=232\" \/>\n\t<meta name=\"generator\" content=\"All in One SEO (AIOSEO) 4.9.10\" \/>\n\t\t<meta property=\"og:locale\" content=\"en_US\" \/>\n\t\t<meta property=\"og:site_name\" content=\"\u00c9nfasis - El acento en la econom\u00eda y la pol\u00edtica\" \/>\n\t\t<meta property=\"og:type\" content=\"article\" \/>\n\t\t<meta property=\"og:title\" content=\"Contin\u00faa J\u00e1uregui recorrido por colonias; llama a ocuparse rumbo al 2027 - \u00c9nfasis\" \/>\n\t\t<meta property=\"og:description\" content=\"Por: Redaccci\u00f3n Chihuahua, Chih.- C\u00e9sar J\u00e1uregui Moreno continu\u00f3 ayer por la tarde sus recorridos por las colonias de Chihuahua capital, con encuentros a las 4:00 de la tarde en la colonia Campesina y a las 6:00 de la tarde en Sierra Azul, donde escuch\u00f3 directamente a los vecinos y dialog\u00f3 con ellos sobre sus principales\" \/>\n\t\t<meta property=\"og:url\" content=\"https:\/\/www.enfasis.mx\/?p=232\" \/>\n\t\t<meta property=\"og:image\" content=\"https:\/\/www.enfasis.mx\/wp-content\/uploads\/2026\/08\/jauregui-campesina.png\" \/>\n\t\t<meta property=\"og:image:secure_url\" content=\"https:\/\/www.enfasis.mx\/wp-content\/uploads\/2026\/08\/jauregui-campesina.png\" \/>\n\t\t<meta property=\"og:image:width\" content=\"600\" \/>\n\t\t<meta property=\"og:image:height\" content=\"365\" \/>\n\t\t<meta property=\"article:published_time\" content=\"2026-08-25T16:41:59+00:00\" \/>\n\t\t<meta property=\"article:modified_time\" content=\"2026-08-25T21:24:52+00:00\" \/>\n\t\t<meta name=\"twitter:card\" content=\"summary_large_image\" \/>\n\t\t<meta name=\"twitter:title\" content=\"Contin\u00faa J\u00e1uregui recorrido por colonias; llama a ocuparse rumbo al 2027 - \u00c9nfasis\" \/>\n\t\t<meta name=\"twitter:description\" content=\"Por: Redaccci\u00f3n Chihuahua, Chih.- C\u00e9sar J\u00e1uregui Moreno continu\u00f3 ayer por la tarde sus recorridos por las colonias de Chihuahua capital, con encuentros a las 4:00 de la tarde en la colonia Campesina y a las 6:00 de la tarde en Sierra Azul, donde escuch\u00f3 directamente a los vecinos y dialog\u00f3 con ellos sobre sus principales\" \/>\n\t\t<meta name=\"twitter:image\" content=\"https:\/\/www.enfasis.mx\/wp-content\/uploads\/2026\/08\/jauregui-campesina.png\" \/>\n\t\t<script type=\"application\/ld+json\" class=\"aioseo-schema\">\n\t\t\t{\"@context\":\"https:\\\/\\\/schema.org\",\"@graph\":[{\"@type\":\"BlogPosting\",\"@id\":\"https:\\\/\\\/www.enfasis.mx\\\/?p=232#blogposting\",\"name\":\"Contin\\u00faa J\\u00e1uregui recorrido por colonias; llama a ocuparse rumbo al 2027 - \\u00c9nfasis\",\"headline\":\"Contin\\u00faa J\\u00e1uregui recorrido por colonias; llama a ocuparse rumbo al 2027\",\"author\":{\"@id\":\"https:\\\/\\\/www.enfasis.mx\\\/?author=13#author\"},\"publisher\":{\"@id\":\"https:\\\/\\\/www.enfasis.mx\\\/#organization\"},\"image\":{\"@type\":\"ImageObject\",\"url\":\"https:\\\/\\\/www.enfasis.mx\\\/wp-content\\\/uploads\\\/2026\\\/08\\\/jauregui-campesina.png\",\"width\":600,\"height\":365},\"datePublished\":\"2026-08-25T09:41:59-07:00\",\"dateModified\":\"2026-08-25T14:24:52-07:00\",\"inLanguage\":\"en-US\",\"mainEntityOfPage\":{\"@id\":\"https:\\\/\\\/www.enfasis.mx\\\/?p=232#webpage\"},\"isPartOf\":{\"@id\":\"https:\\\/\\\/www.enfasis.mx\\\/?p=232#webpage\"},\"articleSection\":\"Pol\\u00edtica\"},{\"@type\":\"BreadcrumbList\",\"@id\":\"https:\\\/\\\/www.enfasis.mx\\\/?p=232#breadcrumblist\",\"itemListElement\":[{\"@type\":\"ListItem\",\"@id\":\"https:\\\/\\\/www.enfasis.mx#listItem\",\"position\":1,\"name\":\"Home\",\"item\":\"https:\\\/\\\/www.enfasis.mx\",\"nextItem\":{\"@type\":\"ListItem\",\"@id\":\"https:\\\/\\\/www.enfasis.mx\\\/?cat=4#listItem\",\"name\":\"Pol\\u00edtica\"}},{\"@type\":\"ListItem\",\"@id\":\"https:\\\/\\\/www.enfasis.mx\\\/?cat=4#listItem\",\"position\":2,\"name\":\"Pol\\u00edtica\",\"item\":\"https:\\\/\\\/www.enfasis.mx\\\/?cat=4\",\"nextItem\":{\"@type\":\"ListItem\",\"@id\":\"https:\\\/\\\/www.enfasis.mx\\\/?p=232#listItem\",\"name\":\"Contin\\u00faa J\\u00e1uregui recorrido por colonias; llama a ocuparse rumbo al 2027\"},\"previousItem\":{\"@type\":\"ListItem\",\"@id\":\"https:\\\/\\\/www.enfasis.mx#listItem\",\"name\":\"Home\"}},{\"@type\":\"ListItem\",\"@id\":\"https:\\\/\\\/www.enfasis.mx\\\/?p=232#listItem\",\"position\":3,\"name\":\"Contin\\u00faa J\\u00e1uregui recorrido por colonias; llama a ocuparse rumbo al 2027\",\"previousItem\":{\"@type\":\"ListItem\",\"@id\":\"https:\\\/\\\/www.enfasis.mx\\\/?cat=4#listItem\",\"name\":\"Pol\\u00edtica\"}}]},{\"@type\":\"Organization\",\"@id\":\"https:\\\/\\\/www.enfasis.mx\\\/#organization\",\"name\":\"\\u00c9nfasis Ser Empresario\",\"description\":\"El acento en la econom\\u00eda y la pol\\u00edtica Grupo Editorial Fundado en 1998, su marca insignia es REVISTA SER EMPRESARIO la revista empresarial mas importante del Estado\",\"url\":\"https:\\\/\\\/www.enfasis.mx\\\/\",\"logo\":{\"@type\":\"ImageObject\",\"url\":\"http:\\\/\\\/www.enfasis.mx\\\/wp-content\\\/uploads\\\/2026\\\/07\\\/Enfasis-Logo-1.png\",\"@id\":\"https:\\\/\\\/www.enfasis.mx\\\/?p=232\\\/#organizationLogo\"},\"image\":{\"@id\":\"https:\\\/\\\/www.enfasis.mx\\\/?p=232\\\/#organizationLogo\"}},{\"@type\":\"Person\",\"@id\":\"https:\\\/\\\/www.enfasis.mx\\\/?author=13#author\",\"url\":\"https:\\\/\\\/www.enfasis.mx\\\/?author=13\",\"name\":\"Redaccion\"},{\"@type\":\"WebPage\",\"@id\":\"https:\\\/\\\/www.enfasis.mx\\\/?p=232#webpage\",\"url\":\"https:\\\/\\\/www.enfasis.mx\\\/?p=232\",\"name\":\"Contin\\u00faa J\\u00e1uregui recorrido por colonias; llama a ocuparse rumbo al 2027 - \\u00c9nfasis\",\"description\":\"Por: Redaccci\\u00f3n Chihuahua, Chih.- C\\u00e9sar J\\u00e1uregui Moreno continu\\u00f3 ayer por la tarde sus recorridos por las colonias de Chihuahua capital, con encuentros a las 4:00 de la tarde en la colonia Campesina y a las 6:00 de la tarde en Sierra Azul, donde escuch\\u00f3 directamente a los vecinos y dialog\\u00f3 con ellos sobre sus principales\",\"inLanguage\":\"en-US\",\"isPartOf\":{\"@id\":\"https:\\\/\\\/www.enfasis.mx\\\/#website\"},\"breadcrumb\":{\"@id\":\"https:\\\/\\\/www.enfasis.mx\\\/?p=232#breadcrumblist\"},\"author\":{\"@id\":\"https:\\\/\\\/www.enfasis.mx\\\/?author=13#author\"},\"creator\":{\"@id\":\"https:\\\/\\\/www.enfasis.mx\\\/?author=13#author\"},\"image\":{\"@type\":\"ImageObject\",\"url\":\"https:\\\/\\\/www.enfasis.mx\\\/wp-content\\\/uploads\\\/2026\\\/08\\\/jauregui-campesina.png\",\"@id\":\"https:\\\/\\\/www.enfasis.mx\\\/?p=232\\\/#mainImage\",\"width\":600,\"height\":365},\"primaryImageOfPage\":{\"@id\":\"https:\\\/\\\/www.enfasis.mx\\\/?p=232#mainImage\"},\"datePublished\":\"2026-08-25T09:41:59-07:00\",\"dateModified\":\"2026-08-25T14:24:52-07:00\"},{\"@type\":\"WebSite\",\"@id\":\"https:\\\/\\\/www.enfasis.mx\\\/#website\",\"url\":\"https:\\\/\\\/www.enfasis.mx\\\/\",\"name\":\"\\u00c9nfasis\",\"description\":\"El acento en la econom\\u00eda y la pol\\u00edtica\",\"inLanguage\":\"en-US\",\"publisher\":{\"@id\":\"https:\\\/\\\/www.enfasis.mx\\\/#organization\"}}]}\n\t\t<\/script>\n\t\t<!-- All in One SEO -->\n\n","aioseo_head_json":{"title":"Contin\u00faa J\u00e1uregui recorrido por colonias; llama a ocuparse rumbo al 2027 - \u00c9nfasis","description":"Por: Redaccci\u00f3n Chihuahua, Chih.- C\u00e9sar J\u00e1uregui Moreno continu\u00f3 ayer por la tarde sus recorridos por las colonias de Chihuahua capital, con encuentros a las 4:00 de la tarde en la colonia Campesina y a las 6:00 de la tarde en Sierra Azul, donde escuch\u00f3 directamente a los vecinos y dialog\u00f3 con ellos sobre sus principales","canonical_url":"https:\/\/www.enfasis.mx\/?p=232","robots":"max-image-preview:large","keywords":"","webmasterTools":{"google-site-verification":"jlwkLGgnMBpX8ktutl9e1D8Kvl7Rh7xmXQIHtOLk65U","miscellaneous":""},"schema":{"@context":"https:\/\/schema.org","@graph":[{"@type":"BlogPosting","@id":"https:\/\/www.enfasis.mx\/?p=232#blogposting","name":"Contin\u00faa J\u00e1uregui recorrido por colonias; llama a ocuparse rumbo al 2027 - \u00c9nfasis","headline":"Contin\u00faa J\u00e1uregui recorrido por colonias; llama a ocuparse rumbo al 2027","author":{"@id":"https:\/\/www.enfasis.mx\/?author=13#author"},"publisher":{"@id":"https:\/\/www.enfasis.mx\/#organization"},"image":{"@type":"ImageObject","url":"https:\/\/www.enfasis.mx\/wp-content\/uploads\/2026\/08\/jauregui-campesina.png","width":600,"height":365},"datePublished":"2026-08-25T09:41:59-07:00","dateModified":"2026-08-25T14:24:52-07:00","inLanguage":"en-US","mainEntityOfPage":{"@id":"https:\/\/www.enfasis.mx\/?p=232#webpage"},"isPartOf":{"@id":"https:\/\/www.enfasis.mx\/?p=232#webpage"},"articleSection":"Pol\u00edtica"},{"@type":"BreadcrumbList","@id":"https:\/\/www.enfasis.mx\/?p=232#breadcrumblist","itemListElement":[{"@type":"ListItem","@id":"https:\/\/www.enfasis.mx#listItem","position":1,"name":"Home","item":"https:\/\/www.enfasis.mx","nextItem":{"@type":"ListItem","@id":"https:\/\/www.enfasis.mx\/?cat=4#listItem","name":"Pol\u00edtica"}},{"@type":"ListItem","@id":"https:\/\/www.enfasis.mx\/?cat=4#listItem","position":2,"name":"Pol\u00edtica","item":"https:\/\/www.enfasis.mx\/?cat=4","nextItem":{"@type":"ListItem","@id":"https:\/\/www.enfasis.mx\/?p=232#listItem","name":"Contin\u00faa J\u00e1uregui recorrido por colonias; llama a ocuparse rumbo al 2027"},"previousItem":{"@type":"ListItem","@id":"https:\/\/www.enfasis.mx#listItem","name":"Home"}},{"@type":"ListItem","@id":"https:\/\/www.enfasis.mx\/?p=232#listItem","position":3,"name":"Contin\u00faa J\u00e1uregui recorrido por colonias; llama a ocuparse rumbo al 2027","previousItem":{"@type":"ListItem","@id":"https:\/\/www.enfasis.mx\/?cat=4#listItem","name":"Pol\u00edtica"}}]},{"@type":"Organization","@id":"https:\/\/www.enfasis.mx\/#organization","name":"\u00c9nfasis Ser Empresario","description":"El acento en la econom\u00eda y la pol\u00edtica Grupo Editorial Fundado en 1998, su marca insignia es REVISTA SER EMPRESARIO la revista empresarial mas importante del Estado","url":"https:\/\/www.enfasis.mx\/","logo":{"@type":"ImageObject","url":"http:\/\/www.enfasis.mx\/wp-content\/uploads\/2026\/07\/Enfasis-Logo-1.png","@id":"https:\/\/www.enfasis.mx\/?p=232\/#organizationLogo"},"image":{"@id":"https:\/\/www.enfasis.mx\/?p=232\/#organizationLogo"}},{"@type":"Person","@id":"https:\/\/www.enfasis.mx\/?author=13#author","url":"https:\/\/www.enfasis.mx\/?author=13","name":"Redaccion"},{"@type":"WebPage","@id":"https:\/\/www.enfasis.mx\/?p=232#webpage","url":"https:\/\/www.enfasis.mx\/?p=232","name":"Contin\u00faa J\u00e1uregui recorrido por colonias; llama a ocuparse rumbo al 2027 - \u00c9nfasis","description":"Por: Redaccci\u00f3n Chihuahua, Chih.- C\u00e9sar J\u00e1uregui Moreno continu\u00f3 ayer por la tarde sus recorridos por las colonias de Chihuahua capital, con encuentros a las 4:00 de la tarde en la colonia Campesina y a las 6:00 de la tarde en Sierra Azul, donde escuch\u00f3 directamente a los vecinos y dialog\u00f3 con ellos sobre sus principales","inLanguage":"en-US","isPartOf":{"@id":"https:\/\/www.enfasis.mx\/#website"},"breadcrumb":{"@id":"https:\/\/www.enfasis.mx\/?p=232#breadcrumblist"},"author":{"@id":"https:\/\/www.enfasis.mx\/?author=13#author"},"creator":{"@id":"https:\/\/www.enfasis.mx\/?author=13#author"},"image":{"@type":"ImageObject","url":"https:\/\/www.enfasis.mx\/wp-content\/uploads\/2026\/08\/jauregui-campesina.png","@id":"https:\/\/www.enfasis.mx\/?p=232\/#mainImage","width":600,"height":365},"primaryImageOfPage":{"@id":"https:\/\/www.enfasis.mx\/?p=232#mainImage"},"datePublished":"2026-08-25T09:41:59-07:00","dateModified":"2026-08-25T14:24:52-07:00"},{"@type":"WebSite","@id":"https:\/\/www.enfasis.mx\/#website","url":"https:\/\/www.enfasis.mx\/","name":"\u00c9nfasis","description":"El acento en la econom\u00eda y la pol\u00edtica","inLanguage":"en-US","publisher":{"@id":"https:\/\/www.enfasis.mx\/#organization"}}]},"og:locale":"en_US","og:site_name":"\u00c9nfasis - El acento en la econom\u00eda y la pol\u00edtica","og:type":"article","og:title":"Contin\u00faa J\u00e1uregui recorrido por colonias; llama a ocuparse rumbo al 2027 - \u00c9nfasis","og:description":"Por: Redaccci\u00f3n Chihuahua, Chih.- C\u00e9sar J\u00e1uregui Moreno continu\u00f3 ayer por la tarde sus recorridos por las colonias de Chihuahua capital, con encuentros a las 4:00 de la tarde en la colonia Campesina y a las 6:00 de la tarde en Sierra Azul, donde escuch\u00f3 directamente a los vecinos y dialog\u00f3 con ellos sobre sus principales","og:url":"https:\/\/www.enfasis.mx\/?p=232","og:image":"https:\/\/www.enfasis.mx\/wp-content\/uploads\/2026\/08\/jauregui-campesina.png","og:image:secure_url":"https:\/\/www.enfasis.mx\/wp-content\/uploads\/2026\/08\/jauregui-campesina.png","og:image:width":600,"og:image:height":365,"article:published_time":"2026-08-25T16:41:59+00:00","article:modified_time":"2026-08-25T21:24:52+00:00","twitter:card":"summary_large_image","twitter:title":"Contin\u00faa J\u00e1uregui recorrido por colonias; llama a ocuparse rumbo al 2027 - \u00c9nfasis","twitter:description":"Por: Redaccci\u00f3n Chihuahua, Chih.- C\u00e9sar J\u00e1uregui Moreno continu\u00f3 ayer por la tarde sus recorridos por las colonias de Chihuahua capital, con encuentros a las 4:00 de la tarde en la colonia Campesina y a las 6:00 de la tarde en Sierra Azul, donde escuch\u00f3 directamente a los vecinos y dialog\u00f3 con ellos sobre sus principales","twitter:image":"https:\/\/www.enfasis.mx\/wp-content\/uploads\/2026\/08\/jauregui-campesina.png"},"aioseo_meta_data":{"post_id":"232","title":"#post_title #separator_sa #site_title","description":"#post_excerpt","keywords":null,"keyphrases":{"focus":{"keyphrase":"","score":0,"analysis":{"keyphraseInTitle":{"score":0,"maxScore":9,"error":1}}},"additional":[]},"primary_term":null,"canonical_url":null,"og_title":null,"og_description":null,"og_object_type":"default","og_image_type":"default","og_image_custom_url":null,"og_image_custom_fields":null,"og_image_url":null,"og_image_width":null,"og_image_height":null,"og_video":"","og_custom_url":null,"og_article_section":null,"og_article_tags":null,"twitter_use_og":true,"twitter_card":"default","twitter_image_type":"default","twitter_image_custom_url":null,"twitter_image_custom_fields":null,"twitter_image_url":null,"twitter_title":null,"twitter_description":null,"schema_type":"default","schema_type_options":null,"schema":{"blockGraphs":[],"customGraphs":[],"default":{"data":{"Article":[],"Course":[],"Dataset":[],"FAQPage":[],"Movie":[],"Person":[],"Product":[],"ProductReview":[],"Car":[],"Recipe":[],"Service":[],"SoftwareApplication":[],"WebPage":[]},"graphName":"BlogPosting","isEnabled":true},"graphs":[]},"pillar_content":false,"robots_default":true,"robots_noindex":false,"robots_noarchive":false,"robots_nosnippet":false,"robots_nofollow":false,"robots_noimageindex":false,"robots_noodp":false,"robots_notranslate":false,"robots_max_snippet":"-1","robots_max_videopreview":"-1","robots_max_imagepreview":"large","priority":null,"frequency":"default","local_seo":null,"limit_modified_date":false,"ai":{"faqs":[],"keyPoints":[],"schemas":[],"titles":[],"descriptions":[],"socialPosts":{"email":{"subject":"","preview":"","content":""},"linkedin":[],"twitter":[],"facebook":[],"instagram":[]}},"breadcrumb_settings":null,"seo_analyzer_scan_date":null,"created":"2026-08-25 16:42:03","updated":"2026-08-25 22:36:05"},"aioseo_breadcrumb":"<div class=\"aioseo-breadcrumbs\"><span class=\"aioseo-breadcrumb\">\n\t\t\t<a href=\"https:\/\/www.enfasis.mx\" title=\"Home\">Home<\/a>\n\t\t<\/span><span class=\"aioseo-breadcrumb-separator\">&raquo;<\/span><span class=\"aioseo-breadcrumb\">\n\t\t\t<a href=\"https:\/\/www.enfasis.mx\/?cat=4\" title=\"Pol\u00edtica\">Pol\u00edtica<\/a>\n\t\t<\/span><span class=\"aioseo-breadcrumb-separator\">&raquo;<\/span><span class=\"aioseo-breadcrumb\">\n\t\t\tContin\u00faa J\u00e1uregui recorrido por colonias; llama a ocuparse rumbo al 2027\n\t\t<\/span><\/div>","aioseo_breadcrumb_json":[{"label":"Home","link":"https:\/\/www.enfasis.mx"},{"label":"Pol\u00edtica","link":"https:\/\/www.enfasis.mx\/?cat=4"},{"label":"Contin\u00faa J\u00e1uregui recorrido por colonias; llama a ocuparse rumbo al 2027","link":"https:\/\/www.enfasis.mx\/?p=232"}],"wpmagazine_modules_lite_featured_media_urls":{"thumbnail":["https:\/\/www.enfasis.mx\/wp-content\/uploads\/2026\/08\/jauregui-campesina-150x150.png",150,150,true],"cvmm-medium":["https:\/\/www.enfasis.mx\/wp-content\/uploads\/2026\/08\/jauregui-campesina-300x300.png",300,300,true],"cvmm-medium-plus":["https:\/\/www.enfasis.mx\/wp-content\/uploads\/2026\/08\/jauregui-campesina-305x207.png",305,207,true],"cvmm-portrait":["https:\/\/www.enfasis.mx\/wp-content\/uploads\/2026\/08\/jauregui-campesina-400x365.png",400,365,true],"cvmm-medium-square":["https:\/\/www.enfasis.mx\/wp-content\/uploads\/2026\/08\/jauregui-campesina.png",600,365,false],"cvmm-large":["https:\/\/www.enfasis.mx\/wp-content\/uploads\/2026\/08\/jauregui-campesina.png",600,365,false],"cvmm-small":["https:\/\/www.enfasis.mx\/wp-content\/uploads\/2026\/08\/jauregui-campesina-130x95.png",130,95,true],"full":["https:\/\/www.enfasis.mx\/wp-content\/uploads\/2026\/08\/jauregui-campesina.png",600,365,false]},"categories_names":{"4":{"name":"Pol\u00edtica","link":"https:\/\/www.enfasis.mx\/?cat=4"}},"tags_names":[],"comments_number":"0","jetpack_sharing_enabled":true,"jetpack_featured_media_url":"https:\/\/www.enfasis.mx\/wp-content\/uploads\/2026\/08\/jauregui-campesina.png","_links":{"self":[{"href":"https:\/\/www.enfasis.mx\/index.php?rest_route=\/wp\/v2\/posts\/232","targetHints":{"allow":["GET"]}}],"collection":[{"href":"https:\/\/www.enfasis.mx\/index.php?rest_route=\/wp\/v2\/posts"}],"about":[{"href":"https:\/\/www.enfasis.mx\/index.php?rest_route=\/wp\/v2\/types\/post"}],"author":[{"embeddable":true,"href":"https:\/\/www.enfasis.mx\/index.php?rest_route=\/wp\/v2\/users\/13"}],"replies":[{"embeddable":true,"href":"https:\/\/www.enfasis.mx\/index.php?rest_route=%2Fwp%2Fv2%2Fcomments&post=232"}],"version-history":[{"count":1,"href":"https:\/\/www.enfasis.mx\/index.php?rest_route=\/wp\/v2\/posts\/232\/revisions"}],"predecessor-version":[{"id":234,"href":"https:\/\/www.enfasis.mx\/index.php?rest_route=\/wp\/v2\/posts\/232\/revisions\/234"}],"wp:featuredmedia":[{"embeddable":true,"href":"https:\/\/www.enfasis.mx\/index.php?rest_route=\/wp\/v2\/media\/233"}],"wp:attachment":[{"href":"https:\/\/www.enfasis.mx\/index.php?rest_route=%2Fwp%2Fv2%2Fmedia&parent=232"}],"wp:term":[{"taxonomy":"category","embeddable":true,"href":"https:\/\/www.enfasis.mx\/index.php?rest_route=%2Fwp%2Fv2%2Fcategories&post=232"},{"taxonomy":"post_tag","embeddable":true,"href":"https:\/\/www.enfasis.mx\/index.php?rest_route=%2Fwp%2Fv2%2Ftags&post=232"}],"curies":[{"name":"wp","href":"https:\/\/api.w.org\/{rel}","templated":true}]}}