{"id":235,"date":"2026-08-25T14:24:17","date_gmt":"2026-08-25T21:24:17","guid":{"rendered":"https:\/\/www.enfasis.mx\/?p=235"},"modified":"2026-08-25T14:24:45","modified_gmt":"2026-08-25T21:24:45","slug":"maru-campos-lo-estamos-valorando","status":"publish","type":"post","link":"https:\/\/www.enfasis.mx\/?p=235","title":{"rendered":"Maru Campos: lo estamos valorando"},"content":{"rendered":"\n<p class=\"wp-block-paragraph\"><strong>Por Mario \u00c1lvarez Porras<\/strong><br><em>Licenciado en educaci\u00f3n&nbsp;<\/em><\/p>\n\n\n\n<p class=\"wp-block-paragraph\">Hay frases que parecen peque\u00f1as hasta que se miran con atenci\u00f3n. En pol\u00edtica, adem\u00e1s, algunas palabras tienen la costumbre de sobrevivir a quien las pronuncia.<\/p>\n\n\n\n<p class=\"wp-block-paragraph\">\u201cLo estamos valorando\u201d, respondi\u00f3 Maru Campos cuando se le pregunt\u00f3 por la posibilidad de competir por una diputaci\u00f3n federal en 2027, despu\u00e9s de recibir una invitaci\u00f3n del Comit\u00e9 Ejecutivo Nacional del PAN. La gobernadora confirm\u00f3 que la propuesta existe, pero no anunci\u00f3 una candidatura ni dijo haber tomado una decisi\u00f3n definitiva (Omnia, 2026a).<\/p>\n\n\n\n<p class=\"wp-block-paragraph\">Poco despu\u00e9s, ante una pregunta todav\u00eda mayor \u2014\u201c\u00bfMaru, presidenta?\u201d\u2014 respondi\u00f3: \u201cS\u00ed, puede ser\u201d. Conviene detenerse en la frase y, sobre todo, en lo que no dijo. No anunci\u00f3 una candidatura presidencial. No present\u00f3 un proyecto. No abri\u00f3 formalmente una campa\u00f1a. Dej\u00f3 abierta una posibilidad (Omnia, 2026a).<\/p>\n\n\n\n<p class=\"wp-block-paragraph\">Y quiz\u00e1 \u00e9sa sea la primera obligaci\u00f3n de quien escribe sobre pol\u00edtica: no correr m\u00e1s r\u00e1pido que los hechos.<\/p>\n\n\n\n<p class=\"wp-block-paragraph\">Una cosa es recibir una invitaci\u00f3n y otra aceptar una candidatura; una cosa es no descartar una aspiraci\u00f3n presidencial y otra muy distinta construir una candidatura para 2030. En tiempos en que una declaraci\u00f3n puede convertirse en titular antes de que termine la conferencia de prensa, distinguir entre una posibilidad y una decisi\u00f3n tambi\u00e9n es una forma de ejercer la opini\u00f3n con responsabilidad.<\/p>\n\n\n\n<p class=\"wp-block-paragraph\">Pero hay algo m\u00e1s importante que el futuro pol\u00edtico de Maru Campos: su presente, todav\u00eda gobierna Chihuahua.<\/p>\n\n\n\n<p class=\"wp-block-paragraph\">Su administraci\u00f3n no ha terminado y, por tanto, tampoco ha terminado la responsabilidad de responder por ella. Hay decisiones tomadas, compromisos adquiridos, problemas pendientes y resultados que deber\u00e1n ser evaluados cuando llegue el momento. Mientras los partidos comienzan a mirar hacia 2027 y algunos incluso hacia 2030, la vida cotidiana de los ciudadanos contin\u00faa en otro calendario: el del trabajo, la escuela, la seguridad, los servicios p\u00fablicos y las necesidades que no esperan a que llegue la siguiente elecci\u00f3n.<\/p>\n\n\n\n<p class=\"wp-block-paragraph\">Ah\u00ed aparece una distancia que la pol\u00edtica mexicana conoce demasiado bien. Los pol\u00edticos tienen que pensar en el siguiente proceso; los ciudadanos tienen que resolver el d\u00eda siguiente.<\/p>\n\n\n\n<p class=\"wp-block-paragraph\">No hay nada extra\u00f1o en que una gobernadora piense en su futuro. Tampoco ser\u00eda serio convertir una invitaci\u00f3n partidista en una acusaci\u00f3n. Campos puede aceptar, rechazar o simplemente esperar. La decisi\u00f3n es suya. Lo que no est\u00e1 exclusivamente en sus manos es la manera en que ser\u00e1 recordado su paso por el Gobierno de Chihuahua.<\/p>\n\n\n\n<p class=\"wp-block-paragraph\">Gobernar no consiste solamente en ocupar un despacho. Consiste en tomar decisiones que entran en la vida de otros: establecer prioridades, administrar recursos, elegir qu\u00e9 problema atender primero y determinar cu\u00e1l puede esperar. Cada decisi\u00f3n p\u00fablica tiene una consecuencia, aunque a veces esa consecuencia no aparezca en un informe de gobierno.<\/p>\n\n\n\n<p class=\"wp-block-paragraph\">El ciudadano suele medirla de otra manera, No pregunta solamente cu\u00e1nto se invirti\u00f3. Pregunta \u00bfqu\u00e9 cambi\u00f3? No mira \u00fanicamente la obra terminada. Pregunta si \u00bfresolvi\u00f3 el problema? No recuerda necesariamente el discurso. Recuerda la experiencia.<\/p>\n\n\n\n<p class=\"wp-block-paragraph\">Por eso, antes de preguntarnos qu\u00e9 lugar podr\u00eda ocupar Maru Campos en la pol\u00edtica nacional, habr\u00eda que formular una pregunta m\u00e1s sencilla:&nbsp;<strong>\u00bfqu\u00e9 dejar\u00e1 en Chihuahua?<\/strong><\/p>\n\n\n\n<p class=\"wp-block-paragraph\">El PAN tiene derecho a verla como un activo pol\u00edtico. Es comprensible. Una gobernadora con experiencia ejecutiva puede tener valor para un partido que busca presencia nacional y una diputaci\u00f3n federal le ofrecer\u00eda una nueva plataforma. De hecho, el coordinador de los diputados panistas, Alfredo Ch\u00e1vez, ha respaldado p\u00fablicamente la posibilidad de que Campos contin\u00fae en la pol\u00edtica federal y ha destacado su peso dentro del partido (Omnia, 2026b).<\/p>\n\n\n\n<p class=\"wp-block-paragraph\">Pero la utilidad de una figura para un partido y el resultado de un gobierno son asuntos distintos.<\/p>\n\n\n\n<p class=\"wp-block-paragraph\">Y ah\u00ed comienza el verdadero examen,Si Maru Campos llega a San L\u00e1zaro, llegar\u00e1 con Chihuahua detr\u00e1s. Llegar\u00e1n los resultados que sus simpatizantes defender\u00e1n, las decisiones que sus cr\u00edticos cuestionar\u00e1n y los pendientes que todav\u00eda existan. No podr\u00e1 dejar el expediente de su gobierno en la puerta del Congreso, porque los cargos cambian de domicilio, pero las decisiones permanecen.<\/p>\n\n\n\n<p class=\"wp-block-paragraph\">\u00c9sa es una de las particularidades del poder p\u00fablico: mientras se ejerce parece pertenecer al presente; cuando termina, se convierte en memoria.<\/p>\n\n\n\n<p class=\"wp-block-paragraph\">Y la memoria de los ciudadanos no funciona como una presentaci\u00f3n institucional. No ordena los acontecimientos seg\u00fan la importancia que les concedi\u00f3 un gobierno ni necesariamente recuerda los mismos logros que aparecen en los comunicados oficiales. La memoria ciudadana es m\u00e1s sencilla y, por eso mismo, m\u00e1s dif\u00edcil de administrar: recuerda aquello que le ocurri\u00f3.<\/p>\n\n\n\n<p class=\"wp-block-paragraph\">Una escuela que mejor\u00f3. Un servicio que funcion\u00f3. Una calle que dej\u00f3 de ser un problema. Un hospital que respondi\u00f3. Un empleo que lleg\u00f3.<\/p>\n\n\n\n<p class=\"wp-block-paragraph\">Pero tambi\u00e9n aquello que se prometi\u00f3 y nunca ocurri\u00f3. Ah\u00ed la pol\u00edtica deja de ser discurso y se convierte en experiencia.<\/p>\n\n\n\n<p class=\"wp-block-paragraph\">Por eso, si alg\u00fan d\u00eda aquel \u201cs\u00ed, puede ser\u201d deja de ser una respuesta espont\u00e1nea y se convierte en una candidatura presidencial, la pregunta ser\u00e1 inevitable. M\u00e9xico no solamente tendr\u00e1 derecho a saber qu\u00e9 propone Maru Campos para el pa\u00eds; tambi\u00e9n tendr\u00e1 derecho a preguntarle qu\u00e9 hizo con el estado que estuvo bajo su responsabilidad.<\/p>\n\n\n\n<p class=\"wp-block-paragraph\">No ser\u00eda una pregunta para ella; deber\u00eda ser una pregunta para cualquiera que aspire a gobernar, porque una carrera pol\u00edtica puede medirse en cargos, elecciones y posiciones. Un gobierno deber\u00eda medirse en resultados. Y un legado comienza a medirse cuando el cargo ya no existe.<\/p>\n\n\n\n<p class=\"wp-block-paragraph\">Hay cierta iron\u00eda, entonces, en aquellas tres palabras: \u201clo estamos valorando\u201d, Maru Campos est\u00e1 valorando una diputaci\u00f3n federal, pero llegar\u00e1 el momento en que Chihuahua valore a Maru Campos.<\/p>\n\n\n\n<p class=\"wp-block-paragraph\">La primera valoraci\u00f3n puede ocurrir en una reuni\u00f3n partidista, en una negociaci\u00f3n o en una estrategia electoral. La segunda es m\u00e1s lenta y mucho menos controlable. Se forma en las escuelas, en los centros de trabajo, en los hospitales, en las colonias, en los negocios y en los hogares; precisamente en esos lugares donde la pol\u00edtica deja de ser discurso y se convierte en experiencia.<\/p>\n\n\n\n<p class=\"wp-block-paragraph\">Quiz\u00e1 por eso ser\u00eda demasiado sencillo escribir que Maru Campos \u201cquiere otro cargo\u201d. Puede quererlo, puede rechazarlo o puede cambiar de opini\u00f3n. Los hechos disponibles solamente permiten decir que existe una invitaci\u00f3n y que la gobernadora est\u00e1 valor\u00e1ndola (Omnia, 2026a). Lo dem\u00e1s pertenece todav\u00eda al terreno de las posibilidades.<\/p>\n\n\n\n<p class=\"wp-block-paragraph\">Lo que s\u00ed puede discutirse es algo m\u00e1s profundo: qu\u00e9 significa que, mientras un gobierno todav\u00eda est\u00e1 en funciones, la conversaci\u00f3n pol\u00edtica comience a concentrarse en el cargo siguiente.<\/p>\n\n\n\n<p class=\"wp-block-paragraph\">No es un problema exclusivo de un partido ni de una persona. Es una vieja tentaci\u00f3n de la pol\u00edtica: confundir la continuidad de una carrera con la continuidad de un servicio.<\/p>\n\n\n\n<p class=\"wp-block-paragraph\">Un cargo p\u00fablico deber\u00eda tener principio y final. Entre ambos tendr\u00eda que existir algo m\u00e1s importante que la siguiente candidatura: resultados.<\/p>\n\n\n\n<p class=\"wp-block-paragraph\">Quiz\u00e1 por eso la pregunta que deber\u00edamos hacer antes de preguntar qui\u00e9n sigue sea otra:&nbsp;<strong>\u00bfqu\u00e9 dejamos atr\u00e1s?<\/strong><\/p>\n\n\n\n<p class=\"wp-block-paragraph\">Esa pregunta obliga a mirar la pol\u00edtica desde otro lugar, no desde el partido sino desde quien recibe las decisiones p\u00fablicas; no desde la fotograf\u00eda del funcionario, sino desde la vida cotidiana de quien tiene que vivir con esas decisiones.<\/p>\n\n\n\n<p class=\"wp-block-paragraph\">Maru Campos decidir\u00e1 qu\u00e9 hacer despu\u00e9s de Chihuahua. Puede ser diputada federal, puede no serlo o puede cambiar de rumbo. Tambi\u00e9n puede, con el tiempo, decidir si quiere llevar su carrera todav\u00eda m\u00e1s lejos.<\/p>\n\n\n\n<p class=\"wp-block-paragraph\">Pero Chihuahua tendr\u00e1 su propia respuesta sobre lo ocurrido durante estos a\u00f1os.<\/p>\n\n\n\n<p class=\"wp-block-paragraph\">No ser\u00e1 una respuesta inmediata ni necesariamente estridente. Ser\u00e1 una respuesta construida con el tiempo, con lo que funcion\u00f3 y con lo que no, con lo que se prometi\u00f3 y con lo que se cumpli\u00f3, con lo que permaneci\u00f3 y con lo que cambi\u00f3.<\/p>\n\n\n\n<p class=\"wp-block-paragraph\">Porque los cargos terminan. Las administraciones terminan. Las campa\u00f1as terminan, pero aquello que un gobierno dej\u00f3 en la vida de la gente permanece mucho m\u00e1s tiempo.<\/p>\n\n\n\n<p class=\"wp-block-paragraph\">Y quiz\u00e1 \u00e9sa sea la verdadera cuesti\u00f3n detr\u00e1s de \u201clo estamos valorando\u201d: Maru Campos est\u00e1 valorando qu\u00e9 viene despu\u00e9s; Chihuahua, alg\u00fan d\u00eda, valorar\u00e1 qu\u00e9 qued\u00f3 despu\u00e9s de ella.<\/p>\n\n\n\n<p class=\"wp-block-paragraph\"><strong>Referencias<\/strong><\/p>\n\n\n\n<p class=\"wp-block-paragraph\">Omnia. (2026a, 25 de agosto).&nbsp;<em>\u201cLo estamos valorando\u201d: Maru Campos por diputaci\u00f3n federal<\/em>. Omnia\u2060<\/p>\n\n\n\n<p class=\"wp-block-paragraph\">Omnia. (2026b, 25 de agosto).&nbsp;<em>Decidir\u00e1 Maru sobre diputaci\u00f3n federal; es una voz nacional que ha enfrentado al Gobierno federal<\/em>. Omnia\u2060<\/p>\n","protected":false},"excerpt":{"rendered":"<p>Por Mario \u00c1lvarez PorrasLicenciado en educaci\u00f3n&nbsp; Hay frases que parecen peque\u00f1as hasta que se miran con atenci\u00f3n. En pol\u00edtica, adem\u00e1s, algunas palabras tienen la costumbre de sobrevivir a quien las pronuncia. \u201cLo estamos valorando\u201d, respondi\u00f3 Maru Campos cuando se le pregunt\u00f3 por la posibilidad de competir por una diputaci\u00f3n federal en 2027, despu\u00e9s de recibir [&hellip;]<\/p>\n","protected":false},"author":10,"featured_media":236,"comment_status":"closed","ping_status":"open","sticky":false,"template":"","format":"standard","meta":{"_jetpack_newsletter_access":"","_jetpack_dont_email_post_to_subs":false,"_jetpack_newsletter_tier_id":0,"_jetpack_memberships_contains_paywalled_content":false,"_jetpack_feature_clip_id":0,"_jetpack_memberships_contains_paid_content":false,"footnotes":"","jetpack_post_was_ever_published":false},"categories":[4],"tags":[],"class_list":["post-235","post","type-post","status-publish","format-standard","has-post-thumbnail","hentry","category-analisis-politico"],"aioseo_notices":[],"aioseo_head":"\n\t\t<!-- All in One SEO 4.9.10 - aioseo.com -->\n\t<meta name=\"description\" content=\"Por Mario \u00c1lvarez PorrasLicenciado en educaci\u00f3n Hay frases que parecen peque\u00f1as hasta que se miran con atenci\u00f3n. En pol\u00edtica, adem\u00e1s, algunas palabras tienen la costumbre de sobrevivir a quien las pronuncia. \u201cLo estamos valorando\u201d, respondi\u00f3 Maru Campos cuando se le pregunt\u00f3 por la posibilidad de competir por una diputaci\u00f3n federal en 2027, despu\u00e9s de recibir\" \/>\n\t<meta name=\"robots\" content=\"max-image-preview:large\" \/>\n\t<meta name=\"author\" content=\"Mario \u00c1lvarez Porras\"\/>\n\t<meta name=\"google-site-verification\" content=\"jlwkLGgnMBpX8ktutl9e1D8Kvl7Rh7xmXQIHtOLk65U\" \/>\n\t<link rel=\"canonical\" href=\"https:\/\/www.enfasis.mx\/?p=235\" \/>\n\t<meta name=\"generator\" content=\"All in One SEO (AIOSEO) 4.9.10\" \/>\n\t\t<meta property=\"og:locale\" content=\"en_US\" \/>\n\t\t<meta property=\"og:site_name\" content=\"\u00c9nfasis - El acento en la econom\u00eda y la pol\u00edtica\" \/>\n\t\t<meta property=\"og:type\" content=\"article\" \/>\n\t\t<meta property=\"og:title\" content=\"Maru Campos: lo estamos valorando - \u00c9nfasis\" \/>\n\t\t<meta property=\"og:description\" content=\"Por Mario \u00c1lvarez PorrasLicenciado en educaci\u00f3n Hay frases que parecen peque\u00f1as hasta que se miran con atenci\u00f3n. En pol\u00edtica, adem\u00e1s, algunas palabras tienen la costumbre de sobrevivir a quien las pronuncia. \u201cLo estamos valorando\u201d, respondi\u00f3 Maru Campos cuando se le pregunt\u00f3 por la posibilidad de competir por una diputaci\u00f3n federal en 2027, despu\u00e9s de recibir\" \/>\n\t\t<meta property=\"og:url\" content=\"https:\/\/www.enfasis.mx\/?p=235\" \/>\n\t\t<meta property=\"og:image\" content=\"https:\/\/www.enfasis.mx\/wp-content\/uploads\/2026\/08\/Mario-Alvarez-Lo-estamos-valorando.png\" \/>\n\t\t<meta property=\"og:image:secure_url\" content=\"https:\/\/www.enfasis.mx\/wp-content\/uploads\/2026\/08\/Mario-Alvarez-Lo-estamos-valorando.png\" \/>\n\t\t<meta property=\"og:image:width\" content=\"600\" \/>\n\t\t<meta property=\"og:image:height\" content=\"365\" \/>\n\t\t<meta property=\"article:published_time\" content=\"2026-08-25T21:24:17+00:00\" \/>\n\t\t<meta property=\"article:modified_time\" content=\"2026-08-25T21:24:45+00:00\" \/>\n\t\t<meta name=\"twitter:card\" content=\"summary_large_image\" \/>\n\t\t<meta name=\"twitter:title\" content=\"Maru Campos: lo estamos valorando - \u00c9nfasis\" \/>\n\t\t<meta name=\"twitter:description\" content=\"Por Mario \u00c1lvarez PorrasLicenciado en educaci\u00f3n Hay frases que parecen peque\u00f1as hasta que se miran con atenci\u00f3n. En pol\u00edtica, adem\u00e1s, algunas palabras tienen la costumbre de sobrevivir a quien las pronuncia. \u201cLo estamos valorando\u201d, respondi\u00f3 Maru Campos cuando se le pregunt\u00f3 por la posibilidad de competir por una diputaci\u00f3n federal en 2027, despu\u00e9s de recibir\" \/>\n\t\t<meta name=\"twitter:image\" content=\"https:\/\/www.enfasis.mx\/wp-content\/uploads\/2026\/08\/Mario-Alvarez-Lo-estamos-valorando.png\" \/>\n\t\t<script type=\"application\/ld+json\" class=\"aioseo-schema\">\n\t\t\t{\"@context\":\"https:\\\/\\\/schema.org\",\"@graph\":[{\"@type\":\"BlogPosting\",\"@id\":\"https:\\\/\\\/www.enfasis.mx\\\/?p=235#blogposting\",\"name\":\"Maru Campos: lo estamos valorando - \\u00c9nfasis\",\"headline\":\"Maru Campos: lo estamos valorando\",\"author\":{\"@id\":\"https:\\\/\\\/www.enfasis.mx\\\/?author=10#author\"},\"publisher\":{\"@id\":\"https:\\\/\\\/www.enfasis.mx\\\/#organization\"},\"image\":{\"@type\":\"ImageObject\",\"url\":\"https:\\\/\\\/www.enfasis.mx\\\/wp-content\\\/uploads\\\/2026\\\/08\\\/Mario-Alvarez-Lo-estamos-valorando.png\",\"width\":600,\"height\":365},\"datePublished\":\"2026-08-25T14:24:17-07:00\",\"dateModified\":\"2026-08-25T14:24:45-07:00\",\"inLanguage\":\"en-US\",\"mainEntityOfPage\":{\"@id\":\"https:\\\/\\\/www.enfasis.mx\\\/?p=235#webpage\"},\"isPartOf\":{\"@id\":\"https:\\\/\\\/www.enfasis.mx\\\/?p=235#webpage\"},\"articleSection\":\"Pol\\u00edtica\"},{\"@type\":\"BreadcrumbList\",\"@id\":\"https:\\\/\\\/www.enfasis.mx\\\/?p=235#breadcrumblist\",\"itemListElement\":[{\"@type\":\"ListItem\",\"@id\":\"https:\\\/\\\/www.enfasis.mx#listItem\",\"position\":1,\"name\":\"Home\",\"item\":\"https:\\\/\\\/www.enfasis.mx\",\"nextItem\":{\"@type\":\"ListItem\",\"@id\":\"https:\\\/\\\/www.enfasis.mx\\\/?cat=4#listItem\",\"name\":\"Pol\\u00edtica\"}},{\"@type\":\"ListItem\",\"@id\":\"https:\\\/\\\/www.enfasis.mx\\\/?cat=4#listItem\",\"position\":2,\"name\":\"Pol\\u00edtica\",\"item\":\"https:\\\/\\\/www.enfasis.mx\\\/?cat=4\",\"nextItem\":{\"@type\":\"ListItem\",\"@id\":\"https:\\\/\\\/www.enfasis.mx\\\/?p=235#listItem\",\"name\":\"Maru Campos: lo estamos valorando\"},\"previousItem\":{\"@type\":\"ListItem\",\"@id\":\"https:\\\/\\\/www.enfasis.mx#listItem\",\"name\":\"Home\"}},{\"@type\":\"ListItem\",\"@id\":\"https:\\\/\\\/www.enfasis.mx\\\/?p=235#listItem\",\"position\":3,\"name\":\"Maru Campos: lo estamos valorando\",\"previousItem\":{\"@type\":\"ListItem\",\"@id\":\"https:\\\/\\\/www.enfasis.mx\\\/?cat=4#listItem\",\"name\":\"Pol\\u00edtica\"}}]},{\"@type\":\"Organization\",\"@id\":\"https:\\\/\\\/www.enfasis.mx\\\/#organization\",\"name\":\"\\u00c9nfasis Ser Empresario\",\"description\":\"El acento en la econom\\u00eda y la pol\\u00edtica Grupo Editorial Fundado en 1998, su marca insignia es REVISTA SER EMPRESARIO la revista empresarial mas importante del Estado\",\"url\":\"https:\\\/\\\/www.enfasis.mx\\\/\",\"logo\":{\"@type\":\"ImageObject\",\"url\":\"http:\\\/\\\/www.enfasis.mx\\\/wp-content\\\/uploads\\\/2026\\\/07\\\/Enfasis-Logo-1.png\",\"@id\":\"https:\\\/\\\/www.enfasis.mx\\\/?p=235\\\/#organizationLogo\"},\"image\":{\"@id\":\"https:\\\/\\\/www.enfasis.mx\\\/?p=235\\\/#organizationLogo\"}},{\"@type\":\"Person\",\"@id\":\"https:\\\/\\\/www.enfasis.mx\\\/?author=10#author\",\"url\":\"https:\\\/\\\/www.enfasis.mx\\\/?author=10\",\"name\":\"Mario \\u00c1lvarez Porras\"},{\"@type\":\"WebPage\",\"@id\":\"https:\\\/\\\/www.enfasis.mx\\\/?p=235#webpage\",\"url\":\"https:\\\/\\\/www.enfasis.mx\\\/?p=235\",\"name\":\"Maru Campos: lo estamos valorando - \\u00c9nfasis\",\"description\":\"Por Mario \\u00c1lvarez PorrasLicenciado en educaci\\u00f3n Hay frases que parecen peque\\u00f1as hasta que se miran con atenci\\u00f3n. En pol\\u00edtica, adem\\u00e1s, algunas palabras tienen la costumbre de sobrevivir a quien las pronuncia. \\u201cLo estamos valorando\\u201d, respondi\\u00f3 Maru Campos cuando se le pregunt\\u00f3 por la posibilidad de competir por una diputaci\\u00f3n federal en 2027, despu\\u00e9s de recibir\",\"inLanguage\":\"en-US\",\"isPartOf\":{\"@id\":\"https:\\\/\\\/www.enfasis.mx\\\/#website\"},\"breadcrumb\":{\"@id\":\"https:\\\/\\\/www.enfasis.mx\\\/?p=235#breadcrumblist\"},\"author\":{\"@id\":\"https:\\\/\\\/www.enfasis.mx\\\/?author=10#author\"},\"creator\":{\"@id\":\"https:\\\/\\\/www.enfasis.mx\\\/?author=10#author\"},\"image\":{\"@type\":\"ImageObject\",\"url\":\"https:\\\/\\\/www.enfasis.mx\\\/wp-content\\\/uploads\\\/2026\\\/08\\\/Mario-Alvarez-Lo-estamos-valorando.png\",\"@id\":\"https:\\\/\\\/www.enfasis.mx\\\/?p=235\\\/#mainImage\",\"width\":600,\"height\":365},\"primaryImageOfPage\":{\"@id\":\"https:\\\/\\\/www.enfasis.mx\\\/?p=235#mainImage\"},\"datePublished\":\"2026-08-25T14:24:17-07:00\",\"dateModified\":\"2026-08-25T14:24:45-07:00\"},{\"@type\":\"WebSite\",\"@id\":\"https:\\\/\\\/www.enfasis.mx\\\/#website\",\"url\":\"https:\\\/\\\/www.enfasis.mx\\\/\",\"name\":\"\\u00c9nfasis\",\"description\":\"El acento en la econom\\u00eda y la pol\\u00edtica\",\"inLanguage\":\"en-US\",\"publisher\":{\"@id\":\"https:\\\/\\\/www.enfasis.mx\\\/#organization\"}}]}\n\t\t<\/script>\n\t\t<!-- All in One SEO -->\n\n","aioseo_head_json":{"title":"Maru Campos: lo estamos valorando - \u00c9nfasis","description":"Por Mario \u00c1lvarez PorrasLicenciado en educaci\u00f3n Hay frases que parecen peque\u00f1as hasta que se miran con atenci\u00f3n. En pol\u00edtica, adem\u00e1s, algunas palabras tienen la costumbre de sobrevivir a quien las pronuncia. \u201cLo estamos valorando\u201d, respondi\u00f3 Maru Campos cuando se le pregunt\u00f3 por la posibilidad de competir por una diputaci\u00f3n federal en 2027, despu\u00e9s de recibir","canonical_url":"https:\/\/www.enfasis.mx\/?p=235","robots":"max-image-preview:large","keywords":"","webmasterTools":{"google-site-verification":"jlwkLGgnMBpX8ktutl9e1D8Kvl7Rh7xmXQIHtOLk65U","miscellaneous":""},"schema":{"@context":"https:\/\/schema.org","@graph":[{"@type":"BlogPosting","@id":"https:\/\/www.enfasis.mx\/?p=235#blogposting","name":"Maru Campos: lo estamos valorando - \u00c9nfasis","headline":"Maru Campos: lo estamos valorando","author":{"@id":"https:\/\/www.enfasis.mx\/?author=10#author"},"publisher":{"@id":"https:\/\/www.enfasis.mx\/#organization"},"image":{"@type":"ImageObject","url":"https:\/\/www.enfasis.mx\/wp-content\/uploads\/2026\/08\/Mario-Alvarez-Lo-estamos-valorando.png","width":600,"height":365},"datePublished":"2026-08-25T14:24:17-07:00","dateModified":"2026-08-25T14:24:45-07:00","inLanguage":"en-US","mainEntityOfPage":{"@id":"https:\/\/www.enfasis.mx\/?p=235#webpage"},"isPartOf":{"@id":"https:\/\/www.enfasis.mx\/?p=235#webpage"},"articleSection":"Pol\u00edtica"},{"@type":"BreadcrumbList","@id":"https:\/\/www.enfasis.mx\/?p=235#breadcrumblist","itemListElement":[{"@type":"ListItem","@id":"https:\/\/www.enfasis.mx#listItem","position":1,"name":"Home","item":"https:\/\/www.enfasis.mx","nextItem":{"@type":"ListItem","@id":"https:\/\/www.enfasis.mx\/?cat=4#listItem","name":"Pol\u00edtica"}},{"@type":"ListItem","@id":"https:\/\/www.enfasis.mx\/?cat=4#listItem","position":2,"name":"Pol\u00edtica","item":"https:\/\/www.enfasis.mx\/?cat=4","nextItem":{"@type":"ListItem","@id":"https:\/\/www.enfasis.mx\/?p=235#listItem","name":"Maru Campos: lo estamos valorando"},"previousItem":{"@type":"ListItem","@id":"https:\/\/www.enfasis.mx#listItem","name":"Home"}},{"@type":"ListItem","@id":"https:\/\/www.enfasis.mx\/?p=235#listItem","position":3,"name":"Maru Campos: lo estamos valorando","previousItem":{"@type":"ListItem","@id":"https:\/\/www.enfasis.mx\/?cat=4#listItem","name":"Pol\u00edtica"}}]},{"@type":"Organization","@id":"https:\/\/www.enfasis.mx\/#organization","name":"\u00c9nfasis Ser Empresario","description":"El acento en la econom\u00eda y la pol\u00edtica Grupo Editorial Fundado en 1998, su marca insignia es REVISTA SER EMPRESARIO la revista empresarial mas importante del Estado","url":"https:\/\/www.enfasis.mx\/","logo":{"@type":"ImageObject","url":"http:\/\/www.enfasis.mx\/wp-content\/uploads\/2026\/07\/Enfasis-Logo-1.png","@id":"https:\/\/www.enfasis.mx\/?p=235\/#organizationLogo"},"image":{"@id":"https:\/\/www.enfasis.mx\/?p=235\/#organizationLogo"}},{"@type":"Person","@id":"https:\/\/www.enfasis.mx\/?author=10#author","url":"https:\/\/www.enfasis.mx\/?author=10","name":"Mario \u00c1lvarez Porras"},{"@type":"WebPage","@id":"https:\/\/www.enfasis.mx\/?p=235#webpage","url":"https:\/\/www.enfasis.mx\/?p=235","name":"Maru Campos: lo estamos valorando - \u00c9nfasis","description":"Por Mario \u00c1lvarez PorrasLicenciado en educaci\u00f3n Hay frases que parecen peque\u00f1as hasta que se miran con atenci\u00f3n. En pol\u00edtica, adem\u00e1s, algunas palabras tienen la costumbre de sobrevivir a quien las pronuncia. \u201cLo estamos valorando\u201d, respondi\u00f3 Maru Campos cuando se le pregunt\u00f3 por la posibilidad de competir por una diputaci\u00f3n federal en 2027, despu\u00e9s de recibir","inLanguage":"en-US","isPartOf":{"@id":"https:\/\/www.enfasis.mx\/#website"},"breadcrumb":{"@id":"https:\/\/www.enfasis.mx\/?p=235#breadcrumblist"},"author":{"@id":"https:\/\/www.enfasis.mx\/?author=10#author"},"creator":{"@id":"https:\/\/www.enfasis.mx\/?author=10#author"},"image":{"@type":"ImageObject","url":"https:\/\/www.enfasis.mx\/wp-content\/uploads\/2026\/08\/Mario-Alvarez-Lo-estamos-valorando.png","@id":"https:\/\/www.enfasis.mx\/?p=235\/#mainImage","width":600,"height":365},"primaryImageOfPage":{"@id":"https:\/\/www.enfasis.mx\/?p=235#mainImage"},"datePublished":"2026-08-25T14:24:17-07:00","dateModified":"2026-08-25T14:24:45-07:00"},{"@type":"WebSite","@id":"https:\/\/www.enfasis.mx\/#website","url":"https:\/\/www.enfasis.mx\/","name":"\u00c9nfasis","description":"El acento en la econom\u00eda y la pol\u00edtica","inLanguage":"en-US","publisher":{"@id":"https:\/\/www.enfasis.mx\/#organization"}}]},"og:locale":"en_US","og:site_name":"\u00c9nfasis - El acento en la econom\u00eda y la pol\u00edtica","og:type":"article","og:title":"Maru Campos: lo estamos valorando - \u00c9nfasis","og:description":"Por Mario \u00c1lvarez PorrasLicenciado en educaci\u00f3n Hay frases que parecen peque\u00f1as hasta que se miran con atenci\u00f3n. En pol\u00edtica, adem\u00e1s, algunas palabras tienen la costumbre de sobrevivir a quien las pronuncia. \u201cLo estamos valorando\u201d, respondi\u00f3 Maru Campos cuando se le pregunt\u00f3 por la posibilidad de competir por una diputaci\u00f3n federal en 2027, despu\u00e9s de recibir","og:url":"https:\/\/www.enfasis.mx\/?p=235","og:image":"https:\/\/www.enfasis.mx\/wp-content\/uploads\/2026\/08\/Mario-Alvarez-Lo-estamos-valorando.png","og:image:secure_url":"https:\/\/www.enfasis.mx\/wp-content\/uploads\/2026\/08\/Mario-Alvarez-Lo-estamos-valorando.png","og:image:width":600,"og:image:height":365,"article:published_time":"2026-08-25T21:24:17+00:00","article:modified_time":"2026-08-25T21:24:45+00:00","twitter:card":"summary_large_image","twitter:title":"Maru Campos: lo estamos valorando - \u00c9nfasis","twitter:description":"Por Mario \u00c1lvarez PorrasLicenciado en educaci\u00f3n Hay frases que parecen peque\u00f1as hasta que se miran con atenci\u00f3n. En pol\u00edtica, adem\u00e1s, algunas palabras tienen la costumbre de sobrevivir a quien las pronuncia. \u201cLo estamos valorando\u201d, respondi\u00f3 Maru Campos cuando se le pregunt\u00f3 por la posibilidad de competir por una diputaci\u00f3n federal en 2027, despu\u00e9s de recibir","twitter:image":"https:\/\/www.enfasis.mx\/wp-content\/uploads\/2026\/08\/Mario-Alvarez-Lo-estamos-valorando.png"},"aioseo_meta_data":{"post_id":"235","title":"#post_title #separator_sa #site_title","description":"#post_excerpt","keywords":null,"keyphrases":{"focus":{"keyphrase":"","score":0,"analysis":{"keyphraseInTitle":{"score":0,"maxScore":9,"error":1}}},"additional":[]},"primary_term":null,"canonical_url":null,"og_title":null,"og_description":null,"og_object_type":"default","og_image_type":"default","og_image_custom_url":null,"og_image_custom_fields":null,"og_image_url":null,"og_image_width":null,"og_image_height":null,"og_video":"","og_custom_url":null,"og_article_section":null,"og_article_tags":null,"twitter_use_og":true,"twitter_card":"default","twitter_image_type":"default","twitter_image_custom_url":null,"twitter_image_custom_fields":null,"twitter_image_url":null,"twitter_title":null,"twitter_description":null,"schema_type":"default","schema_type_options":null,"schema":{"blockGraphs":[],"customGraphs":[],"default":{"data":{"Article":[],"Course":[],"Dataset":[],"FAQPage":[],"Movie":[],"Person":[],"Product":[],"ProductReview":[],"Car":[],"Recipe":[],"Service":[],"SoftwareApplication":[],"WebPage":[]},"graphName":"BlogPosting","isEnabled":true},"graphs":[]},"pillar_content":false,"robots_default":true,"robots_noindex":false,"robots_noarchive":false,"robots_nosnippet":false,"robots_nofollow":false,"robots_noimageindex":false,"robots_noodp":false,"robots_notranslate":false,"robots_max_snippet":"-1","robots_max_videopreview":"-1","robots_max_imagepreview":"large","priority":null,"frequency":"default","local_seo":null,"limit_modified_date":false,"ai":{"faqs":[],"keyPoints":[],"schemas":[],"titles":[],"descriptions":[],"socialPosts":{"email":{"subject":"","preview":"","content":""},"linkedin":[],"twitter":[],"facebook":[],"instagram":[]}},"breadcrumb_settings":null,"seo_analyzer_scan_date":null,"created":"2026-08-25 21:24:19","updated":"2026-08-25 22:36:05"},"aioseo_breadcrumb":"<div class=\"aioseo-breadcrumbs\"><span class=\"aioseo-breadcrumb\">\n\t\t\t<a href=\"https:\/\/www.enfasis.mx\" title=\"Home\">Home<\/a>\n\t\t<\/span><span class=\"aioseo-breadcrumb-separator\">&raquo;<\/span><span class=\"aioseo-breadcrumb\">\n\t\t\t<a href=\"https:\/\/www.enfasis.mx\/?cat=4\" title=\"Pol\u00edtica\">Pol\u00edtica<\/a>\n\t\t<\/span><span class=\"aioseo-breadcrumb-separator\">&raquo;<\/span><span class=\"aioseo-breadcrumb\">\n\t\t\tMaru Campos: lo estamos valorando\n\t\t<\/span><\/div>","aioseo_breadcrumb_json":[{"label":"Home","link":"https:\/\/www.enfasis.mx"},{"label":"Pol\u00edtica","link":"https:\/\/www.enfasis.mx\/?cat=4"},{"label":"Maru Campos: lo estamos valorando","link":"https:\/\/www.enfasis.mx\/?p=235"}],"wpmagazine_modules_lite_featured_media_urls":{"thumbnail":["https:\/\/www.enfasis.mx\/wp-content\/uploads\/2026\/08\/Mario-Alvarez-Lo-estamos-valorando-150x150.png",150,150,true],"cvmm-medium":["https:\/\/www.enfasis.mx\/wp-content\/uploads\/2026\/08\/Mario-Alvarez-Lo-estamos-valorando-300x300.png",300,300,true],"cvmm-medium-plus":["https:\/\/www.enfasis.mx\/wp-content\/uploads\/2026\/08\/Mario-Alvarez-Lo-estamos-valorando-305x207.png",305,207,true],"cvmm-portrait":["https:\/\/www.enfasis.mx\/wp-content\/uploads\/2026\/08\/Mario-Alvarez-Lo-estamos-valorando-400x365.png",400,365,true],"cvmm-medium-square":["https:\/\/www.enfasis.mx\/wp-content\/uploads\/2026\/08\/Mario-Alvarez-Lo-estamos-valorando.png",600,365,false],"cvmm-large":["https:\/\/www.enfasis.mx\/wp-content\/uploads\/2026\/08\/Mario-Alvarez-Lo-estamos-valorando.png",600,365,false],"cvmm-small":["https:\/\/www.enfasis.mx\/wp-content\/uploads\/2026\/08\/Mario-Alvarez-Lo-estamos-valorando-130x95.png",130,95,true],"full":["https:\/\/www.enfasis.mx\/wp-content\/uploads\/2026\/08\/Mario-Alvarez-Lo-estamos-valorando.png",600,365,false]},"categories_names":{"4":{"name":"Pol\u00edtica","link":"https:\/\/www.enfasis.mx\/?cat=4"}},"tags_names":[],"comments_number":"0","jetpack_sharing_enabled":true,"jetpack_featured_media_url":"https:\/\/www.enfasis.mx\/wp-content\/uploads\/2026\/08\/Mario-Alvarez-Lo-estamos-valorando.png","_links":{"self":[{"href":"https:\/\/www.enfasis.mx\/index.php?rest_route=\/wp\/v2\/posts\/235","targetHints":{"allow":["GET"]}}],"collection":[{"href":"https:\/\/www.enfasis.mx\/index.php?rest_route=\/wp\/v2\/posts"}],"about":[{"href":"https:\/\/www.enfasis.mx\/index.php?rest_route=\/wp\/v2\/types\/post"}],"author":[{"embeddable":true,"href":"https:\/\/www.enfasis.mx\/index.php?rest_route=\/wp\/v2\/users\/10"}],"replies":[{"embeddable":true,"href":"https:\/\/www.enfasis.mx\/index.php?rest_route=%2Fwp%2Fv2%2Fcomments&post=235"}],"version-history":[{"count":1,"href":"https:\/\/www.enfasis.mx\/index.php?rest_route=\/wp\/v2\/posts\/235\/revisions"}],"predecessor-version":[{"id":237,"href":"https:\/\/www.enfasis.mx\/index.php?rest_route=\/wp\/v2\/posts\/235\/revisions\/237"}],"wp:featuredmedia":[{"embeddable":true,"href":"https:\/\/www.enfasis.mx\/index.php?rest_route=\/wp\/v2\/media\/236"}],"wp:attachment":[{"href":"https:\/\/www.enfasis.mx\/index.php?rest_route=%2Fwp%2Fv2%2Fmedia&parent=235"}],"wp:term":[{"taxonomy":"category","embeddable":true,"href":"https:\/\/www.enfasis.mx\/index.php?rest_route=%2Fwp%2Fv2%2Fcategories&post=235"},{"taxonomy":"post_tag","embeddable":true,"href":"https:\/\/www.enfasis.mx\/index.php?rest_route=%2Fwp%2Fv2%2Ftags&post=235"}],"curies":[{"name":"wp","href":"https:\/\/api.w.org\/{rel}","templated":true}]}}