{"id":238,"date":"2026-08-26T10:37:26","date_gmt":"2026-08-26T17:37:26","guid":{"rendered":"https:\/\/www.enfasis.mx\/?p=238"},"modified":"2026-08-26T10:37:47","modified_gmt":"2026-08-26T17:37:47","slug":"encuesta-de-lorena-becerra-es-un-indicador-claro-para-definir-candidaturas-cesar-jauregui","status":"publish","type":"post","link":"https:\/\/www.enfasis.mx\/?p=238","title":{"rendered":"Encuesta de Lorena Becerra es un indicador claro para definir candidaturas: C\u00e9sar J\u00e1uregui"},"content":{"rendered":"\n<p class=\"wp-block-paragraph\">Chihuahua, Chih., 26 de agosto de 2026.- C\u00e9sar J\u00e1uregui Moreno destac\u00f3 que la reciente encuesta elaborada por la reconocida especialista en opini\u00f3n p\u00fablica Lorena Becerra constituye un indicador relevante para conocer las posibilidades electorales de quienes participan en el proceso rumbo a 2027, y subray\u00f3 la amplia trayectoria y credibilidad de la encuestadora a nivel nacional.<\/p>\n\n\n\n<p class=\"wp-block-paragraph\">Durante un desayuno con cerca de 37 representantes de medios de comunicaci\u00f3n de radio, televisi\u00f3n, prensa escrita y plataformas digitales, realizado este mi\u00e9rcoles en el hotel Quality Inn del centro de la ciudad, J\u00e1uregui fue cuestionado sobre los resultados del estudio recientemente publicado en un medio impreso local, encargado por un grupo de empresarios.<\/p>\n\n\n\n<p class=\"wp-block-paragraph\">\u201cYo creo que el objetivo primordial de cualquier partido pol\u00edtico tiene que ser llevar como candidatos a las mejores mujeres y a los mejores hombres y a quienes tengan mayores posibilidades de \u00e9xito electoral\u201d, expres\u00f3.<\/p>\n\n\n\n<p class=\"wp-block-paragraph\">J\u00e1uregui se\u00f1al\u00f3 que las encuestas deben entenderse como una fotograf\u00eda del momento y no como un resultado definitivo, aunque consider\u00f3 que s\u00ed ofrecen elementos objetivos para valorar el desarrollo de quienes eventualmente pueden participar en una contienda.<\/p>\n\n\n\n<p class=\"wp-block-paragraph\">\u201cLas encuestas son radiograf\u00edas moment\u00e1neas, se deben tomar como un dato que s\u00ed es un indicador, s\u00ed es un diferenciador de candidaturas, porque de alguna forma se puede observar con claridad c\u00f3mo se van desarrollando las distintas personalidades que participan en el proceso\u201d, explic\u00f3.<\/p>\n\n\n\n<p class=\"wp-block-paragraph\">No obstante, insisti\u00f3 en que los resultados deben asumirse con prudencia y, sobre todo, como un est\u00edmulo para continuar trabajando: \u201cHay mucho, mucho, mucho por hacer\u201d.<\/p>\n\n\n\n<p class=\"wp-block-paragraph\">Sobre el estudio en particular, J\u00e1uregui destac\u00f3 la trayectoria profesional de Lorena Becerra, doctora en Ciencia Pol\u00edtica y especialista en estudios de opini\u00f3n p\u00fablica, quien durante varios a\u00f1os encabez\u00f3 el \u00e1rea de encuestas de Grupo Reforma.<\/p>\n\n\n\n<p class=\"wp-block-paragraph\">\u201cQuien hace esta encuesta goza de una enorme credibilidad en el medio de las encuestas en el pa\u00eds. Es una persona que ha sido directora de encuestas del peri\u00f3dico Reforma, que tiene trabajando toda su vida en este tipo de ejercicios estad\u00edsticos y que adem\u00e1s lo ha hecho siempre de manera muy precisa y muy puntual\u201d, se\u00f1al\u00f3.<\/p>\n\n\n\n<p class=\"wp-block-paragraph\">Agreg\u00f3 que los estudios p\u00fablicos realizados por Becerra permiten constatar el nivel de precisi\u00f3n que ha mantenido a lo largo de su trayectoria: \u201cUstedes pueden revisar sus estudios estad\u00edsticos p\u00fablicos y ver\u00e1n que es muy atinada en cuanto a los porcentajes que da y lo que sucede en la realidad\u201d.<\/p>\n\n\n\n<p class=\"wp-block-paragraph\">Durante el encuentro, J\u00e1uregui hizo tambi\u00e9n un balance del trabajo que ha desarrollado durante los \u00faltimos meses y afirm\u00f3 que le ha ido bien en su aspiraci\u00f3n, a partir de un ejercicio de comunicaci\u00f3n que defini\u00f3 como transversal, al mantener encuentros tanto con empresarios y distintos liderazgos de la ciudad como con habitantes de colonias populares y sectores con mayores necesidades.<\/p>\n\n\n\n<p class=\"wp-block-paragraph\">Explic\u00f3 que estos recorridos le han permitido escuchar directamente preocupaciones muy distintas y, al mismo tiempo, encontrar coincidencias sobre los principales retos que enfrenta Chihuahua.<\/p>\n\n\n\n<p class=\"wp-block-paragraph\">J\u00e1uregui coment\u00f3 que uno de los mensajes que ha encontrado mayor recepci\u00f3n entre los ciudadanos es la importancia de poner atenci\u00f3n a lo que estar\u00e1 en juego en 2027, al considerar que no se tratar\u00e1 solamente de un cambio de personas al frente de los gobiernos, sino de una discusi\u00f3n de mayor profundidad sobre el rumbo pol\u00edtico del pa\u00eds.<\/p>\n\n\n\n<p class=\"wp-block-paragraph\">Finalmente, sostuvo que continuar\u00e1 con este ejercicio de comunicaci\u00f3n y acercamiento directo, escuchando a ciudadanos de todos los sectores de Chihuahua y manteniendo una presencia permanente tanto en las colonias como con los distintos grupos de la sociedad.<\/p>\n","protected":false},"excerpt":{"rendered":"<p>Chihuahua, Chih., 26 de agosto de 2026.- C\u00e9sar J\u00e1uregui Moreno destac\u00f3 que la reciente encuesta elaborada por la reconocida especialista en opini\u00f3n p\u00fablica Lorena Becerra constituye un indicador relevante para conocer las posibilidades electorales de quienes participan en el proceso rumbo a 2027, y subray\u00f3 la amplia trayectoria y credibilidad de la encuestadora a nivel [&hellip;]<\/p>\n","protected":false},"author":13,"featured_media":239,"comment_status":"closed","ping_status":"open","sticky":false,"template":"","format":"standard","meta":{"_jetpack_newsletter_access":"","_jetpack_dont_email_post_to_subs":false,"_jetpack_newsletter_tier_id":0,"_jetpack_memberships_contains_paywalled_content":false,"_jetpack_feature_clip_id":0,"_jetpack_memberships_contains_paid_content":false,"footnotes":"","jetpack_post_was_ever_published":false},"categories":[4],"tags":[],"class_list":["post-238","post","type-post","status-publish","format-standard","has-post-thumbnail","hentry","category-analisis-politico"],"aioseo_notices":[],"aioseo_head":"\n\t\t<!-- All in One SEO 4.9.10 - aioseo.com -->\n\t<meta name=\"description\" content=\"Chihuahua, Chih., 26 de agosto de 2026.- C\u00e9sar J\u00e1uregui Moreno destac\u00f3 que la reciente encuesta elaborada por la reconocida especialista en opini\u00f3n p\u00fablica Lorena Becerra constituye un indicador relevante para conocer las posibilidades electorales de quienes participan en el proceso rumbo a 2027, y subray\u00f3 la amplia trayectoria y credibilidad de la encuestadora a nivel\" \/>\n\t<meta name=\"robots\" content=\"max-image-preview:large\" \/>\n\t<meta name=\"author\" content=\"Redaccion\"\/>\n\t<meta name=\"google-site-verification\" content=\"jlwkLGgnMBpX8ktutl9e1D8Kvl7Rh7xmXQIHtOLk65U\" \/>\n\t<link rel=\"canonical\" href=\"https:\/\/www.enfasis.mx\/?p=238\" \/>\n\t<meta name=\"generator\" content=\"All in One SEO (AIOSEO) 4.9.10\" \/>\n\t\t<meta property=\"og:locale\" content=\"en_US\" \/>\n\t\t<meta property=\"og:site_name\" content=\"\u00c9nfasis - El acento en la econom\u00eda y la pol\u00edtica\" \/>\n\t\t<meta property=\"og:type\" content=\"article\" \/>\n\t\t<meta property=\"og:title\" content=\"Encuesta de Lorena Becerra es un indicador claro para definir candidaturas: C\u00e9sar J\u00e1uregui - \u00c9nfasis\" \/>\n\t\t<meta property=\"og:description\" content=\"Chihuahua, Chih., 26 de agosto de 2026.- C\u00e9sar J\u00e1uregui Moreno destac\u00f3 que la reciente encuesta elaborada por la reconocida especialista en opini\u00f3n p\u00fablica Lorena Becerra constituye un indicador relevante para conocer las posibilidades electorales de quienes participan en el proceso rumbo a 2027, y subray\u00f3 la amplia trayectoria y credibilidad de la encuestadora a nivel\" \/>\n\t\t<meta property=\"og:url\" content=\"https:\/\/www.enfasis.mx\/?p=238\" \/>\n\t\t<meta property=\"og:image\" content=\"https:\/\/www.enfasis.mx\/wp-content\/uploads\/2026\/08\/Cesar-Encuesta.png\" \/>\n\t\t<meta property=\"og:image:secure_url\" content=\"https:\/\/www.enfasis.mx\/wp-content\/uploads\/2026\/08\/Cesar-Encuesta.png\" \/>\n\t\t<meta property=\"og:image:width\" content=\"1608\" \/>\n\t\t<meta property=\"og:image:height\" content=\"978\" \/>\n\t\t<meta property=\"article:published_time\" content=\"2026-08-26T17:37:26+00:00\" \/>\n\t\t<meta property=\"article:modified_time\" content=\"2026-08-26T17:37:47+00:00\" \/>\n\t\t<meta name=\"twitter:card\" content=\"summary_large_image\" \/>\n\t\t<meta name=\"twitter:title\" content=\"Encuesta de Lorena Becerra es un indicador claro para definir candidaturas: C\u00e9sar J\u00e1uregui - \u00c9nfasis\" \/>\n\t\t<meta name=\"twitter:description\" content=\"Chihuahua, Chih., 26 de agosto de 2026.- C\u00e9sar J\u00e1uregui Moreno destac\u00f3 que la reciente encuesta elaborada por la reconocida especialista en opini\u00f3n p\u00fablica Lorena Becerra constituye un indicador relevante para conocer las posibilidades electorales de quienes participan en el proceso rumbo a 2027, y subray\u00f3 la amplia trayectoria y credibilidad de la encuestadora a nivel\" \/>\n\t\t<meta name=\"twitter:image\" content=\"https:\/\/www.enfasis.mx\/wp-content\/uploads\/2026\/08\/Cesar-Encuesta.png\" \/>\n\t\t<script type=\"application\/ld+json\" class=\"aioseo-schema\">\n\t\t\t{\"@context\":\"https:\\\/\\\/schema.org\",\"@graph\":[{\"@type\":\"BlogPosting\",\"@id\":\"https:\\\/\\\/www.enfasis.mx\\\/?p=238#blogposting\",\"name\":\"Encuesta de Lorena Becerra es un indicador claro para definir candidaturas: C\\u00e9sar J\\u00e1uregui - \\u00c9nfasis\",\"headline\":\"Encuesta de Lorena Becerra es un indicador claro para definir candidaturas: C\\u00e9sar J\\u00e1uregui\",\"author\":{\"@id\":\"https:\\\/\\\/www.enfasis.mx\\\/?author=13#author\"},\"publisher\":{\"@id\":\"https:\\\/\\\/www.enfasis.mx\\\/#organization\"},\"image\":{\"@type\":\"ImageObject\",\"url\":\"https:\\\/\\\/www.enfasis.mx\\\/wp-content\\\/uploads\\\/2026\\\/08\\\/Cesar-Encuesta.png\",\"width\":1608,\"height\":978},\"datePublished\":\"2026-08-26T10:37:26-07:00\",\"dateModified\":\"2026-08-26T10:37:47-07:00\",\"inLanguage\":\"en-US\",\"mainEntityOfPage\":{\"@id\":\"https:\\\/\\\/www.enfasis.mx\\\/?p=238#webpage\"},\"isPartOf\":{\"@id\":\"https:\\\/\\\/www.enfasis.mx\\\/?p=238#webpage\"},\"articleSection\":\"Pol\\u00edtica\"},{\"@type\":\"BreadcrumbList\",\"@id\":\"https:\\\/\\\/www.enfasis.mx\\\/?p=238#breadcrumblist\",\"itemListElement\":[{\"@type\":\"ListItem\",\"@id\":\"https:\\\/\\\/www.enfasis.mx#listItem\",\"position\":1,\"name\":\"Home\",\"item\":\"https:\\\/\\\/www.enfasis.mx\",\"nextItem\":{\"@type\":\"ListItem\",\"@id\":\"https:\\\/\\\/www.enfasis.mx\\\/?cat=4#listItem\",\"name\":\"Pol\\u00edtica\"}},{\"@type\":\"ListItem\",\"@id\":\"https:\\\/\\\/www.enfasis.mx\\\/?cat=4#listItem\",\"position\":2,\"name\":\"Pol\\u00edtica\",\"item\":\"https:\\\/\\\/www.enfasis.mx\\\/?cat=4\",\"nextItem\":{\"@type\":\"ListItem\",\"@id\":\"https:\\\/\\\/www.enfasis.mx\\\/?p=238#listItem\",\"name\":\"Encuesta de Lorena Becerra es un indicador claro para definir candidaturas: C\\u00e9sar J\\u00e1uregui\"},\"previousItem\":{\"@type\":\"ListItem\",\"@id\":\"https:\\\/\\\/www.enfasis.mx#listItem\",\"name\":\"Home\"}},{\"@type\":\"ListItem\",\"@id\":\"https:\\\/\\\/www.enfasis.mx\\\/?p=238#listItem\",\"position\":3,\"name\":\"Encuesta de Lorena Becerra es un indicador claro para definir candidaturas: C\\u00e9sar J\\u00e1uregui\",\"previousItem\":{\"@type\":\"ListItem\",\"@id\":\"https:\\\/\\\/www.enfasis.mx\\\/?cat=4#listItem\",\"name\":\"Pol\\u00edtica\"}}]},{\"@type\":\"Organization\",\"@id\":\"https:\\\/\\\/www.enfasis.mx\\\/#organization\",\"name\":\"\\u00c9nfasis Ser Empresario\",\"description\":\"El acento en la econom\\u00eda y la pol\\u00edtica Grupo Editorial Fundado en 1998, su marca insignia es REVISTA SER EMPRESARIO la revista empresarial mas importante del Estado\",\"url\":\"https:\\\/\\\/www.enfasis.mx\\\/\",\"logo\":{\"@type\":\"ImageObject\",\"url\":\"http:\\\/\\\/www.enfasis.mx\\\/wp-content\\\/uploads\\\/2026\\\/07\\\/Enfasis-Logo-1.png\",\"@id\":\"https:\\\/\\\/www.enfasis.mx\\\/?p=238\\\/#organizationLogo\"},\"image\":{\"@id\":\"https:\\\/\\\/www.enfasis.mx\\\/?p=238\\\/#organizationLogo\"}},{\"@type\":\"Person\",\"@id\":\"https:\\\/\\\/www.enfasis.mx\\\/?author=13#author\",\"url\":\"https:\\\/\\\/www.enfasis.mx\\\/?author=13\",\"name\":\"Redaccion\"},{\"@type\":\"WebPage\",\"@id\":\"https:\\\/\\\/www.enfasis.mx\\\/?p=238#webpage\",\"url\":\"https:\\\/\\\/www.enfasis.mx\\\/?p=238\",\"name\":\"Encuesta de Lorena Becerra es un indicador claro para definir candidaturas: C\\u00e9sar J\\u00e1uregui - \\u00c9nfasis\",\"description\":\"Chihuahua, Chih., 26 de agosto de 2026.- C\\u00e9sar J\\u00e1uregui Moreno destac\\u00f3 que la reciente encuesta elaborada por la reconocida especialista en opini\\u00f3n p\\u00fablica Lorena Becerra constituye un indicador relevante para conocer las posibilidades electorales de quienes participan en el proceso rumbo a 2027, y subray\\u00f3 la amplia trayectoria y credibilidad de la encuestadora a nivel\",\"inLanguage\":\"en-US\",\"isPartOf\":{\"@id\":\"https:\\\/\\\/www.enfasis.mx\\\/#website\"},\"breadcrumb\":{\"@id\":\"https:\\\/\\\/www.enfasis.mx\\\/?p=238#breadcrumblist\"},\"author\":{\"@id\":\"https:\\\/\\\/www.enfasis.mx\\\/?author=13#author\"},\"creator\":{\"@id\":\"https:\\\/\\\/www.enfasis.mx\\\/?author=13#author\"},\"image\":{\"@type\":\"ImageObject\",\"url\":\"https:\\\/\\\/www.enfasis.mx\\\/wp-content\\\/uploads\\\/2026\\\/08\\\/Cesar-Encuesta.png\",\"@id\":\"https:\\\/\\\/www.enfasis.mx\\\/?p=238\\\/#mainImage\",\"width\":1608,\"height\":978},\"primaryImageOfPage\":{\"@id\":\"https:\\\/\\\/www.enfasis.mx\\\/?p=238#mainImage\"},\"datePublished\":\"2026-08-26T10:37:26-07:00\",\"dateModified\":\"2026-08-26T10:37:47-07:00\"},{\"@type\":\"WebSite\",\"@id\":\"https:\\\/\\\/www.enfasis.mx\\\/#website\",\"url\":\"https:\\\/\\\/www.enfasis.mx\\\/\",\"name\":\"\\u00c9nfasis\",\"description\":\"El acento en la econom\\u00eda y la pol\\u00edtica\",\"inLanguage\":\"en-US\",\"publisher\":{\"@id\":\"https:\\\/\\\/www.enfasis.mx\\\/#organization\"}}]}\n\t\t<\/script>\n\t\t<!-- All in One SEO -->\n\n","aioseo_head_json":{"title":"Encuesta de Lorena Becerra es un indicador claro para definir candidaturas: C\u00e9sar J\u00e1uregui - \u00c9nfasis","description":"Chihuahua, Chih., 26 de agosto de 2026.- C\u00e9sar J\u00e1uregui Moreno destac\u00f3 que la reciente encuesta elaborada por la reconocida especialista en opini\u00f3n p\u00fablica Lorena Becerra constituye un indicador relevante para conocer las posibilidades electorales de quienes participan en el proceso rumbo a 2027, y subray\u00f3 la amplia trayectoria y credibilidad de la encuestadora a nivel","canonical_url":"https:\/\/www.enfasis.mx\/?p=238","robots":"max-image-preview:large","keywords":"","webmasterTools":{"google-site-verification":"jlwkLGgnMBpX8ktutl9e1D8Kvl7Rh7xmXQIHtOLk65U","miscellaneous":""},"schema":{"@context":"https:\/\/schema.org","@graph":[{"@type":"BlogPosting","@id":"https:\/\/www.enfasis.mx\/?p=238#blogposting","name":"Encuesta de Lorena Becerra es un indicador claro para definir candidaturas: C\u00e9sar J\u00e1uregui - \u00c9nfasis","headline":"Encuesta de Lorena Becerra es un indicador claro para definir candidaturas: C\u00e9sar J\u00e1uregui","author":{"@id":"https:\/\/www.enfasis.mx\/?author=13#author"},"publisher":{"@id":"https:\/\/www.enfasis.mx\/#organization"},"image":{"@type":"ImageObject","url":"https:\/\/www.enfasis.mx\/wp-content\/uploads\/2026\/08\/Cesar-Encuesta.png","width":1608,"height":978},"datePublished":"2026-08-26T10:37:26-07:00","dateModified":"2026-08-26T10:37:47-07:00","inLanguage":"en-US","mainEntityOfPage":{"@id":"https:\/\/www.enfasis.mx\/?p=238#webpage"},"isPartOf":{"@id":"https:\/\/www.enfasis.mx\/?p=238#webpage"},"articleSection":"Pol\u00edtica"},{"@type":"BreadcrumbList","@id":"https:\/\/www.enfasis.mx\/?p=238#breadcrumblist","itemListElement":[{"@type":"ListItem","@id":"https:\/\/www.enfasis.mx#listItem","position":1,"name":"Home","item":"https:\/\/www.enfasis.mx","nextItem":{"@type":"ListItem","@id":"https:\/\/www.enfasis.mx\/?cat=4#listItem","name":"Pol\u00edtica"}},{"@type":"ListItem","@id":"https:\/\/www.enfasis.mx\/?cat=4#listItem","position":2,"name":"Pol\u00edtica","item":"https:\/\/www.enfasis.mx\/?cat=4","nextItem":{"@type":"ListItem","@id":"https:\/\/www.enfasis.mx\/?p=238#listItem","name":"Encuesta de Lorena Becerra es un indicador claro para definir candidaturas: C\u00e9sar J\u00e1uregui"},"previousItem":{"@type":"ListItem","@id":"https:\/\/www.enfasis.mx#listItem","name":"Home"}},{"@type":"ListItem","@id":"https:\/\/www.enfasis.mx\/?p=238#listItem","position":3,"name":"Encuesta de Lorena Becerra es un indicador claro para definir candidaturas: C\u00e9sar J\u00e1uregui","previousItem":{"@type":"ListItem","@id":"https:\/\/www.enfasis.mx\/?cat=4#listItem","name":"Pol\u00edtica"}}]},{"@type":"Organization","@id":"https:\/\/www.enfasis.mx\/#organization","name":"\u00c9nfasis Ser Empresario","description":"El acento en la econom\u00eda y la pol\u00edtica Grupo Editorial Fundado en 1998, su marca insignia es REVISTA SER EMPRESARIO la revista empresarial mas importante del Estado","url":"https:\/\/www.enfasis.mx\/","logo":{"@type":"ImageObject","url":"http:\/\/www.enfasis.mx\/wp-content\/uploads\/2026\/07\/Enfasis-Logo-1.png","@id":"https:\/\/www.enfasis.mx\/?p=238\/#organizationLogo"},"image":{"@id":"https:\/\/www.enfasis.mx\/?p=238\/#organizationLogo"}},{"@type":"Person","@id":"https:\/\/www.enfasis.mx\/?author=13#author","url":"https:\/\/www.enfasis.mx\/?author=13","name":"Redaccion"},{"@type":"WebPage","@id":"https:\/\/www.enfasis.mx\/?p=238#webpage","url":"https:\/\/www.enfasis.mx\/?p=238","name":"Encuesta de Lorena Becerra es un indicador claro para definir candidaturas: C\u00e9sar J\u00e1uregui - \u00c9nfasis","description":"Chihuahua, Chih., 26 de agosto de 2026.- C\u00e9sar J\u00e1uregui Moreno destac\u00f3 que la reciente encuesta elaborada por la reconocida especialista en opini\u00f3n p\u00fablica Lorena Becerra constituye un indicador relevante para conocer las posibilidades electorales de quienes participan en el proceso rumbo a 2027, y subray\u00f3 la amplia trayectoria y credibilidad de la encuestadora a nivel","inLanguage":"en-US","isPartOf":{"@id":"https:\/\/www.enfasis.mx\/#website"},"breadcrumb":{"@id":"https:\/\/www.enfasis.mx\/?p=238#breadcrumblist"},"author":{"@id":"https:\/\/www.enfasis.mx\/?author=13#author"},"creator":{"@id":"https:\/\/www.enfasis.mx\/?author=13#author"},"image":{"@type":"ImageObject","url":"https:\/\/www.enfasis.mx\/wp-content\/uploads\/2026\/08\/Cesar-Encuesta.png","@id":"https:\/\/www.enfasis.mx\/?p=238\/#mainImage","width":1608,"height":978},"primaryImageOfPage":{"@id":"https:\/\/www.enfasis.mx\/?p=238#mainImage"},"datePublished":"2026-08-26T10:37:26-07:00","dateModified":"2026-08-26T10:37:47-07:00"},{"@type":"WebSite","@id":"https:\/\/www.enfasis.mx\/#website","url":"https:\/\/www.enfasis.mx\/","name":"\u00c9nfasis","description":"El acento en la econom\u00eda y la pol\u00edtica","inLanguage":"en-US","publisher":{"@id":"https:\/\/www.enfasis.mx\/#organization"}}]},"og:locale":"en_US","og:site_name":"\u00c9nfasis - El acento en la econom\u00eda y la pol\u00edtica","og:type":"article","og:title":"Encuesta de Lorena Becerra es un indicador claro para definir candidaturas: C\u00e9sar J\u00e1uregui - \u00c9nfasis","og:description":"Chihuahua, Chih., 26 de agosto de 2026.- C\u00e9sar J\u00e1uregui Moreno destac\u00f3 que la reciente encuesta elaborada por la reconocida especialista en opini\u00f3n p\u00fablica Lorena Becerra constituye un indicador relevante para conocer las posibilidades electorales de quienes participan en el proceso rumbo a 2027, y subray\u00f3 la amplia trayectoria y credibilidad de la encuestadora a nivel","og:url":"https:\/\/www.enfasis.mx\/?p=238","og:image":"https:\/\/www.enfasis.mx\/wp-content\/uploads\/2026\/08\/Cesar-Encuesta.png","og:image:secure_url":"https:\/\/www.enfasis.mx\/wp-content\/uploads\/2026\/08\/Cesar-Encuesta.png","og:image:width":1608,"og:image:height":978,"article:published_time":"2026-08-26T17:37:26+00:00","article:modified_time":"2026-08-26T17:37:47+00:00","twitter:card":"summary_large_image","twitter:title":"Encuesta de Lorena Becerra es un indicador claro para definir candidaturas: C\u00e9sar J\u00e1uregui - \u00c9nfasis","twitter:description":"Chihuahua, Chih., 26 de agosto de 2026.- C\u00e9sar J\u00e1uregui Moreno destac\u00f3 que la reciente encuesta elaborada por la reconocida especialista en opini\u00f3n p\u00fablica Lorena Becerra constituye un indicador relevante para conocer las posibilidades electorales de quienes participan en el proceso rumbo a 2027, y subray\u00f3 la amplia trayectoria y credibilidad de la encuestadora a nivel","twitter:image":"https:\/\/www.enfasis.mx\/wp-content\/uploads\/2026\/08\/Cesar-Encuesta.png"},"aioseo_meta_data":{"post_id":"238","title":"#post_title #separator_sa #site_title","description":"#post_excerpt","keywords":null,"keyphrases":{"focus":{"keyphrase":"","score":0,"analysis":{"keyphraseInTitle":{"score":0,"maxScore":9,"error":1}}},"additional":[]},"primary_term":null,"canonical_url":null,"og_title":null,"og_description":null,"og_object_type":"default","og_image_type":"default","og_image_custom_url":null,"og_image_custom_fields":null,"og_image_url":null,"og_image_width":null,"og_image_height":null,"og_video":"","og_custom_url":null,"og_article_section":null,"og_article_tags":null,"twitter_use_og":true,"twitter_card":"default","twitter_image_type":"default","twitter_image_custom_url":null,"twitter_image_custom_fields":null,"twitter_image_url":null,"twitter_title":null,"twitter_description":null,"schema_type":"default","schema_type_options":null,"schema":{"blockGraphs":[],"customGraphs":[],"default":{"data":{"Article":[],"Course":[],"Dataset":[],"FAQPage":[],"Movie":[],"Person":[],"Product":[],"ProductReview":[],"Car":[],"Recipe":[],"Service":[],"SoftwareApplication":[],"WebPage":[]},"graphName":"BlogPosting","isEnabled":true},"graphs":[]},"pillar_content":false,"robots_default":true,"robots_noindex":false,"robots_noarchive":false,"robots_nosnippet":false,"robots_nofollow":false,"robots_noimageindex":false,"robots_noodp":false,"robots_notranslate":false,"robots_max_snippet":"-1","robots_max_videopreview":"-1","robots_max_imagepreview":"large","priority":null,"frequency":"default","local_seo":null,"limit_modified_date":false,"ai":{"faqs":[],"keyPoints":[],"schemas":[],"titles":[],"descriptions":[],"socialPosts":{"email":{"subject":"","preview":"","content":""},"linkedin":[],"twitter":[],"facebook":[],"instagram":[]}},"breadcrumb_settings":null,"seo_analyzer_scan_date":null,"created":"2026-08-26 17:37:29","updated":"2026-08-26 19:09:38"},"aioseo_breadcrumb":"<div class=\"aioseo-breadcrumbs\"><span class=\"aioseo-breadcrumb\">\n\t\t\t<a href=\"https:\/\/www.enfasis.mx\" title=\"Home\">Home<\/a>\n\t\t<\/span><span class=\"aioseo-breadcrumb-separator\">&raquo;<\/span><span class=\"aioseo-breadcrumb\">\n\t\t\t<a href=\"https:\/\/www.enfasis.mx\/?cat=4\" title=\"Pol\u00edtica\">Pol\u00edtica<\/a>\n\t\t<\/span><span class=\"aioseo-breadcrumb-separator\">&raquo;<\/span><span class=\"aioseo-breadcrumb\">\n\t\t\tEncuesta de Lorena Becerra es un indicador claro para definir candidaturas: C\u00e9sar J\u00e1uregui\n\t\t<\/span><\/div>","aioseo_breadcrumb_json":[{"label":"Home","link":"https:\/\/www.enfasis.mx"},{"label":"Pol\u00edtica","link":"https:\/\/www.enfasis.mx\/?cat=4"},{"label":"Encuesta de Lorena Becerra es un indicador claro para definir candidaturas: C\u00e9sar J\u00e1uregui","link":"https:\/\/www.enfasis.mx\/?p=238"}],"wpmagazine_modules_lite_featured_media_urls":{"thumbnail":["https:\/\/www.enfasis.mx\/wp-content\/uploads\/2026\/08\/Cesar-Encuesta-150x150.png",150,150,true],"cvmm-medium":["https:\/\/www.enfasis.mx\/wp-content\/uploads\/2026\/08\/Cesar-Encuesta-300x300.png",300,300,true],"cvmm-medium-plus":["https:\/\/www.enfasis.mx\/wp-content\/uploads\/2026\/08\/Cesar-Encuesta-305x207.png",305,207,true],"cvmm-portrait":["https:\/\/www.enfasis.mx\/wp-content\/uploads\/2026\/08\/Cesar-Encuesta-400x600.png",400,600,true],"cvmm-medium-square":["https:\/\/www.enfasis.mx\/wp-content\/uploads\/2026\/08\/Cesar-Encuesta-600x600.png",600,600,true],"cvmm-large":["https:\/\/www.enfasis.mx\/wp-content\/uploads\/2026\/08\/Cesar-Encuesta-1024x978.png",1024,978,true],"cvmm-small":["https:\/\/www.enfasis.mx\/wp-content\/uploads\/2026\/08\/Cesar-Encuesta-130x95.png",130,95,true],"full":["https:\/\/www.enfasis.mx\/wp-content\/uploads\/2026\/08\/Cesar-Encuesta.png",1608,978,false]},"categories_names":{"4":{"name":"Pol\u00edtica","link":"https:\/\/www.enfasis.mx\/?cat=4"}},"tags_names":[],"comments_number":"0","jetpack_sharing_enabled":true,"jetpack_featured_media_url":"https:\/\/www.enfasis.mx\/wp-content\/uploads\/2026\/08\/Cesar-Encuesta.png","_links":{"self":[{"href":"https:\/\/www.enfasis.mx\/index.php?rest_route=\/wp\/v2\/posts\/238","targetHints":{"allow":["GET"]}}],"collection":[{"href":"https:\/\/www.enfasis.mx\/index.php?rest_route=\/wp\/v2\/posts"}],"about":[{"href":"https:\/\/www.enfasis.mx\/index.php?rest_route=\/wp\/v2\/types\/post"}],"author":[{"embeddable":true,"href":"https:\/\/www.enfasis.mx\/index.php?rest_route=\/wp\/v2\/users\/13"}],"replies":[{"embeddable":true,"href":"https:\/\/www.enfasis.mx\/index.php?rest_route=%2Fwp%2Fv2%2Fcomments&post=238"}],"version-history":[{"count":1,"href":"https:\/\/www.enfasis.mx\/index.php?rest_route=\/wp\/v2\/posts\/238\/revisions"}],"predecessor-version":[{"id":240,"href":"https:\/\/www.enfasis.mx\/index.php?rest_route=\/wp\/v2\/posts\/238\/revisions\/240"}],"wp:featuredmedia":[{"embeddable":true,"href":"https:\/\/www.enfasis.mx\/index.php?rest_route=\/wp\/v2\/media\/239"}],"wp:attachment":[{"href":"https:\/\/www.enfasis.mx\/index.php?rest_route=%2Fwp%2Fv2%2Fmedia&parent=238"}],"wp:term":[{"taxonomy":"category","embeddable":true,"href":"https:\/\/www.enfasis.mx\/index.php?rest_route=%2Fwp%2Fv2%2Fcategories&post=238"},{"taxonomy":"post_tag","embeddable":true,"href":"https:\/\/www.enfasis.mx\/index.php?rest_route=%2Fwp%2Fv2%2Ftags&post=238"}],"curies":[{"name":"wp","href":"https:\/\/api.w.org\/{rel}","templated":true}]}}