{"id":245,"date":"2026-08-31T09:08:42","date_gmt":"2026-08-31T16:08:42","guid":{"rendered":"https:\/\/www.enfasis.mx\/?p=245"},"modified":"2026-08-31T09:08:58","modified_gmt":"2026-08-31T16:08:58","slug":"el-blindaje-legislativo-de-amlo-blindar-a-la-presidenta-y-el-juego-de-sombras-del-poder-real","status":"publish","type":"post","link":"https:\/\/www.enfasis.mx\/?p=245","title":{"rendered":"El Blindaje Legislativo de AMLO: Blindar a la Presidenta y el Juego de Sombras del Poder Real."},"content":{"rendered":"\n<p class=\"wp-block-paragraph\"><strong>Una opini\u00f3n alternativa<\/strong><\/p>\n\n\n\n<p class=\"wp-block-paragraph\">Por Carlos O. Silva Bandala.<\/p>\n\n\n\n<p class=\"wp-block-paragraph\">Bicefalia (dos cabezas) o Dualidad de Poder Pol\u00edtico. \u2013 Un fen\u00f3meno analizado cuando un liderazgo hist\u00f3rico (Plutarco El\u00edas Calles, El Maximato\u2026 AMLO, El Obradorato) mantiene una enorme influencia sobre las estructuras del Partido gobernante, lo que confirma, por decir lo menos, que es in\u00e9dito en el Sistema Pol\u00edtico Mexicano actual, que ante una crisis de gobernabilidad en Sinaloa, de impacto Internacional, el argumento de la Presidenta de no estar enterada o de no intervenir en el relevo gubernamental (cuando menos para aceptar o vetar los perfiles pol\u00edticos de manera anticipada), se traduce pol\u00edticamente como una preocupante cesi\u00f3n de control, la falta de una operaci\u00f3n pol\u00edtica centralizada y firme, le\u00edda por la opini\u00f3n p\u00fablica como un vac\u00edo de Poder o descuido de oficio.<\/p>\n\n\n\n<p class=\"wp-block-paragraph\">La sabia virtud de conocer el tiempo, Jos\u00e9 Ortega y Gasset nos ilustra lo que significa que las personas no estamos solos; nuestra vida y decisiones dependen del entorno, la \u00e9poca y el lugar que nos toca vivir: \u201cYo soy yo y mi circunstancia, y, si no la SALVO a ELLA no me SALVO YO\u201d \u2026 Extraordinario paralelismo entre la filosof\u00eda y la estrategia pol\u00edtica actual de la Presidenta Claudia Sheinbaum y el expresidente Andr\u00e9s Manuel L\u00f3pez Obrador\u2026 Quien puede dudar que MORENA se est\u00e1 cayendo en las preferencias electorales rumbo al 2027\u2026 MORENA experimenta fluctuaciones muy alarmantes: en 2024 registr\u00f3 40.8 de preferencias electorales, ahora en 2026 se ubica en 34% que vuelve urgente la reactivaci\u00f3n de este BINOMIO ESTRAT\u00c9GICO\u2026 Autoprotecci\u00f3n, pues al mismo tiempo, al blindar al Gobierno 4T de Claudia Sheinbaum a trav\u00e9s del Poder Legislativo, se protege al expresidente L\u00f3pez Obrador, asegurando que no existan retrocesos jur\u00eddicos y asegura que no afecten su Figura en retiro.<\/p>\n\n\n\n<p class=\"wp-block-paragraph\">Alrededor de 150 Diputados Federales del Grupo Parlamentario de MORENA buscan ser REELECTOS\u2026 Esto se da a contra corriente del criterio Presidencial que pidi\u00f3 frenar la REELECCI\u00d3N desde el proceso 2027, sin embargo, aquellos Legisladores que van en esa ruta, la ignoran, y, no me refiero al sustantivo, la ignoran a ELLA, que desconocen que el Ejecutivo Federal es en la Pol\u00edtica de M\u00e9xico el m\u00e1ximo y m\u00e1s importante referente como gu\u00eda pol\u00edtico del Partido en el Poder\u2026 \u00bfEsto debilita la credibilidad de la Presidenta? NO, pero S\u00cd su liderazgo\u2026 Para ellos la Reelecci\u00f3n no es estrategia pol\u00edtica, es un Plan de Supervivencia Econ\u00f3mica, su disciplina ciega en el Congreso\u2026 Afuera su mayor pesadilla es el miedo a caer en el error de vivir fuera del presupuesto\u2026 La insistencia en conservar privilegios pol\u00edticos, deja a los votantes, en particular a los Clasemedieros, ya de por s\u00ed en APAT\u00cdA con la Presidenta y su MOVIMIENTO, que activa el sentimiento de reaccionar con mayor fuerza el VOTO DE CASTIGO.<\/p>\n\n\n\n<p class=\"wp-block-paragraph\">La Soberbia Parlamentaria morenista con miras en las Elecciones Intermedias de 2027, ya muestra fisuras en el MOVIMIENTO al acaparar la mitad de los 300 Distritos, que desplaza por completo a los liderazgos que llevan a\u00f1os haciendo fila y esperando una oportunidad\u2026 Ese resquemor de la militancia desplazada, tal vez no se traducir\u00e1 en una salida p\u00fablica del Partido, pero si en un VOTO DE CASTIGO OCULTO mediante el abstencionismo e indisciplina\u2026 Aunque MORENA intente blindarse mediante el conveniente discurso asistencialista en la Clase Pobre, el verdadero peligro habita en el resentimiento de sus propias BASES desplazadas\u2026 El primer factor de desgaste provendr\u00e1 de sus propias entra\u00f1as con un costo enorme de imagen\u2026 en el MOVIMIENTO, la C\u00fapula sabe muy bien que la ambici\u00f3n de estos Legisladores siembra las semillas de una IMPLOSI\u00d3N PARTIDISTA pues la militancia agravada dif\u00edcilmente aceptar\u00e1 su rol de espectador.<\/p>\n\n\n\n<p class=\"wp-block-paragraph\">LA TORMENTA PERFECTA. \u2013 Por un lado, MORENA activar\u00e1 su cantaleta asistencialista del dinero p\u00fablico como si fuese bondad del Gobierno 4T, para retener el voto de los sectores vulnerables, intentando minimizar el impacto de sus candidatos releccionistas\u2026 Por el otro, enfrentar\u00e1 una TORMENTA PERFECTA de la Clase Media, habiendo marcado su raya, mediante el voto utilitario y una militancia propia resentida que operar\u00e1 en contra de sus propios candidatos\u2026 La Reelecci\u00f3n de estos Diputados no es un acto de indisciplina aislado, sino el mecanismo de supervivencia y protecci\u00f3n Legislativa para Andr\u00e9s Manuel L\u00f3pez Obrador, pues esto se explica, dado que todos ellos deben su CURUL enteramente al arrastre electoral de AMLO en 2024, y, si nos vamos m\u00e1s arriba, todav\u00eda m\u00e1s contundente, la circunstancia de la Presidenta Claudia Sheinbaum Pardo; todos ellos son lo que ahora son, no a sus propios m\u00e9ritos o liderazgo per se\u2026 Detr\u00e1s de la desmedida ambici\u00f3n, desafiando a la Presidenta de NO A LA REELECCI\u00d3N, no hay descuido, sino una fr\u00eda estrategia de protecci\u00f3n pol\u00edtica transexenal que exhibe el margen de maniobra acotado a la Presidenta, pues es un hecho incuestionable que pertenecen y responden al Grupo Pol\u00edtico de AMLO.<\/p>\n\n\n\n<p class=\"wp-block-paragraph\">Quien puede dudar que L\u00f3pez Obrador NO VE la Reelecci\u00f3n masiva con simpat\u00eda\u2026 Los perfiles ya pasaron por su filtro y le han demostrado lealtad ciega\u2026 Sin embargo, el dilema se focaliza para la Presidenta de c\u00f3mo impedirlo, pues esto implicar\u00e1 abrir \u201cotro\u201d frente de guerra directa contra la estructura fiel al fundador del MOVIMIENTO, golpe\u00e1ndose a s\u00ed misma\u2026 Al adoptar la Presidenta una \u201csana distancia\u201d de la vida interna de su Partido bajo el argumento de priorizar la Gesti\u00f3n de Gobierno, DEJA UN VAC\u00cdO DE AUTORIDAD POL\u00cdTICA que sigue siendo reclamado por su antecesor AMLO, lo cual no es un secreto, como no lo es que la Mandataria carece del control real sobre las estructuras de MORENA\u2026 Su posici\u00f3n frente a esa Reelecci\u00f3n, evidencia la DUALIDAD DEL PODER\u2026 La ruta de la gratitud y lealtad absoluta hacia AMLO\u2026 Pues el Obradorato est\u00e1 instaurado desde Palenque, pasando por encima del propio criterio \u00e9tico de la Presidenta\u2026 La Presidenta, al \u201cceder\u201d, de antemano, corre la misma v\u00eda palenquera el resto, para permitir que una vez m\u00e1s el Congreso se convierta en el BUNKER DE PROTECCI\u00d3N PARA EL EXPRESIDENTE y parentela.<\/p>\n\n\n\n<p class=\"wp-block-paragraph\">Un aspecto cr\u00edtico en la Legislaci\u00f3n actual, es que los Diputados que buscan la Reelecci\u00f3n, no est\u00e1n obligados a solicitar licencia ni a separarse de su cargo para hacer campa\u00f1a\u2026 El argumento pragm\u00e1tico para ir a la Reelecci\u00f3n, es que el Diputado en funciones ya tiene estructura y dinero p\u00fablico y conocimiento de su Distrito, que no acepta quedarse fuera para ceder el espacio a otro.<\/p>\n\n\n\n<p class=\"wp-block-paragraph\">EL VACIO DE PODER DE LA PRESIDENTA en cuanto a MORENA, es inocultable\u2026 Al no imponer su se\u00f1alamiento sobre las listas releccionistas, ese espacio es ocupado por la estructura identificada con L\u00f3pez Obrador\u2026 Para ellos la aprobaci\u00f3n de sus nombres genera una lealtad directa hacia quien los benefici\u00f3 con la Diputaci\u00f3n en 2024 para confirmarla en 2027: circunstancia de beneficio mutuo para un BLOQUE LEGISLATIVO hacia su benefactor: AMLO\u2026 Para la Presidenta su prioridad es la estabilidad econ\u00f3mica y operativa del pa\u00eds, que depende directamente del Presupuesto de Egresos 2027 que debe aprobar el Congreso, con los mismos Diputados de MORENA actuales, en ese sentido, involucrarse directamente en las pugnas por las Diputaciones, es m\u00e1s, por las 17 candidaturas a Gobernador, le generar\u00e1n fricciones inmediatas, pues estos son territorios de privilegio con todo y aparato del Partido de L\u00f3pez Obrador\u2026 No olvidemos que durante el sexenio L\u00f3pez Obradorista la consigna fue aprobar INICIATIVAS Y PRESUPUESTOS, \u201csin cambiar una sola coma\u201d, circunstancias que mostraron el HIPERPRESIDENCIALISMO, autoritario sin l\u00edmites para un Solo Hombre; desde entonces hasta ahora el Ejecutivo subordin\u00f3 por completo al Poder Legislativo, en su obediencia a ciegas\u2026 El Congreso dej\u00f3 de funcionar como un CONTRAPESO, convertido en Oficial\u00eda de Partes de Palacio Nacional.<\/p>\n\n\n\n<p class=\"wp-block-paragraph\">2027 plantea una coincidencia estrat\u00e9gica fundamental entre el expresidente L\u00f3pez Obrador y la actual Presidenta, ambos entienden que el verdadero epicentro del Poder del R\u00e9gimen 4T no radica en territorios de los Estados, sino en el control absoluto del Congreso de la Uni\u00f3n, porque los Gobernadores no tienen la facultad de alterar el marco legal del pa\u00eds\u2026 Mantener la MAYOR\u00cdA CALIFICADA asegura que el Proyecto ideol\u00f3gico de su MOVIMIENTO transcienda a largo plazo, independientemente de quien gobierne en un Estado\u2026 Si MORENA pierde en m\u00e1s o menos la mitad de las 17 gubernaturas en 2027, para el Gobierno 4T- AMLO, es perder un pu\u00f1ado de gobiernos; con mantener 17 o m\u00e1s le ser\u00e1 suficiente y todo lo legitimar\u00e1 en el Congreso\u2026 Para la Oposici\u00f3n ganar algunas gubernaturas es tanto como un tanque de oxigeno vital, sin embargo, ser\u00eda un triunfo m\u00e1s SIMB\u00d3LICO Y NARRATIVO que real en t\u00e9rminos de CAMBIAR EL RUMBO DEL PA\u00cdS\u2026 Es muy claro que los triunfos de gubernaturas por la Oposici\u00f3n no alteran el estatus legal ni la estabilidad de la Mandataria Sheinbaum\u2026 Para Sheinbaum- L\u00f3pez Obrador, perder algunas gubernaturas, es un costo pol\u00edtico secundario, totalmente aceptado; el sobreentendido fundamental entre ambos, no radica en el mapa de los Gobiernos Estatales, no del todo, sino en la HEGEMON\u00cdA dentro del Congreso de la Uni\u00f3n.&nbsp;<\/p>\n","protected":false},"excerpt":{"rendered":"<p>Una opini\u00f3n alternativa Por Carlos O. Silva Bandala. Bicefalia (dos cabezas) o Dualidad de Poder Pol\u00edtico. \u2013 Un fen\u00f3meno analizado cuando un liderazgo hist\u00f3rico (Plutarco El\u00edas Calles, El Maximato\u2026 AMLO, El Obradorato) mantiene una enorme influencia sobre las estructuras del Partido gobernante, lo que confirma, por decir lo menos, que es in\u00e9dito en el Sistema [&hellip;]<\/p>\n","protected":false},"author":12,"featured_media":246,"comment_status":"closed","ping_status":"open","sticky":false,"template":"","format":"standard","meta":{"_jetpack_newsletter_access":"","_jetpack_dont_email_post_to_subs":false,"_jetpack_newsletter_tier_id":0,"_jetpack_memberships_contains_paywalled_content":false,"_jetpack_feature_clip_id":0,"_jetpack_memberships_contains_paid_content":false,"footnotes":"","jetpack_post_was_ever_published":false},"categories":[4],"tags":[],"class_list":["post-245","post","type-post","status-publish","format-standard","has-post-thumbnail","hentry","category-analisis-politico"],"aioseo_notices":[],"aioseo_head":"\n\t\t<!-- All in One SEO 4.9.10 - aioseo.com -->\n\t<meta name=\"description\" content=\"Una opini\u00f3n alternativa Por Carlos O. Silva Bandala. Bicefalia (dos cabezas) o Dualidad de Poder Pol\u00edtico. \u2013 Un fen\u00f3meno analizado cuando un liderazgo hist\u00f3rico (Plutarco El\u00edas Calles, El Maximato\u2026 AMLO, El Obradorato) mantiene una enorme influencia sobre las estructuras del Partido gobernante, lo que confirma, por decir lo menos, que es in\u00e9dito en el Sistema\" \/>\n\t<meta name=\"robots\" content=\"max-image-preview:large\" \/>\n\t<meta name=\"author\" content=\"Carlos O. Silva Bandala\"\/>\n\t<meta name=\"google-site-verification\" content=\"jlwkLGgnMBpX8ktutl9e1D8Kvl7Rh7xmXQIHtOLk65U\" \/>\n\t<link rel=\"canonical\" href=\"https:\/\/www.enfasis.mx\/?p=245\" \/>\n\t<meta name=\"generator\" content=\"All in One SEO (AIOSEO) 4.9.10\" \/>\n\t\t<meta property=\"og:locale\" content=\"en_US\" \/>\n\t\t<meta property=\"og:site_name\" content=\"\u00c9nfasis - El acento en la econom\u00eda y la pol\u00edtica\" \/>\n\t\t<meta property=\"og:type\" content=\"article\" \/>\n\t\t<meta property=\"og:title\" content=\"El Blindaje Legislativo de AMLO: Blindar a la Presidenta y el Juego de Sombras del Poder Real. - \u00c9nfasis\" \/>\n\t\t<meta property=\"og:description\" content=\"Una opini\u00f3n alternativa Por Carlos O. Silva Bandala. Bicefalia (dos cabezas) o Dualidad de Poder Pol\u00edtico. \u2013 Un fen\u00f3meno analizado cuando un liderazgo hist\u00f3rico (Plutarco El\u00edas Calles, El Maximato\u2026 AMLO, El Obradorato) mantiene una enorme influencia sobre las estructuras del Partido gobernante, lo que confirma, por decir lo menos, que es in\u00e9dito en el Sistema\" \/>\n\t\t<meta property=\"og:url\" content=\"https:\/\/www.enfasis.mx\/?p=245\" \/>\n\t\t<meta property=\"og:image\" content=\"https:\/\/www.enfasis.mx\/wp-content\/uploads\/2026\/08\/Carlos-Silva-3.png\" \/>\n\t\t<meta property=\"og:image:secure_url\" content=\"https:\/\/www.enfasis.mx\/wp-content\/uploads\/2026\/08\/Carlos-Silva-3.png\" \/>\n\t\t<meta property=\"og:image:width\" content=\"600\" \/>\n\t\t<meta property=\"og:image:height\" content=\"366\" \/>\n\t\t<meta property=\"article:published_time\" content=\"2026-08-31T16:08:42+00:00\" \/>\n\t\t<meta property=\"article:modified_time\" content=\"2026-08-31T16:08:58+00:00\" \/>\n\t\t<meta name=\"twitter:card\" content=\"summary_large_image\" \/>\n\t\t<meta name=\"twitter:title\" content=\"El Blindaje Legislativo de AMLO: Blindar a la Presidenta y el Juego de Sombras del Poder Real. - \u00c9nfasis\" \/>\n\t\t<meta name=\"twitter:description\" content=\"Una opini\u00f3n alternativa Por Carlos O. Silva Bandala. Bicefalia (dos cabezas) o Dualidad de Poder Pol\u00edtico. \u2013 Un fen\u00f3meno analizado cuando un liderazgo hist\u00f3rico (Plutarco El\u00edas Calles, El Maximato\u2026 AMLO, El Obradorato) mantiene una enorme influencia sobre las estructuras del Partido gobernante, lo que confirma, por decir lo menos, que es in\u00e9dito en el Sistema\" \/>\n\t\t<meta name=\"twitter:image\" content=\"https:\/\/www.enfasis.mx\/wp-content\/uploads\/2026\/08\/Carlos-Silva-3.png\" \/>\n\t\t<script type=\"application\/ld+json\" class=\"aioseo-schema\">\n\t\t\t{\"@context\":\"https:\\\/\\\/schema.org\",\"@graph\":[{\"@type\":\"BlogPosting\",\"@id\":\"https:\\\/\\\/www.enfasis.mx\\\/?p=245#blogposting\",\"name\":\"El Blindaje Legislativo de AMLO: Blindar a la Presidenta y el Juego de Sombras del Poder Real. - \\u00c9nfasis\",\"headline\":\"El Blindaje Legislativo de AMLO: Blindar a la Presidenta y el Juego de Sombras del Poder Real.\",\"author\":{\"@id\":\"https:\\\/\\\/www.enfasis.mx\\\/?author=12#author\"},\"publisher\":{\"@id\":\"https:\\\/\\\/www.enfasis.mx\\\/#organization\"},\"image\":{\"@type\":\"ImageObject\",\"url\":\"https:\\\/\\\/www.enfasis.mx\\\/wp-content\\\/uploads\\\/2026\\\/08\\\/Carlos-Silva-3.png\",\"width\":600,\"height\":366,\"caption\":\"Carlos Silva Una opinion alternativa\"},\"datePublished\":\"2026-08-31T09:08:42-07:00\",\"dateModified\":\"2026-08-31T09:08:58-07:00\",\"inLanguage\":\"en-US\",\"mainEntityOfPage\":{\"@id\":\"https:\\\/\\\/www.enfasis.mx\\\/?p=245#webpage\"},\"isPartOf\":{\"@id\":\"https:\\\/\\\/www.enfasis.mx\\\/?p=245#webpage\"},\"articleSection\":\"Pol\\u00edtica\"},{\"@type\":\"BreadcrumbList\",\"@id\":\"https:\\\/\\\/www.enfasis.mx\\\/?p=245#breadcrumblist\",\"itemListElement\":[{\"@type\":\"ListItem\",\"@id\":\"https:\\\/\\\/www.enfasis.mx#listItem\",\"position\":1,\"name\":\"Home\",\"item\":\"https:\\\/\\\/www.enfasis.mx\",\"nextItem\":{\"@type\":\"ListItem\",\"@id\":\"https:\\\/\\\/www.enfasis.mx\\\/?cat=4#listItem\",\"name\":\"Pol\\u00edtica\"}},{\"@type\":\"ListItem\",\"@id\":\"https:\\\/\\\/www.enfasis.mx\\\/?cat=4#listItem\",\"position\":2,\"name\":\"Pol\\u00edtica\",\"item\":\"https:\\\/\\\/www.enfasis.mx\\\/?cat=4\",\"nextItem\":{\"@type\":\"ListItem\",\"@id\":\"https:\\\/\\\/www.enfasis.mx\\\/?p=245#listItem\",\"name\":\"El Blindaje Legislativo de AMLO: Blindar a la Presidenta y el Juego de Sombras del Poder Real.\"},\"previousItem\":{\"@type\":\"ListItem\",\"@id\":\"https:\\\/\\\/www.enfasis.mx#listItem\",\"name\":\"Home\"}},{\"@type\":\"ListItem\",\"@id\":\"https:\\\/\\\/www.enfasis.mx\\\/?p=245#listItem\",\"position\":3,\"name\":\"El Blindaje Legislativo de AMLO: Blindar a la Presidenta y el Juego de Sombras del Poder Real.\",\"previousItem\":{\"@type\":\"ListItem\",\"@id\":\"https:\\\/\\\/www.enfasis.mx\\\/?cat=4#listItem\",\"name\":\"Pol\\u00edtica\"}}]},{\"@type\":\"Organization\",\"@id\":\"https:\\\/\\\/www.enfasis.mx\\\/#organization\",\"name\":\"\\u00c9nfasis Ser Empresario\",\"description\":\"El acento en la econom\\u00eda y la pol\\u00edtica Grupo Editorial Fundado en 1998, su marca insignia es REVISTA SER EMPRESARIO la revista empresarial mas importante del Estado\",\"url\":\"https:\\\/\\\/www.enfasis.mx\\\/\",\"logo\":{\"@type\":\"ImageObject\",\"url\":\"http:\\\/\\\/www.enfasis.mx\\\/wp-content\\\/uploads\\\/2026\\\/07\\\/Enfasis-Logo-1.png\",\"@id\":\"https:\\\/\\\/www.enfasis.mx\\\/?p=245\\\/#organizationLogo\"},\"image\":{\"@id\":\"https:\\\/\\\/www.enfasis.mx\\\/?p=245\\\/#organizationLogo\"}},{\"@type\":\"Person\",\"@id\":\"https:\\\/\\\/www.enfasis.mx\\\/?author=12#author\",\"url\":\"https:\\\/\\\/www.enfasis.mx\\\/?author=12\",\"name\":\"Carlos O. Silva Bandala\"},{\"@type\":\"WebPage\",\"@id\":\"https:\\\/\\\/www.enfasis.mx\\\/?p=245#webpage\",\"url\":\"https:\\\/\\\/www.enfasis.mx\\\/?p=245\",\"name\":\"El Blindaje Legislativo de AMLO: Blindar a la Presidenta y el Juego de Sombras del Poder Real. - \\u00c9nfasis\",\"description\":\"Una opini\\u00f3n alternativa Por Carlos O. Silva Bandala. Bicefalia (dos cabezas) o Dualidad de Poder Pol\\u00edtico. \\u2013 Un fen\\u00f3meno analizado cuando un liderazgo hist\\u00f3rico (Plutarco El\\u00edas Calles, El Maximato\\u2026 AMLO, El Obradorato) mantiene una enorme influencia sobre las estructuras del Partido gobernante, lo que confirma, por decir lo menos, que es in\\u00e9dito en el Sistema\",\"inLanguage\":\"en-US\",\"isPartOf\":{\"@id\":\"https:\\\/\\\/www.enfasis.mx\\\/#website\"},\"breadcrumb\":{\"@id\":\"https:\\\/\\\/www.enfasis.mx\\\/?p=245#breadcrumblist\"},\"author\":{\"@id\":\"https:\\\/\\\/www.enfasis.mx\\\/?author=12#author\"},\"creator\":{\"@id\":\"https:\\\/\\\/www.enfasis.mx\\\/?author=12#author\"},\"image\":{\"@type\":\"ImageObject\",\"url\":\"https:\\\/\\\/www.enfasis.mx\\\/wp-content\\\/uploads\\\/2026\\\/08\\\/Carlos-Silva-3.png\",\"@id\":\"https:\\\/\\\/www.enfasis.mx\\\/?p=245\\\/#mainImage\",\"width\":600,\"height\":366,\"caption\":\"Carlos Silva Una opinion alternativa\"},\"primaryImageOfPage\":{\"@id\":\"https:\\\/\\\/www.enfasis.mx\\\/?p=245#mainImage\"},\"datePublished\":\"2026-08-31T09:08:42-07:00\",\"dateModified\":\"2026-08-31T09:08:58-07:00\"},{\"@type\":\"WebSite\",\"@id\":\"https:\\\/\\\/www.enfasis.mx\\\/#website\",\"url\":\"https:\\\/\\\/www.enfasis.mx\\\/\",\"name\":\"\\u00c9nfasis\",\"description\":\"El acento en la econom\\u00eda y la pol\\u00edtica\",\"inLanguage\":\"en-US\",\"publisher\":{\"@id\":\"https:\\\/\\\/www.enfasis.mx\\\/#organization\"}}]}\n\t\t<\/script>\n\t\t<!-- All in One SEO -->\n\n","aioseo_head_json":{"title":"El Blindaje Legislativo de AMLO: Blindar a la Presidenta y el Juego de Sombras del Poder Real. - \u00c9nfasis","description":"Una opini\u00f3n alternativa Por Carlos O. Silva Bandala. Bicefalia (dos cabezas) o Dualidad de Poder Pol\u00edtico. \u2013 Un fen\u00f3meno analizado cuando un liderazgo hist\u00f3rico (Plutarco El\u00edas Calles, El Maximato\u2026 AMLO, El Obradorato) mantiene una enorme influencia sobre las estructuras del Partido gobernante, lo que confirma, por decir lo menos, que es in\u00e9dito en el Sistema","canonical_url":"https:\/\/www.enfasis.mx\/?p=245","robots":"max-image-preview:large","keywords":"","webmasterTools":{"google-site-verification":"jlwkLGgnMBpX8ktutl9e1D8Kvl7Rh7xmXQIHtOLk65U","miscellaneous":""},"schema":{"@context":"https:\/\/schema.org","@graph":[{"@type":"BlogPosting","@id":"https:\/\/www.enfasis.mx\/?p=245#blogposting","name":"El Blindaje Legislativo de AMLO: Blindar a la Presidenta y el Juego de Sombras del Poder Real. - \u00c9nfasis","headline":"El Blindaje Legislativo de AMLO: Blindar a la Presidenta y el Juego de Sombras del Poder Real.","author":{"@id":"https:\/\/www.enfasis.mx\/?author=12#author"},"publisher":{"@id":"https:\/\/www.enfasis.mx\/#organization"},"image":{"@type":"ImageObject","url":"https:\/\/www.enfasis.mx\/wp-content\/uploads\/2026\/08\/Carlos-Silva-3.png","width":600,"height":366,"caption":"Carlos Silva Una opinion alternativa"},"datePublished":"2026-08-31T09:08:42-07:00","dateModified":"2026-08-31T09:08:58-07:00","inLanguage":"en-US","mainEntityOfPage":{"@id":"https:\/\/www.enfasis.mx\/?p=245#webpage"},"isPartOf":{"@id":"https:\/\/www.enfasis.mx\/?p=245#webpage"},"articleSection":"Pol\u00edtica"},{"@type":"BreadcrumbList","@id":"https:\/\/www.enfasis.mx\/?p=245#breadcrumblist","itemListElement":[{"@type":"ListItem","@id":"https:\/\/www.enfasis.mx#listItem","position":1,"name":"Home","item":"https:\/\/www.enfasis.mx","nextItem":{"@type":"ListItem","@id":"https:\/\/www.enfasis.mx\/?cat=4#listItem","name":"Pol\u00edtica"}},{"@type":"ListItem","@id":"https:\/\/www.enfasis.mx\/?cat=4#listItem","position":2,"name":"Pol\u00edtica","item":"https:\/\/www.enfasis.mx\/?cat=4","nextItem":{"@type":"ListItem","@id":"https:\/\/www.enfasis.mx\/?p=245#listItem","name":"El Blindaje Legislativo de AMLO: Blindar a la Presidenta y el Juego de Sombras del Poder Real."},"previousItem":{"@type":"ListItem","@id":"https:\/\/www.enfasis.mx#listItem","name":"Home"}},{"@type":"ListItem","@id":"https:\/\/www.enfasis.mx\/?p=245#listItem","position":3,"name":"El Blindaje Legislativo de AMLO: Blindar a la Presidenta y el Juego de Sombras del Poder Real.","previousItem":{"@type":"ListItem","@id":"https:\/\/www.enfasis.mx\/?cat=4#listItem","name":"Pol\u00edtica"}}]},{"@type":"Organization","@id":"https:\/\/www.enfasis.mx\/#organization","name":"\u00c9nfasis Ser Empresario","description":"El acento en la econom\u00eda y la pol\u00edtica Grupo Editorial Fundado en 1998, su marca insignia es REVISTA SER EMPRESARIO la revista empresarial mas importante del Estado","url":"https:\/\/www.enfasis.mx\/","logo":{"@type":"ImageObject","url":"http:\/\/www.enfasis.mx\/wp-content\/uploads\/2026\/07\/Enfasis-Logo-1.png","@id":"https:\/\/www.enfasis.mx\/?p=245\/#organizationLogo"},"image":{"@id":"https:\/\/www.enfasis.mx\/?p=245\/#organizationLogo"}},{"@type":"Person","@id":"https:\/\/www.enfasis.mx\/?author=12#author","url":"https:\/\/www.enfasis.mx\/?author=12","name":"Carlos O. Silva Bandala"},{"@type":"WebPage","@id":"https:\/\/www.enfasis.mx\/?p=245#webpage","url":"https:\/\/www.enfasis.mx\/?p=245","name":"El Blindaje Legislativo de AMLO: Blindar a la Presidenta y el Juego de Sombras del Poder Real. - \u00c9nfasis","description":"Una opini\u00f3n alternativa Por Carlos O. Silva Bandala. Bicefalia (dos cabezas) o Dualidad de Poder Pol\u00edtico. \u2013 Un fen\u00f3meno analizado cuando un liderazgo hist\u00f3rico (Plutarco El\u00edas Calles, El Maximato\u2026 AMLO, El Obradorato) mantiene una enorme influencia sobre las estructuras del Partido gobernante, lo que confirma, por decir lo menos, que es in\u00e9dito en el Sistema","inLanguage":"en-US","isPartOf":{"@id":"https:\/\/www.enfasis.mx\/#website"},"breadcrumb":{"@id":"https:\/\/www.enfasis.mx\/?p=245#breadcrumblist"},"author":{"@id":"https:\/\/www.enfasis.mx\/?author=12#author"},"creator":{"@id":"https:\/\/www.enfasis.mx\/?author=12#author"},"image":{"@type":"ImageObject","url":"https:\/\/www.enfasis.mx\/wp-content\/uploads\/2026\/08\/Carlos-Silva-3.png","@id":"https:\/\/www.enfasis.mx\/?p=245\/#mainImage","width":600,"height":366,"caption":"Carlos Silva Una opinion alternativa"},"primaryImageOfPage":{"@id":"https:\/\/www.enfasis.mx\/?p=245#mainImage"},"datePublished":"2026-08-31T09:08:42-07:00","dateModified":"2026-08-31T09:08:58-07:00"},{"@type":"WebSite","@id":"https:\/\/www.enfasis.mx\/#website","url":"https:\/\/www.enfasis.mx\/","name":"\u00c9nfasis","description":"El acento en la econom\u00eda y la pol\u00edtica","inLanguage":"en-US","publisher":{"@id":"https:\/\/www.enfasis.mx\/#organization"}}]},"og:locale":"en_US","og:site_name":"\u00c9nfasis - El acento en la econom\u00eda y la pol\u00edtica","og:type":"article","og:title":"El Blindaje Legislativo de AMLO: Blindar a la Presidenta y el Juego de Sombras del Poder Real. - \u00c9nfasis","og:description":"Una opini\u00f3n alternativa Por Carlos O. Silva Bandala. Bicefalia (dos cabezas) o Dualidad de Poder Pol\u00edtico. \u2013 Un fen\u00f3meno analizado cuando un liderazgo hist\u00f3rico (Plutarco El\u00edas Calles, El Maximato\u2026 AMLO, El Obradorato) mantiene una enorme influencia sobre las estructuras del Partido gobernante, lo que confirma, por decir lo menos, que es in\u00e9dito en el Sistema","og:url":"https:\/\/www.enfasis.mx\/?p=245","og:image":"https:\/\/www.enfasis.mx\/wp-content\/uploads\/2026\/08\/Carlos-Silva-3.png","og:image:secure_url":"https:\/\/www.enfasis.mx\/wp-content\/uploads\/2026\/08\/Carlos-Silva-3.png","og:image:width":600,"og:image:height":366,"article:published_time":"2026-08-31T16:08:42+00:00","article:modified_time":"2026-08-31T16:08:58+00:00","twitter:card":"summary_large_image","twitter:title":"El Blindaje Legislativo de AMLO: Blindar a la Presidenta y el Juego de Sombras del Poder Real. - \u00c9nfasis","twitter:description":"Una opini\u00f3n alternativa Por Carlos O. Silva Bandala. Bicefalia (dos cabezas) o Dualidad de Poder Pol\u00edtico. \u2013 Un fen\u00f3meno analizado cuando un liderazgo hist\u00f3rico (Plutarco El\u00edas Calles, El Maximato\u2026 AMLO, El Obradorato) mantiene una enorme influencia sobre las estructuras del Partido gobernante, lo que confirma, por decir lo menos, que es in\u00e9dito en el Sistema","twitter:image":"https:\/\/www.enfasis.mx\/wp-content\/uploads\/2026\/08\/Carlos-Silva-3.png"},"aioseo_meta_data":{"post_id":"245","title":"#post_title #separator_sa #site_title","description":"#post_excerpt","keywords":null,"keyphrases":{"focus":{"keyphrase":"","score":0,"analysis":{"keyphraseInTitle":{"score":0,"maxScore":9,"error":1}}},"additional":[]},"primary_term":null,"canonical_url":null,"og_title":null,"og_description":null,"og_object_type":"default","og_image_type":"default","og_image_custom_url":null,"og_image_custom_fields":null,"og_image_url":null,"og_image_width":null,"og_image_height":null,"og_video":"","og_custom_url":null,"og_article_section":null,"og_article_tags":null,"twitter_use_og":true,"twitter_card":"default","twitter_image_type":"default","twitter_image_custom_url":null,"twitter_image_custom_fields":null,"twitter_image_url":null,"twitter_title":null,"twitter_description":null,"schema_type":"default","schema_type_options":null,"schema":{"blockGraphs":[],"customGraphs":[],"default":{"data":{"Article":[],"Course":[],"Dataset":[],"FAQPage":[],"Movie":[],"Person":[],"Product":[],"ProductReview":[],"Car":[],"Recipe":[],"Service":[],"SoftwareApplication":[],"WebPage":[]},"graphName":"BlogPosting","isEnabled":true},"graphs":[]},"pillar_content":false,"robots_default":true,"robots_noindex":false,"robots_noarchive":false,"robots_nosnippet":false,"robots_nofollow":false,"robots_noimageindex":false,"robots_noodp":false,"robots_notranslate":false,"robots_max_snippet":"-1","robots_max_videopreview":"-1","robots_max_imagepreview":"large","priority":null,"frequency":"default","local_seo":null,"limit_modified_date":false,"ai":{"faqs":[],"keyPoints":[],"schemas":[],"titles":[],"descriptions":[],"socialPosts":{"email":{"subject":"","preview":"","content":""},"linkedin":[],"twitter":[],"facebook":[],"instagram":[]}},"breadcrumb_settings":null,"seo_analyzer_scan_date":null,"created":"2026-08-31 16:08:45","updated":"2026-08-31 17:02:03"},"aioseo_breadcrumb":"<div class=\"aioseo-breadcrumbs\"><span class=\"aioseo-breadcrumb\">\n\t\t\t<a href=\"https:\/\/www.enfasis.mx\" title=\"Home\">Home<\/a>\n\t\t<\/span><span class=\"aioseo-breadcrumb-separator\">&raquo;<\/span><span class=\"aioseo-breadcrumb\">\n\t\t\t<a href=\"https:\/\/www.enfasis.mx\/?cat=4\" title=\"Pol\u00edtica\">Pol\u00edtica<\/a>\n\t\t<\/span><span class=\"aioseo-breadcrumb-separator\">&raquo;<\/span><span class=\"aioseo-breadcrumb\">\n\t\t\tEl Blindaje Legislativo de AMLO: Blindar a la Presidenta y el Juego de Sombras del Poder Real.\n\t\t<\/span><\/div>","aioseo_breadcrumb_json":[{"label":"Home","link":"https:\/\/www.enfasis.mx"},{"label":"Pol\u00edtica","link":"https:\/\/www.enfasis.mx\/?cat=4"},{"label":"El Blindaje Legislativo de AMLO: Blindar a la Presidenta y el Juego de Sombras del Poder Real.","link":"https:\/\/www.enfasis.mx\/?p=245"}],"wpmagazine_modules_lite_featured_media_urls":{"thumbnail":["https:\/\/www.enfasis.mx\/wp-content\/uploads\/2026\/08\/Carlos-Silva-3-150x150.png",150,150,true],"cvmm-medium":["https:\/\/www.enfasis.mx\/wp-content\/uploads\/2026\/08\/Carlos-Silva-3-300x300.png",300,300,true],"cvmm-medium-plus":["https:\/\/www.enfasis.mx\/wp-content\/uploads\/2026\/08\/Carlos-Silva-3-305x207.png",305,207,true],"cvmm-portrait":["https:\/\/www.enfasis.mx\/wp-content\/uploads\/2026\/08\/Carlos-Silva-3-400x366.png",400,366,true],"cvmm-medium-square":["https:\/\/www.enfasis.mx\/wp-content\/uploads\/2026\/08\/Carlos-Silva-3.png",600,366,false],"cvmm-large":["https:\/\/www.enfasis.mx\/wp-content\/uploads\/2026\/08\/Carlos-Silva-3.png",600,366,false],"cvmm-small":["https:\/\/www.enfasis.mx\/wp-content\/uploads\/2026\/08\/Carlos-Silva-3-130x95.png",130,95,true],"full":["https:\/\/www.enfasis.mx\/wp-content\/uploads\/2026\/08\/Carlos-Silva-3.png",600,366,false]},"categories_names":{"4":{"name":"Pol\u00edtica","link":"https:\/\/www.enfasis.mx\/?cat=4"}},"tags_names":[],"comments_number":"0","jetpack_sharing_enabled":true,"jetpack_featured_media_url":"https:\/\/www.enfasis.mx\/wp-content\/uploads\/2026\/08\/Carlos-Silva-3.png","_links":{"self":[{"href":"https:\/\/www.enfasis.mx\/index.php?rest_route=\/wp\/v2\/posts\/245","targetHints":{"allow":["GET"]}}],"collection":[{"href":"https:\/\/www.enfasis.mx\/index.php?rest_route=\/wp\/v2\/posts"}],"about":[{"href":"https:\/\/www.enfasis.mx\/index.php?rest_route=\/wp\/v2\/types\/post"}],"author":[{"embeddable":true,"href":"https:\/\/www.enfasis.mx\/index.php?rest_route=\/wp\/v2\/users\/12"}],"replies":[{"embeddable":true,"href":"https:\/\/www.enfasis.mx\/index.php?rest_route=%2Fwp%2Fv2%2Fcomments&post=245"}],"version-history":[{"count":1,"href":"https:\/\/www.enfasis.mx\/index.php?rest_route=\/wp\/v2\/posts\/245\/revisions"}],"predecessor-version":[{"id":247,"href":"https:\/\/www.enfasis.mx\/index.php?rest_route=\/wp\/v2\/posts\/245\/revisions\/247"}],"wp:featuredmedia":[{"embeddable":true,"href":"https:\/\/www.enfasis.mx\/index.php?rest_route=\/wp\/v2\/media\/246"}],"wp:attachment":[{"href":"https:\/\/www.enfasis.mx\/index.php?rest_route=%2Fwp%2Fv2%2Fmedia&parent=245"}],"wp:term":[{"taxonomy":"category","embeddable":true,"href":"https:\/\/www.enfasis.mx\/index.php?rest_route=%2Fwp%2Fv2%2Fcategories&post=245"},{"taxonomy":"post_tag","embeddable":true,"href":"https:\/\/www.enfasis.mx\/index.php?rest_route=%2Fwp%2Fv2%2Ftags&post=245"}],"curies":[{"name":"wp","href":"https:\/\/api.w.org\/{rel}","templated":true}]}}