{"id":252,"date":"2026-08-31T15:46:35","date_gmt":"2026-08-31T22:46:35","guid":{"rendered":"https:\/\/www.enfasis.mx\/?p=252"},"modified":"2026-09-02T10:41:16","modified_gmt":"2026-09-02T17:41:16","slug":"enfasis-el-podcast-francisco-ortiz-entrevista-a-julian-lebaron","status":"publish","type":"post","link":"https:\/\/www.enfasis.mx\/?p=252","title":{"rendered":"Enfasis el podcast: Francisco Ortiz entrevista a Juli\u00e1n Lebar\u00f3n"},"content":{"rendered":"\t\t<div data-elementor-type=\"wp-post\" data-elementor-id=\"252\" class=\"elementor elementor-252\">\n\t\t\t\t<div class=\"elementor-element elementor-element-44fb07f e-con e-atomic-element e-flexbox-base e-44fb07f-f60c69b \" data-id=\"44fb07f\" data-element_type=\"e-flexbox\" data-e-type=\"e-flexbox\" data-interaction-id=\"44fb07f\">\n    \t\t\t<div data-id=\"653eb33\" data-interaction-id=\"653eb33\" data-e-type=\"e-youtube\"  class=\"e-653eb33-23c9ff4 e-youtube-base\"  data-settings=\"&#x7B;&quot;source&quot;&#x3A;&quot;https&#x3A;&#x5C;&#x2F;&#x5C;&#x2F;youtu.be&#x5C;&#x2F;OG7Q3giLAVY&quot;,&quot;autoplay&quot;&#x3A;true,&quot;mute&quot;&#x3A;false,&quot;controls&quot;&#x3A;true,&quot;cc_load_policy&quot;&#x3A;false,&quot;loop&quot;&#x3A;false,&quot;rel&quot;&#x3A;false,&quot;start&quot;&#x3A;null,&quot;end&quot;&#x3A;null,&quot;privacy&quot;&#x3A;false,&quot;lazyload&quot;&#x3A;false&#x7D;\"><\/div>\n\t\t\n<\/div>\n<div class=\"elementor-element elementor-element-c531d82 e-con e-atomic-element e-flexbox-base \" data-id=\"c531d82\" data-element_type=\"e-flexbox\" data-e-type=\"e-flexbox\" data-interaction-id=\"c531d82\">\n    \t\t\t<p class=\"e-paragraph-base\" data-interaction-id=\"6f5fb6f\">.<\/p>\n\t\t\n<\/div>\n\t\t<\/div>\n\t\t","protected":false},"excerpt":{"rendered":"<p>Una interesante entrevista con el periodista Francisco Ortiz Bello.<\/p>\n","protected":false},"author":13,"featured_media":267,"comment_status":"closed","ping_status":"open","sticky":false,"template":"","format":"standard","meta":{"_jetpack_newsletter_access":"","_jetpack_dont_email_post_to_subs":false,"_jetpack_newsletter_tier_id":0,"_jetpack_memberships_contains_paywalled_content":false,"_jetpack_feature_clip_id":0,"_jetpack_memberships_contains_paid_content":false,"footnotes":"","jetpack_post_was_ever_published":false},"categories":[4],"tags":[],"class_list":["post-252","post","type-post","status-publish","format-standard","has-post-thumbnail","hentry","category-analisis-politico"],"aioseo_notices":[],"aioseo_head":"\n\t\t<!-- All in One SEO 4.9.10 - aioseo.com -->\n\t<meta name=\"description\" content=\"Una interesante entrevista con el periodista Francisco Ortiz Bello.\" \/>\n\t<meta name=\"robots\" content=\"max-image-preview:large\" \/>\n\t<meta name=\"author\" content=\"Redaccion\"\/>\n\t<meta name=\"google-site-verification\" content=\"jlwkLGgnMBpX8ktutl9e1D8Kvl7Rh7xmXQIHtOLk65U\" \/>\n\t<link rel=\"canonical\" href=\"https:\/\/www.enfasis.mx\/?p=252\" \/>\n\t<meta name=\"generator\" content=\"All in One SEO (AIOSEO) 4.9.10\" \/>\n\t\t<meta property=\"og:locale\" content=\"en_US\" \/>\n\t\t<meta property=\"og:site_name\" content=\"\u00c9nfasis - El acento en la econom\u00eda y la pol\u00edtica\" \/>\n\t\t<meta property=\"og:type\" content=\"article\" \/>\n\t\t<meta property=\"og:title\" content=\"Enfasis el podcast: Francisco Ortiz entrevista a Juli\u00e1n Lebar\u00f3n - \u00c9nfasis\" \/>\n\t\t<meta property=\"og:description\" content=\"Una interesante entrevista con el periodista Francisco Ortiz Bello.\" \/>\n\t\t<meta property=\"og:url\" content=\"https:\/\/www.enfasis.mx\/?p=252\" \/>\n\t\t<meta property=\"og:image\" content=\"https:\/\/www.enfasis.mx\/wp-content\/uploads\/2026\/08\/Screenshot-2026-08-31-at-5.38.13-p.m-scaled.png\" \/>\n\t\t<meta property=\"og:image:secure_url\" content=\"https:\/\/www.enfasis.mx\/wp-content\/uploads\/2026\/08\/Screenshot-2026-08-31-at-5.38.13-p.m-scaled.png\" \/>\n\t\t<meta property=\"og:image:width\" content=\"2560\" \/>\n\t\t<meta property=\"og:image:height\" content=\"1501\" \/>\n\t\t<meta property=\"article:published_time\" content=\"2026-08-31T22:46:35+00:00\" \/>\n\t\t<meta property=\"article:modified_time\" content=\"2026-09-02T17:41:16+00:00\" \/>\n\t\t<meta name=\"twitter:card\" content=\"summary_large_image\" \/>\n\t\t<meta name=\"twitter:title\" content=\"Enfasis el podcast: Francisco Ortiz entrevista a Juli\u00e1n Lebar\u00f3n - \u00c9nfasis\" \/>\n\t\t<meta name=\"twitter:description\" content=\"Una interesante entrevista con el periodista Francisco Ortiz Bello.\" \/>\n\t\t<meta name=\"twitter:image\" content=\"http:\/\/www.enfasis.mx\/wp-content\/uploads\/2026\/07\/Enfasis-Logo-1.png\" \/>\n\t\t<script type=\"application\/ld+json\" class=\"aioseo-schema\">\n\t\t\t{\"@context\":\"https:\\\/\\\/schema.org\",\"@graph\":[{\"@type\":\"BlogPosting\",\"@id\":\"https:\\\/\\\/www.enfasis.mx\\\/?p=252#blogposting\",\"name\":\"Enfasis el podcast: Francisco Ortiz entrevista a Juli\\u00e1n Lebar\\u00f3n - \\u00c9nfasis\",\"headline\":\"Enfasis el podcast: Francisco Ortiz entrevista a Juli\\u00e1n Lebar\\u00f3n\",\"author\":{\"@id\":\"https:\\\/\\\/www.enfasis.mx\\\/?author=13#author\"},\"publisher\":{\"@id\":\"https:\\\/\\\/www.enfasis.mx\\\/#organization\"},\"image\":{\"@type\":\"ImageObject\",\"url\":\"https:\\\/\\\/www.enfasis.mx\\\/wp-content\\\/uploads\\\/2026\\\/08\\\/Screenshot-2026-08-31-at-5.38.13-p.m-scaled.png\",\"width\":2560,\"height\":1501},\"datePublished\":\"2026-08-31T15:46:35-07:00\",\"dateModified\":\"2026-09-02T10:41:16-07:00\",\"inLanguage\":\"en-US\",\"mainEntityOfPage\":{\"@id\":\"https:\\\/\\\/www.enfasis.mx\\\/?p=252#webpage\"},\"isPartOf\":{\"@id\":\"https:\\\/\\\/www.enfasis.mx\\\/?p=252#webpage\"},\"articleSection\":\"Pol\\u00edtica\"},{\"@type\":\"BreadcrumbList\",\"@id\":\"https:\\\/\\\/www.enfasis.mx\\\/?p=252#breadcrumblist\",\"itemListElement\":[{\"@type\":\"ListItem\",\"@id\":\"https:\\\/\\\/www.enfasis.mx#listItem\",\"position\":1,\"name\":\"Home\",\"item\":\"https:\\\/\\\/www.enfasis.mx\",\"nextItem\":{\"@type\":\"ListItem\",\"@id\":\"https:\\\/\\\/www.enfasis.mx\\\/?cat=4#listItem\",\"name\":\"Pol\\u00edtica\"}},{\"@type\":\"ListItem\",\"@id\":\"https:\\\/\\\/www.enfasis.mx\\\/?cat=4#listItem\",\"position\":2,\"name\":\"Pol\\u00edtica\",\"item\":\"https:\\\/\\\/www.enfasis.mx\\\/?cat=4\",\"nextItem\":{\"@type\":\"ListItem\",\"@id\":\"https:\\\/\\\/www.enfasis.mx\\\/?p=252#listItem\",\"name\":\"Enfasis el podcast: Francisco Ortiz entrevista a Juli\\u00e1n Lebar\\u00f3n\"},\"previousItem\":{\"@type\":\"ListItem\",\"@id\":\"https:\\\/\\\/www.enfasis.mx#listItem\",\"name\":\"Home\"}},{\"@type\":\"ListItem\",\"@id\":\"https:\\\/\\\/www.enfasis.mx\\\/?p=252#listItem\",\"position\":3,\"name\":\"Enfasis el podcast: Francisco Ortiz entrevista a Juli\\u00e1n Lebar\\u00f3n\",\"previousItem\":{\"@type\":\"ListItem\",\"@id\":\"https:\\\/\\\/www.enfasis.mx\\\/?cat=4#listItem\",\"name\":\"Pol\\u00edtica\"}}]},{\"@type\":\"Organization\",\"@id\":\"https:\\\/\\\/www.enfasis.mx\\\/#organization\",\"name\":\"\\u00c9nfasis Ser Empresario\",\"description\":\"El acento en la econom\\u00eda y la pol\\u00edtica Grupo Editorial Fundado en 1998, su marca insignia es REVISTA SER EMPRESARIO la revista empresarial mas importante del Estado\",\"url\":\"https:\\\/\\\/www.enfasis.mx\\\/\",\"logo\":{\"@type\":\"ImageObject\",\"url\":\"http:\\\/\\\/www.enfasis.mx\\\/wp-content\\\/uploads\\\/2026\\\/07\\\/Enfasis-Logo-1.png\",\"@id\":\"https:\\\/\\\/www.enfasis.mx\\\/?p=252\\\/#organizationLogo\"},\"image\":{\"@id\":\"https:\\\/\\\/www.enfasis.mx\\\/?p=252\\\/#organizationLogo\"}},{\"@type\":\"Person\",\"@id\":\"https:\\\/\\\/www.enfasis.mx\\\/?author=13#author\",\"url\":\"https:\\\/\\\/www.enfasis.mx\\\/?author=13\",\"name\":\"Redaccion\"},{\"@type\":\"WebPage\",\"@id\":\"https:\\\/\\\/www.enfasis.mx\\\/?p=252#webpage\",\"url\":\"https:\\\/\\\/www.enfasis.mx\\\/?p=252\",\"name\":\"Enfasis el podcast: Francisco Ortiz entrevista a Juli\\u00e1n Lebar\\u00f3n - \\u00c9nfasis\",\"description\":\"Una interesante entrevista con el periodista Francisco Ortiz Bello.\",\"inLanguage\":\"en-US\",\"isPartOf\":{\"@id\":\"https:\\\/\\\/www.enfasis.mx\\\/#website\"},\"breadcrumb\":{\"@id\":\"https:\\\/\\\/www.enfasis.mx\\\/?p=252#breadcrumblist\"},\"author\":{\"@id\":\"https:\\\/\\\/www.enfasis.mx\\\/?author=13#author\"},\"creator\":{\"@id\":\"https:\\\/\\\/www.enfasis.mx\\\/?author=13#author\"},\"image\":{\"@type\":\"ImageObject\",\"url\":\"https:\\\/\\\/www.enfasis.mx\\\/wp-content\\\/uploads\\\/2026\\\/08\\\/Screenshot-2026-08-31-at-5.38.13-p.m-scaled.png\",\"@id\":\"https:\\\/\\\/www.enfasis.mx\\\/?p=252\\\/#mainImage\",\"width\":2560,\"height\":1501},\"primaryImageOfPage\":{\"@id\":\"https:\\\/\\\/www.enfasis.mx\\\/?p=252#mainImage\"},\"datePublished\":\"2026-08-31T15:46:35-07:00\",\"dateModified\":\"2026-09-02T10:41:16-07:00\"},{\"@type\":\"WebSite\",\"@id\":\"https:\\\/\\\/www.enfasis.mx\\\/#website\",\"url\":\"https:\\\/\\\/www.enfasis.mx\\\/\",\"name\":\"\\u00c9nfasis\",\"description\":\"El acento en la econom\\u00eda y la pol\\u00edtica\",\"inLanguage\":\"en-US\",\"publisher\":{\"@id\":\"https:\\\/\\\/www.enfasis.mx\\\/#organization\"}}]}\n\t\t<\/script>\n\t\t<!-- All in One SEO -->\n\n","aioseo_head_json":{"title":"Enfasis el podcast: Francisco Ortiz entrevista a Juli\u00e1n Lebar\u00f3n - \u00c9nfasis","description":"Una interesante entrevista con el periodista Francisco Ortiz Bello.","canonical_url":"https:\/\/www.enfasis.mx\/?p=252","robots":"max-image-preview:large","keywords":"","webmasterTools":{"google-site-verification":"jlwkLGgnMBpX8ktutl9e1D8Kvl7Rh7xmXQIHtOLk65U","miscellaneous":""},"schema":{"@context":"https:\/\/schema.org","@graph":[{"@type":"BlogPosting","@id":"https:\/\/www.enfasis.mx\/?p=252#blogposting","name":"Enfasis el podcast: Francisco Ortiz entrevista a Juli\u00e1n Lebar\u00f3n - \u00c9nfasis","headline":"Enfasis el podcast: Francisco Ortiz entrevista a Juli\u00e1n Lebar\u00f3n","author":{"@id":"https:\/\/www.enfasis.mx\/?author=13#author"},"publisher":{"@id":"https:\/\/www.enfasis.mx\/#organization"},"image":{"@type":"ImageObject","url":"https:\/\/www.enfasis.mx\/wp-content\/uploads\/2026\/08\/Screenshot-2026-08-31-at-5.38.13-p.m-scaled.png","width":2560,"height":1501},"datePublished":"2026-08-31T15:46:35-07:00","dateModified":"2026-09-02T10:41:16-07:00","inLanguage":"en-US","mainEntityOfPage":{"@id":"https:\/\/www.enfasis.mx\/?p=252#webpage"},"isPartOf":{"@id":"https:\/\/www.enfasis.mx\/?p=252#webpage"},"articleSection":"Pol\u00edtica"},{"@type":"BreadcrumbList","@id":"https:\/\/www.enfasis.mx\/?p=252#breadcrumblist","itemListElement":[{"@type":"ListItem","@id":"https:\/\/www.enfasis.mx#listItem","position":1,"name":"Home","item":"https:\/\/www.enfasis.mx","nextItem":{"@type":"ListItem","@id":"https:\/\/www.enfasis.mx\/?cat=4#listItem","name":"Pol\u00edtica"}},{"@type":"ListItem","@id":"https:\/\/www.enfasis.mx\/?cat=4#listItem","position":2,"name":"Pol\u00edtica","item":"https:\/\/www.enfasis.mx\/?cat=4","nextItem":{"@type":"ListItem","@id":"https:\/\/www.enfasis.mx\/?p=252#listItem","name":"Enfasis el podcast: Francisco Ortiz entrevista a Juli\u00e1n Lebar\u00f3n"},"previousItem":{"@type":"ListItem","@id":"https:\/\/www.enfasis.mx#listItem","name":"Home"}},{"@type":"ListItem","@id":"https:\/\/www.enfasis.mx\/?p=252#listItem","position":3,"name":"Enfasis el podcast: Francisco Ortiz entrevista a Juli\u00e1n Lebar\u00f3n","previousItem":{"@type":"ListItem","@id":"https:\/\/www.enfasis.mx\/?cat=4#listItem","name":"Pol\u00edtica"}}]},{"@type":"Organization","@id":"https:\/\/www.enfasis.mx\/#organization","name":"\u00c9nfasis Ser Empresario","description":"El acento en la econom\u00eda y la pol\u00edtica Grupo Editorial Fundado en 1998, su marca insignia es REVISTA SER EMPRESARIO la revista empresarial mas importante del Estado","url":"https:\/\/www.enfasis.mx\/","logo":{"@type":"ImageObject","url":"http:\/\/www.enfasis.mx\/wp-content\/uploads\/2026\/07\/Enfasis-Logo-1.png","@id":"https:\/\/www.enfasis.mx\/?p=252\/#organizationLogo"},"image":{"@id":"https:\/\/www.enfasis.mx\/?p=252\/#organizationLogo"}},{"@type":"Person","@id":"https:\/\/www.enfasis.mx\/?author=13#author","url":"https:\/\/www.enfasis.mx\/?author=13","name":"Redaccion"},{"@type":"WebPage","@id":"https:\/\/www.enfasis.mx\/?p=252#webpage","url":"https:\/\/www.enfasis.mx\/?p=252","name":"Enfasis el podcast: Francisco Ortiz entrevista a Juli\u00e1n Lebar\u00f3n - \u00c9nfasis","description":"Una interesante entrevista con el periodista Francisco Ortiz Bello.","inLanguage":"en-US","isPartOf":{"@id":"https:\/\/www.enfasis.mx\/#website"},"breadcrumb":{"@id":"https:\/\/www.enfasis.mx\/?p=252#breadcrumblist"},"author":{"@id":"https:\/\/www.enfasis.mx\/?author=13#author"},"creator":{"@id":"https:\/\/www.enfasis.mx\/?author=13#author"},"image":{"@type":"ImageObject","url":"https:\/\/www.enfasis.mx\/wp-content\/uploads\/2026\/08\/Screenshot-2026-08-31-at-5.38.13-p.m-scaled.png","@id":"https:\/\/www.enfasis.mx\/?p=252\/#mainImage","width":2560,"height":1501},"primaryImageOfPage":{"@id":"https:\/\/www.enfasis.mx\/?p=252#mainImage"},"datePublished":"2026-08-31T15:46:35-07:00","dateModified":"2026-09-02T10:41:16-07:00"},{"@type":"WebSite","@id":"https:\/\/www.enfasis.mx\/#website","url":"https:\/\/www.enfasis.mx\/","name":"\u00c9nfasis","description":"El acento en la econom\u00eda y la pol\u00edtica","inLanguage":"en-US","publisher":{"@id":"https:\/\/www.enfasis.mx\/#organization"}}]},"og:locale":"en_US","og:site_name":"\u00c9nfasis - El acento en la econom\u00eda y la pol\u00edtica","og:type":"article","og:title":"Enfasis el podcast: Francisco Ortiz entrevista a Juli\u00e1n Lebar\u00f3n - \u00c9nfasis","og:description":"Una interesante entrevista con el periodista Francisco Ortiz Bello.","og:url":"https:\/\/www.enfasis.mx\/?p=252","og:image":"https:\/\/www.enfasis.mx\/wp-content\/uploads\/2026\/08\/Screenshot-2026-08-31-at-5.38.13-p.m-scaled.png","og:image:secure_url":"https:\/\/www.enfasis.mx\/wp-content\/uploads\/2026\/08\/Screenshot-2026-08-31-at-5.38.13-p.m-scaled.png","og:image:width":2560,"og:image:height":1501,"article:published_time":"2026-08-31T22:46:35+00:00","article:modified_time":"2026-09-02T17:41:16+00:00","twitter:card":"summary_large_image","twitter:title":"Enfasis el podcast: Francisco Ortiz entrevista a Juli\u00e1n Lebar\u00f3n - \u00c9nfasis","twitter:description":"Una interesante entrevista con el periodista Francisco Ortiz Bello.","twitter:image":"http:\/\/www.enfasis.mx\/wp-content\/uploads\/2026\/07\/Enfasis-Logo-1.png"},"aioseo_meta_data":{"post_id":"252","title":null,"description":null,"keywords":null,"keyphrases":{"focus":{"keyphrase":"","score":0,"analysis":{"keyphraseInTitle":{"score":0,"maxScore":9,"error":1}}},"additional":[]},"primary_term":null,"canonical_url":null,"og_title":null,"og_description":null,"og_object_type":"default","og_image_type":"default","og_image_custom_url":null,"og_image_custom_fields":null,"og_image_url":null,"og_image_width":null,"og_image_height":null,"og_video":"","og_custom_url":null,"og_article_section":null,"og_article_tags":null,"twitter_use_og":false,"twitter_card":"default","twitter_image_type":"default","twitter_image_custom_url":null,"twitter_image_custom_fields":null,"twitter_image_url":null,"twitter_title":null,"twitter_description":null,"schema_type":"default","schema_type_options":null,"schema":{"blockGraphs":[],"customGraphs":[],"default":{"data":{"Article":[],"Course":[],"Dataset":[],"FAQPage":[],"Movie":[],"Person":[],"Product":[],"ProductReview":[],"Car":[],"Recipe":[],"Service":[],"SoftwareApplication":[],"WebPage":[]},"graphName":"BlogPosting","isEnabled":true},"graphs":[]},"pillar_content":false,"robots_default":true,"robots_noindex":false,"robots_noarchive":false,"robots_nosnippet":false,"robots_nofollow":false,"robots_noimageindex":false,"robots_noodp":false,"robots_notranslate":false,"robots_max_snippet":"-1","robots_max_videopreview":"-1","robots_max_imagepreview":"large","priority":null,"frequency":"default","local_seo":null,"limit_modified_date":false,"ai":{"faqs":[],"keyPoints":[],"schemas":[],"titles":[],"descriptions":[],"socialPosts":{"email":{"subject":"","preview":"","content":""},"linkedin":[],"twitter":[],"facebook":[],"instagram":[]}},"breadcrumb_settings":null,"seo_analyzer_scan_date":null,"created":"2026-08-31 22:36:22","updated":"2026-09-02 18:44:11"},"aioseo_breadcrumb":"<div class=\"aioseo-breadcrumbs\"><span class=\"aioseo-breadcrumb\">\n\t\t\t<a href=\"https:\/\/www.enfasis.mx\" title=\"Home\">Home<\/a>\n\t\t<\/span><span class=\"aioseo-breadcrumb-separator\">&raquo;<\/span><span class=\"aioseo-breadcrumb\">\n\t\t\t<a href=\"https:\/\/www.enfasis.mx\/?cat=4\" title=\"Pol\u00edtica\">Pol\u00edtica<\/a>\n\t\t<\/span><span class=\"aioseo-breadcrumb-separator\">&raquo;<\/span><span class=\"aioseo-breadcrumb\">\n\t\t\tEnfasis el podcast: Francisco Ortiz entrevista a Juli\u00e1n Lebar\u00f3n\n\t\t<\/span><\/div>","aioseo_breadcrumb_json":[{"label":"Home","link":"https:\/\/www.enfasis.mx"},{"label":"Pol\u00edtica","link":"https:\/\/www.enfasis.mx\/?cat=4"},{"label":"Enfasis el podcast: Francisco Ortiz entrevista a Juli\u00e1n Lebar\u00f3n","link":"https:\/\/www.enfasis.mx\/?p=252"}],"wpmagazine_modules_lite_featured_media_urls":{"thumbnail":["https:\/\/www.enfasis.mx\/wp-content\/uploads\/2026\/08\/Screenshot-2026-08-31-at-5.38.13-p.m-150x150.png",150,150,true],"cvmm-medium":["https:\/\/www.enfasis.mx\/wp-content\/uploads\/2026\/08\/Screenshot-2026-08-31-at-5.38.13-p.m-300x300.png",300,300,true],"cvmm-medium-plus":["https:\/\/www.enfasis.mx\/wp-content\/uploads\/2026\/08\/Screenshot-2026-08-31-at-5.38.13-p.m-305x207.png",305,207,true],"cvmm-portrait":["https:\/\/www.enfasis.mx\/wp-content\/uploads\/2026\/08\/Screenshot-2026-08-31-at-5.38.13-p.m-400x600.png",400,600,true],"cvmm-medium-square":["https:\/\/www.enfasis.mx\/wp-content\/uploads\/2026\/08\/Screenshot-2026-08-31-at-5.38.13-p.m-600x600.png",600,600,true],"cvmm-large":["https:\/\/www.enfasis.mx\/wp-content\/uploads\/2026\/08\/Screenshot-2026-08-31-at-5.38.13-p.m-1024x1024.png",1024,1024,true],"cvmm-small":["https:\/\/www.enfasis.mx\/wp-content\/uploads\/2026\/08\/Screenshot-2026-08-31-at-5.38.13-p.m-130x95.png",130,95,true],"full":["https:\/\/www.enfasis.mx\/wp-content\/uploads\/2026\/08\/Screenshot-2026-08-31-at-5.38.13-p.m-scaled.png",2560,1501,false]},"categories_names":{"4":{"name":"Pol\u00edtica","link":"https:\/\/www.enfasis.mx\/?cat=4"}},"tags_names":[],"comments_number":"0","jetpack_sharing_enabled":true,"jetpack_featured_media_url":"https:\/\/www.enfasis.mx\/wp-content\/uploads\/2026\/08\/Screenshot-2026-08-31-at-5.38.13-p.m-scaled.png","_links":{"self":[{"href":"https:\/\/www.enfasis.mx\/index.php?rest_route=\/wp\/v2\/posts\/252","targetHints":{"allow":["GET"]}}],"collection":[{"href":"https:\/\/www.enfasis.mx\/index.php?rest_route=\/wp\/v2\/posts"}],"about":[{"href":"https:\/\/www.enfasis.mx\/index.php?rest_route=\/wp\/v2\/types\/post"}],"author":[{"embeddable":true,"href":"https:\/\/www.enfasis.mx\/index.php?rest_route=\/wp\/v2\/users\/13"}],"replies":[{"embeddable":true,"href":"https:\/\/www.enfasis.mx\/index.php?rest_route=%2Fwp%2Fv2%2Fcomments&post=252"}],"version-history":[{"count":36,"href":"https:\/\/www.enfasis.mx\/index.php?rest_route=\/wp\/v2\/posts\/252\/revisions"}],"predecessor-version":[{"id":305,"href":"https:\/\/www.enfasis.mx\/index.php?rest_route=\/wp\/v2\/posts\/252\/revisions\/305"}],"wp:featuredmedia":[{"embeddable":true,"href":"https:\/\/www.enfasis.mx\/index.php?rest_route=\/wp\/v2\/media\/267"}],"wp:attachment":[{"href":"https:\/\/www.enfasis.mx\/index.php?rest_route=%2Fwp%2Fv2%2Fmedia&parent=252"}],"wp:term":[{"taxonomy":"category","embeddable":true,"href":"https:\/\/www.enfasis.mx\/index.php?rest_route=%2Fwp%2Fv2%2Fcategories&post=252"},{"taxonomy":"post_tag","embeddable":true,"href":"https:\/\/www.enfasis.mx\/index.php?rest_route=%2Fwp%2Fv2%2Ftags&post=252"}],"curies":[{"name":"wp","href":"https:\/\/api.w.org\/{rel}","templated":true}]}}