{"id":276,"date":"2026-09-02T09:08:57","date_gmt":"2026-09-02T16:08:57","guid":{"rendered":"https:\/\/www.enfasis.mx\/?p=276"},"modified":"2026-09-02T09:18:39","modified_gmt":"2026-09-02T16:18:39","slug":"la-politica-tambien-tiene-memoria","status":"publish","type":"post","link":"https:\/\/www.enfasis.mx\/?p=276","title":{"rendered":"La pol\u00edtica tambi\u00e9n tiene memoria"},"content":{"rendered":"\n<p class=\"wp-block-paragraph\"><strong>Mario \u00c1lvarez | El Profe Inc\u00f3modo<\/strong><\/p>\n\n\n\n<p class=\"wp-block-paragraph\">Hay preguntas que no necesitan levantar la voz para resultar inc\u00f3modas. Una de ellas, frente al procedimiento de revocaci\u00f3n de mandato de Cruz P\u00e9rez Cu\u00e9llar, es bastante sencilla: \u00bfpor qu\u00e9 ahora?<\/p>\n\n\n\n<p class=\"wp-block-paragraph\">El Instituto Estatal Electoral de Chihuahua aprob\u00f3 el inicio del procedimiento registrado bajo el expediente IEE-IPP-001\/2026. A partir del 1 de septiembre y hasta el 29 de noviembre deber\u00e1n reunirse 63,123 apoyos ciudadanos v\u00e1lidos, equivalentes al cinco por ciento de la Lista Nominal de Ciudad Ju\u00e1rez. Conviene precisar algo que en la discusi\u00f3n p\u00fablica puede perderse: firmar para respaldar el inicio del procedimiento todav\u00eda no significa votar por la salida del alcalde. Es solamente el requisito para que pueda continuar el proceso (Instituto Estatal Electoral de Chihuahua [IEE Chihuahua], 2026).<\/p>\n\n\n\n<p class=\"wp-block-paragraph\">La ley contempla la revocaci\u00f3n. Por supuesto que debe respetarse. Pero una cosa es reconocer un derecho ciudadano y otra dar por hecho que la ciudadan\u00eda ya cambi\u00f3 de opini\u00f3n.<\/p>\n\n\n\n<p class=\"wp-block-paragraph\">Eso todav\u00eda est\u00e1 por verse.<\/p>\n\n\n\n<p class=\"wp-block-paragraph\">Cruz P\u00e9rez Cu\u00e9llar solicit\u00f3 licencia el 17 de junio para separarse de la Presidencia Municipal y participar en el proceso pol\u00edtico rumbo a 2027. La licencia fue aprobada por el Cabildo y, desde entonces, H\u00e9ctor Ortiz Orpinel asumi\u00f3 las funciones correspondientes (Gobierno Municipal de Ju\u00e1rez, 2026). La decisi\u00f3n coloc\u00f3 a P\u00e9rez Cu\u00e9llar en una conversaci\u00f3n pol\u00edtica que dej\u00f3 de ser exclusivamente municipal.<\/p>\n\n\n\n<p class=\"wp-block-paragraph\">Es natural que eso produzca simpat\u00edas y resistencias. La pol\u00edtica funciona as\u00ed.<\/p>\n\n\n\n<p class=\"wp-block-paragraph\">Lo que no me parece responsable es convertir una coincidencia en una conclusi\u00f3n. No tengo elementos para afirmar que la revocaci\u00f3n sea consecuencia de la licencia y no voy a escribirlo como si fuera un hecho. Pero tampoco creo que debamos fingir que el momento pol\u00edtico no existe.<\/p>\n\n\n\n<p class=\"wp-block-paragraph\">Para entender lo que ocurre hoy hay que regresar, aunque sea por un momento, a 2024.<\/p>\n\n\n\n<p class=\"wp-block-paragraph\">Ciudad Ju\u00e1rez ya tuvo la oportunidad de evaluar a Cruz P\u00e9rez Cu\u00e9llar. No era un candidato desconocido. Hab\u00eda gobernado durante tres a\u00f1os. Los ciudadanos conoc\u00edan su trabajo, sus aciertos y sus pendientes. Ten\u00edan la posibilidad de cambiar.<\/p>\n\n\n\n<p class=\"wp-block-paragraph\">Y eligieron continuar.<\/p>\n\n\n\n<p class=\"wp-block-paragraph\">El c\u00f3mputo oficial del IEE Chihuahua registra 354,422 votos para P\u00e9rez Cu\u00e9llar, equivalentes al 59.5206 % de la votaci\u00f3n municipal (IEE Chihuahua, 2024). Ese resultado le dio un segundo periodo de tres a\u00f1os, de 2024 a 2027.<\/p>\n\n\n\n<p class=\"wp-block-paragraph\">Una elecci\u00f3n no vuelve intocable a un gobernante. Tampoco convierte los errores en aciertos. Pero s\u00ed produce algo que en pol\u00edtica deber\u00eda tener un valor elemental: un mandato.<\/p>\n\n\n\n<p class=\"wp-block-paragraph\">Y ese mandato existe.<\/p>\n\n\n\n<p class=\"wp-block-paragraph\">Ju\u00e1rez, por supuesto, sigue teniendo problemas. Ser\u00eda absurdo negarlo. Hay asuntos de seguridad, infraestructura, movilidad y servicios p\u00fablicos que no desaparecen porque una administraci\u00f3n pueda mostrar cifras favorables. Gobernar una ciudad como \u00e9sta implica responder todos los d\u00edas por lo que funciona y por lo que no.<\/p>\n\n\n\n<p class=\"wp-block-paragraph\">Pero una evaluaci\u00f3n seria tampoco puede comenzar con la conclusi\u00f3n y despu\u00e9s buscar \u00fanicamente los datos que la confirmen.<\/p>\n\n\n\n<p class=\"wp-block-paragraph\">Durante el primer periodo, el propio Gobierno Municipal report\u00f3 m\u00e1s de 4 mil millones de pesos destinados a obra p\u00fablica entre 2021 y 2024. Inform\u00f3, entre otros resultados, la intervenci\u00f3n de 269 calles, la construcci\u00f3n y rehabilitaci\u00f3n de 100 parques e instalaciones deportivas y 107 domos en planteles educativos (Gobierno Municipal de Ju\u00e1rez, 2024). Son cifras oficiales de la administraci\u00f3n y, por lo mismo, deben ser contrastadas y fiscalizadas. Pero forman parte del expediente.<\/p>\n\n\n\n<p class=\"wp-block-paragraph\">Tambi\u00e9n forma parte del expediente la participaci\u00f3n ciudadana. Para 2026, el Ayuntamiento inform\u00f3 194 proyectos ganadores del Presupuesto Participativo, con una bolsa de 561 millones de pesos, despu\u00e9s de registrar una participaci\u00f3n cercana a 180 mil personas en el ejercicio de 2025 (Gobierno Municipal de Ju\u00e1rez, 2026). Se puede cuestionar la distribuci\u00f3n, la calidad de las obras o la manera de ejecutar los recursos. Lo que no parece razonable es actuar como si esos datos no existieran.<\/p>\n\n\n\n<p class=\"wp-block-paragraph\">Tal vez \u00e9se sea uno de los problemas de nuestra conversaci\u00f3n p\u00fablica: hemos aprendido a escoger entre blanco y negro incluso cuando la realidad insiste en presentarse en distintos tonos.<\/p>\n\n\n\n<p class=\"wp-block-paragraph\">Un gobierno puede tener pendientes y resultados. Puede ser cuestionado y conservar legitimidad. Puede cometer errores y, al mismo tiempo, haber realizado obras que antes no exist\u00edan.<\/p>\n\n\n\n<p class=\"wp-block-paragraph\">Las dos cosas pueden ser ciertas.<\/p>\n\n\n\n<p class=\"wp-block-paragraph\">Por eso mi posici\u00f3n es clara: estoy en contra de la revocaci\u00f3n de mandato de Cruz P\u00e9rez Cu\u00e9llar y considero que debe concluir el periodo para el que fue elegido.<\/p>\n\n\n\n<p class=\"wp-block-paragraph\">No lo digo porque crea que deba gobernar sin cr\u00edtica. Todo lo contrario. El poder p\u00fablico necesita preguntas, vigilancia y ciudadanos capaces de decir que algo est\u00e1 mal. Tampoco sostengo que una elecci\u00f3n sea una carta blanca para el resto de la vida.<\/p>\n\n\n\n<p class=\"wp-block-paragraph\">Lo sostengo por una raz\u00f3n m\u00e1s sencilla: en 2024 Ciudad Ju\u00e1rez tuvo la posibilidad de cambiar y decidi\u00f3 no hacerlo.<\/p>\n\n\n\n<p class=\"wp-block-paragraph\">Ahora se pretende abrir nuevamente esa discusi\u00f3n.<\/p>\n\n\n\n<p class=\"wp-block-paragraph\">Est\u00e1 bien. La ley lo permite.<\/p>\n\n\n\n<p class=\"wp-block-paragraph\">Pero habr\u00e1 que tener paciencia con la democracia. Primero tendr\u00e1n que reunirse los apoyos necesarios. Despu\u00e9s, si se cumplen las condiciones legales, vendr\u00e1 una consulta. Y solamente entonces los ciudadanos volver\u00e1n a tener en sus manos una decisi\u00f3n sobre la continuidad del mandato. El propio IEE establece que para que una revocaci\u00f3n sea obligatoria se requiere que voten a favor al menos 378,736 personas inscritas en la Lista Nominal de Ju\u00e1rez (IEE Chihuahua, 2026).<\/p>\n\n\n\n<p class=\"wp-block-paragraph\">Eso est\u00e1 todav\u00eda lejos de ocurrir.<\/p>\n\n\n\n<p class=\"wp-block-paragraph\">Mientras tanto, prefiero mirar los hechos antes que las consignas.<\/p>\n\n\n\n<p class=\"wp-block-paragraph\">No me interesa decir que Cruz hizo todo bien. No lo hizo.<\/p>\n\n\n\n<p class=\"wp-block-paragraph\">Tampoco me interesa decir que todo est\u00e1 mal. Los datos no permiten sostenerlo.<\/p>\n\n\n\n<p class=\"wp-block-paragraph\">Me interesa algo m\u00e1s sencillo: que la discusi\u00f3n sea justa.<\/p>\n\n\n\n<p class=\"wp-block-paragraph\">Quiz\u00e1 porque uno aprende que antes de emitir una calificaci\u00f3n hay que conocer el trabajo completo. No basta con revisar el error; tampoco con presumir el acierto. Hay que mirar el proceso, comparar resultados y reconocer lo que todav\u00eda falta.<\/p>\n\n\n\n<p class=\"wp-block-paragraph\">As\u00ed deber\u00eda evaluarse tambi\u00e9n a un gobierno.<\/p>\n\n\n\n<p class=\"wp-block-paragraph\">Cruz P\u00e9rez Cu\u00e9llar tiene derecho a participar en la vida pol\u00edtica de Chihuahua. Sus adversarios tienen derecho a cuestionarlo. Quienes no estamos de acuerdo con la revocaci\u00f3n tenemos derecho a decirlo.<\/p>\n\n\n\n<p class=\"wp-block-paragraph\">Y los ciudadanos tendr\u00e1n la \u00faltima palabra.<\/p>\n\n\n\n<p class=\"wp-block-paragraph\">Pero no hoy.<\/p>\n\n\n\n<p class=\"wp-block-paragraph\">Hoy hay un procedimiento.<\/p>\n\n\n\n<p class=\"wp-block-paragraph\">Hay una recolecci\u00f3n de apoyos que comenzar\u00e1 en septiembre.<\/p>\n\n\n\n<p class=\"wp-block-paragraph\">Hay una ciudad que tiene problemas, pero tambi\u00e9n tiene resultados que deben ser considerados.<\/p>\n\n\n\n<p class=\"wp-block-paragraph\">Y hay un voto de 2024 que algunos parecen tener demasiada prisa por olvidar.<\/p>\n\n\n\n<p class=\"wp-block-paragraph\">Yo no.<\/p>\n\n\n\n<p class=\"wp-block-paragraph\">Porque la pol\u00edtica puede cambiar de rumbo.<\/p>\n\n\n\n<p class=\"wp-block-paragraph\">Los intereses pueden cambiar.<\/p>\n\n\n\n<p class=\"wp-block-paragraph\">Las alianzas tambi\u00e9n.<\/p>\n\n\n\n<p class=\"wp-block-paragraph\">Pero una elecci\u00f3n deja algo m\u00e1s dif\u00edcil de modificar: la memoria de lo que los ciudadanos decidieron.<\/p>\n\n\n\n<p class=\"wp-block-paragraph\">Ciudad Ju\u00e1rez habl\u00f3 en 2024. <\/p>\n\n\n\n<p class=\"wp-block-paragraph\">Si alg\u00fan d\u00eda quiere decir otra cosa, tendr\u00e1 nuevamente la oportunidad de hacerlo.<\/p>\n\n\n\n<p class=\"wp-block-paragraph\">Mientras tanto, creo que lo m\u00ednimo que podemos exigirle a la pol\u00edtica es que no hable por adelantado en nombre de quienes todav\u00eda no han vuelto a votar.<\/p>\n\n\n\n<p class=\"wp-block-paragraph\"><strong>Referencias<\/strong><\/p>\n\n\n\n<p class=\"wp-block-paragraph\">Gobierno Municipal de Ju\u00e1rez. (2024, 8 de septiembre).&nbsp;<em>Tiene administraci\u00f3n de P\u00e9rez Cu\u00e9llar r\u00e9cord de inversi\u00f3n en obra p\u00fablica<\/em>. Gobierno Municipal de Ju\u00e1rez. (<a href=\"https:\/\/www.juarez.gob.mx\/noticia\/21178\/tiene-administracin-de-pCrez-cuCllar-rCcord-de-inversin-en-obra-pblica-?utm_source=chatgpt.com\"><u>Ju\u00e1rez Gobierno<\/u><\/a>)<\/p>\n\n\n\n<p class=\"wp-block-paragraph\">Gobierno Municipal de Ju\u00e1rez. (2026, 13 de abril).&nbsp;<em>Dan a conocer los proyectos ganadores del Presupuesto Participativo 2026<\/em>. Gobierno Municipal de Ju\u00e1rez. (<a href=\"https:\/\/juarez.gob.mx\/noticia\/31671\/dan-a-conocer-los-proyectos-ganadores-del-presupuesto-participativo-2026\/?utm_source=chatgpt.com\"><u>Ju\u00e1rez Gobierno<\/u><\/a>)<\/p>\n\n\n\n<p class=\"wp-block-paragraph\">Gobierno Municipal de Ju\u00e1rez. (2026, 17 de junio).&nbsp;<em>Solicita Cruz P\u00e9rez Cu\u00e9llar licencia como alcalde; agradece a quienes hicieron posible la transformaci\u00f3n de Ju\u00e1rez<\/em>. Gobierno Municipal de Ju\u00e1rez. (<a href=\"https:\/\/www.juarez.gob.mx\/noticia\/32970\/solicita-cruz-perez-cuellar-licencia-como-alcalde-agradece-a-quienes-hicieron-posible-la-transformacion-de-juarez?utm_source=chatgpt.com\"><u>Ju\u00e1rez Gobierno<\/u><\/a>)<\/p>\n\n\n\n<p class=\"wp-block-paragraph\">Instituto Estatal Electoral de Chihuahua. (2024).&nbsp;<em>Ayuntamiento de Ju\u00e1rez: Detalle por municipio, votos por candidatura<\/em>. C\u00f3mputos 2024 del IEE Chihuahua. (<a href=\"https:\/\/computo2024.ieechihuahua.org.mx\/Ayuntamiento\/Ayuntamientovc.html?id=37&amp;utm_source=chatgpt.com\"><u>Computo 2024<\/u><\/a>)<\/p>\n\n\n\n<p class=\"wp-block-paragraph\">Instituto Estatal Electoral de Chihuahua. (2026).&nbsp;<em>Revocaci\u00f3n de mandato del Presidente Municipal: Ju\u00e1rez 2026<\/em>. IEE Chihuahua. (<a href=\"https:\/\/judicial.ieechihuahua.org.mx\/revocacion_mandato_juarez_2026?utm_source=chatgpt.com\"><u>Instituto Estatal Electoral<\/u><\/a>)<\/p>\n\n\n\n<p class=\"wp-block-paragraph\">La Jornada. (2026, 17 de junio).&nbsp;<em>Cruz P\u00e9rez Cu\u00e9llar deja alcald\u00eda de Ciudad Ju\u00e1rez y busca candidatura de Morena en Chihuahua<\/em>. La Jornada. (<a href=\"https:\/\/www.jornada.com.mx\/noticia\/2026\/06\/17\/estados\/cruz-perez-cuellar-deja-alcaldia-de-ciudad-juarez-y-busca-candidatura-de-morena-en-chihuahua?utm_source=chatgpt.com\"><u>La Jornada<\/u><\/a>)<\/p>\n","protected":false},"excerpt":{"rendered":"<p>Mario \u00c1lvarez | El Profe Inc\u00f3modo Hay preguntas que no necesitan levantar la voz para resultar inc\u00f3modas. Una de ellas, frente al procedimiento de revocaci\u00f3n de mandato de Cruz P\u00e9rez Cu\u00e9llar, es bastante sencilla: \u00bfpor qu\u00e9 ahora? El Instituto Estatal Electoral de Chihuahua aprob\u00f3 el inicio del procedimiento registrado bajo el expediente IEE-IPP-001\/2026. A partir [&hellip;]<\/p>\n","protected":false},"author":10,"featured_media":279,"comment_status":"closed","ping_status":"open","sticky":false,"template":"","format":"standard","meta":{"_jetpack_newsletter_access":"","_jetpack_dont_email_post_to_subs":false,"_jetpack_newsletter_tier_id":0,"_jetpack_memberships_contains_paywalled_content":false,"_jetpack_feature_clip_id":0,"_jetpack_memberships_contains_paid_content":false,"footnotes":"","jetpack_post_was_ever_published":false},"categories":[4],"tags":[],"class_list":["post-276","post","type-post","status-publish","format-standard","has-post-thumbnail","hentry","category-analisis-politico"],"aioseo_notices":[],"aioseo_head":"\n\t\t<!-- All in One SEO 4.9.10 - aioseo.com -->\n\t<meta name=\"description\" content=\"Mario \u00c1lvarez | El Profe Inc\u00f3modo Hay preguntas que no necesitan levantar la voz para resultar inc\u00f3modas. Una de ellas, frente al procedimiento de revocaci\u00f3n de mandato de Cruz P\u00e9rez Cu\u00e9llar, es bastante sencilla: \u00bfpor qu\u00e9 ahora? El Instituto Estatal Electoral de Chihuahua aprob\u00f3 el inicio del procedimiento registrado bajo el expediente IEE-IPP-001\/2026. A partir\" \/>\n\t<meta name=\"robots\" content=\"max-image-preview:large\" \/>\n\t<meta name=\"author\" content=\"Mario \u00c1lvarez Porras\"\/>\n\t<meta name=\"google-site-verification\" content=\"jlwkLGgnMBpX8ktutl9e1D8Kvl7Rh7xmXQIHtOLk65U\" \/>\n\t<link rel=\"canonical\" href=\"https:\/\/www.enfasis.mx\/?p=276\" \/>\n\t<meta name=\"generator\" content=\"All in One SEO (AIOSEO) 4.9.10\" \/>\n\t\t<meta property=\"og:locale\" content=\"en_US\" \/>\n\t\t<meta property=\"og:site_name\" content=\"\u00c9nfasis - El acento en la econom\u00eda y la pol\u00edtica\" \/>\n\t\t<meta property=\"og:type\" content=\"article\" \/>\n\t\t<meta property=\"og:title\" content=\"La pol\u00edtica tambi\u00e9n tiene memoria - \u00c9nfasis\" \/>\n\t\t<meta property=\"og:description\" content=\"Mario \u00c1lvarez | El Profe Inc\u00f3modo Hay preguntas que no necesitan levantar la voz para resultar inc\u00f3modas. Una de ellas, frente al procedimiento de revocaci\u00f3n de mandato de Cruz P\u00e9rez Cu\u00e9llar, es bastante sencilla: \u00bfpor qu\u00e9 ahora? El Instituto Estatal Electoral de Chihuahua aprob\u00f3 el inicio del procedimiento registrado bajo el expediente IEE-IPP-001\/2026. A partir\" \/>\n\t\t<meta property=\"og:url\" content=\"https:\/\/www.enfasis.mx\/?p=276\" \/>\n\t\t<meta property=\"og:image\" content=\"https:\/\/www.enfasis.mx\/wp-content\/uploads\/2026\/09\/No-memoria.png\" \/>\n\t\t<meta property=\"og:image:secure_url\" content=\"https:\/\/www.enfasis.mx\/wp-content\/uploads\/2026\/09\/No-memoria.png\" \/>\n\t\t<meta property=\"og:image:width\" content=\"550\" \/>\n\t\t<meta property=\"og:image:height\" content=\"289\" \/>\n\t\t<meta property=\"article:published_time\" content=\"2026-09-02T16:08:57+00:00\" \/>\n\t\t<meta property=\"article:modified_time\" content=\"2026-09-02T16:18:39+00:00\" \/>\n\t\t<meta name=\"twitter:card\" content=\"summary_large_image\" \/>\n\t\t<meta name=\"twitter:title\" content=\"La pol\u00edtica tambi\u00e9n tiene memoria - \u00c9nfasis\" \/>\n\t\t<meta name=\"twitter:description\" content=\"Mario \u00c1lvarez | El Profe Inc\u00f3modo Hay preguntas que no necesitan levantar la voz para resultar inc\u00f3modas. Una de ellas, frente al procedimiento de revocaci\u00f3n de mandato de Cruz P\u00e9rez Cu\u00e9llar, es bastante sencilla: \u00bfpor qu\u00e9 ahora? El Instituto Estatal Electoral de Chihuahua aprob\u00f3 el inicio del procedimiento registrado bajo el expediente IEE-IPP-001\/2026. A partir\" \/>\n\t\t<meta name=\"twitter:image\" content=\"https:\/\/www.enfasis.mx\/wp-content\/uploads\/2026\/09\/No-memoria.png\" \/>\n\t\t<script type=\"application\/ld+json\" class=\"aioseo-schema\">\n\t\t\t{\"@context\":\"https:\\\/\\\/schema.org\",\"@graph\":[{\"@type\":\"BlogPosting\",\"@id\":\"https:\\\/\\\/www.enfasis.mx\\\/?p=276#blogposting\",\"name\":\"La pol\\u00edtica tambi\\u00e9n tiene memoria - \\u00c9nfasis\",\"headline\":\"La pol\\u00edtica tambi\\u00e9n tiene memoria\",\"author\":{\"@id\":\"https:\\\/\\\/www.enfasis.mx\\\/?author=10#author\"},\"publisher\":{\"@id\":\"https:\\\/\\\/www.enfasis.mx\\\/#organization\"},\"image\":{\"@type\":\"ImageObject\",\"url\":\"https:\\\/\\\/www.enfasis.mx\\\/wp-content\\\/uploads\\\/2026\\\/09\\\/No-memoria.png\",\"width\":550,\"height\":289},\"datePublished\":\"2026-09-02T09:08:57-07:00\",\"dateModified\":\"2026-09-02T09:18:39-07:00\",\"inLanguage\":\"en-US\",\"mainEntityOfPage\":{\"@id\":\"https:\\\/\\\/www.enfasis.mx\\\/?p=276#webpage\"},\"isPartOf\":{\"@id\":\"https:\\\/\\\/www.enfasis.mx\\\/?p=276#webpage\"},\"articleSection\":\"Pol\\u00edtica\"},{\"@type\":\"BreadcrumbList\",\"@id\":\"https:\\\/\\\/www.enfasis.mx\\\/?p=276#breadcrumblist\",\"itemListElement\":[{\"@type\":\"ListItem\",\"@id\":\"https:\\\/\\\/www.enfasis.mx#listItem\",\"position\":1,\"name\":\"Home\",\"item\":\"https:\\\/\\\/www.enfasis.mx\",\"nextItem\":{\"@type\":\"ListItem\",\"@id\":\"https:\\\/\\\/www.enfasis.mx\\\/?cat=4#listItem\",\"name\":\"Pol\\u00edtica\"}},{\"@type\":\"ListItem\",\"@id\":\"https:\\\/\\\/www.enfasis.mx\\\/?cat=4#listItem\",\"position\":2,\"name\":\"Pol\\u00edtica\",\"item\":\"https:\\\/\\\/www.enfasis.mx\\\/?cat=4\",\"nextItem\":{\"@type\":\"ListItem\",\"@id\":\"https:\\\/\\\/www.enfasis.mx\\\/?p=276#listItem\",\"name\":\"La pol\\u00edtica tambi\\u00e9n tiene memoria\"},\"previousItem\":{\"@type\":\"ListItem\",\"@id\":\"https:\\\/\\\/www.enfasis.mx#listItem\",\"name\":\"Home\"}},{\"@type\":\"ListItem\",\"@id\":\"https:\\\/\\\/www.enfasis.mx\\\/?p=276#listItem\",\"position\":3,\"name\":\"La pol\\u00edtica tambi\\u00e9n tiene memoria\",\"previousItem\":{\"@type\":\"ListItem\",\"@id\":\"https:\\\/\\\/www.enfasis.mx\\\/?cat=4#listItem\",\"name\":\"Pol\\u00edtica\"}}]},{\"@type\":\"Organization\",\"@id\":\"https:\\\/\\\/www.enfasis.mx\\\/#organization\",\"name\":\"\\u00c9nfasis Ser Empresario\",\"description\":\"El acento en la econom\\u00eda y la pol\\u00edtica Grupo Editorial Fundado en 1998, su marca insignia es REVISTA SER EMPRESARIO la revista empresarial mas importante del Estado\",\"url\":\"https:\\\/\\\/www.enfasis.mx\\\/\",\"logo\":{\"@type\":\"ImageObject\",\"url\":\"http:\\\/\\\/www.enfasis.mx\\\/wp-content\\\/uploads\\\/2026\\\/07\\\/Enfasis-Logo-1.png\",\"@id\":\"https:\\\/\\\/www.enfasis.mx\\\/?p=276\\\/#organizationLogo\"},\"image\":{\"@id\":\"https:\\\/\\\/www.enfasis.mx\\\/?p=276\\\/#organizationLogo\"}},{\"@type\":\"Person\",\"@id\":\"https:\\\/\\\/www.enfasis.mx\\\/?author=10#author\",\"url\":\"https:\\\/\\\/www.enfasis.mx\\\/?author=10\",\"name\":\"Mario \\u00c1lvarez Porras\"},{\"@type\":\"WebPage\",\"@id\":\"https:\\\/\\\/www.enfasis.mx\\\/?p=276#webpage\",\"url\":\"https:\\\/\\\/www.enfasis.mx\\\/?p=276\",\"name\":\"La pol\\u00edtica tambi\\u00e9n tiene memoria - \\u00c9nfasis\",\"description\":\"Mario \\u00c1lvarez | El Profe Inc\\u00f3modo Hay preguntas que no necesitan levantar la voz para resultar inc\\u00f3modas. Una de ellas, frente al procedimiento de revocaci\\u00f3n de mandato de Cruz P\\u00e9rez Cu\\u00e9llar, es bastante sencilla: \\u00bfpor qu\\u00e9 ahora? El Instituto Estatal Electoral de Chihuahua aprob\\u00f3 el inicio del procedimiento registrado bajo el expediente IEE-IPP-001\\\/2026. A partir\",\"inLanguage\":\"en-US\",\"isPartOf\":{\"@id\":\"https:\\\/\\\/www.enfasis.mx\\\/#website\"},\"breadcrumb\":{\"@id\":\"https:\\\/\\\/www.enfasis.mx\\\/?p=276#breadcrumblist\"},\"author\":{\"@id\":\"https:\\\/\\\/www.enfasis.mx\\\/?author=10#author\"},\"creator\":{\"@id\":\"https:\\\/\\\/www.enfasis.mx\\\/?author=10#author\"},\"image\":{\"@type\":\"ImageObject\",\"url\":\"https:\\\/\\\/www.enfasis.mx\\\/wp-content\\\/uploads\\\/2026\\\/09\\\/No-memoria.png\",\"@id\":\"https:\\\/\\\/www.enfasis.mx\\\/?p=276\\\/#mainImage\",\"width\":550,\"height\":289},\"primaryImageOfPage\":{\"@id\":\"https:\\\/\\\/www.enfasis.mx\\\/?p=276#mainImage\"},\"datePublished\":\"2026-09-02T09:08:57-07:00\",\"dateModified\":\"2026-09-02T09:18:39-07:00\"},{\"@type\":\"WebSite\",\"@id\":\"https:\\\/\\\/www.enfasis.mx\\\/#website\",\"url\":\"https:\\\/\\\/www.enfasis.mx\\\/\",\"name\":\"\\u00c9nfasis\",\"description\":\"El acento en la econom\\u00eda y la pol\\u00edtica\",\"inLanguage\":\"en-US\",\"publisher\":{\"@id\":\"https:\\\/\\\/www.enfasis.mx\\\/#organization\"}}]}\n\t\t<\/script>\n\t\t<!-- All in One SEO -->\n\n","aioseo_head_json":{"title":"La pol\u00edtica tambi\u00e9n tiene memoria - \u00c9nfasis","description":"Mario \u00c1lvarez | El Profe Inc\u00f3modo Hay preguntas que no necesitan levantar la voz para resultar inc\u00f3modas. Una de ellas, frente al procedimiento de revocaci\u00f3n de mandato de Cruz P\u00e9rez Cu\u00e9llar, es bastante sencilla: \u00bfpor qu\u00e9 ahora? El Instituto Estatal Electoral de Chihuahua aprob\u00f3 el inicio del procedimiento registrado bajo el expediente IEE-IPP-001\/2026. A partir","canonical_url":"https:\/\/www.enfasis.mx\/?p=276","robots":"max-image-preview:large","keywords":"","webmasterTools":{"google-site-verification":"jlwkLGgnMBpX8ktutl9e1D8Kvl7Rh7xmXQIHtOLk65U","miscellaneous":""},"schema":{"@context":"https:\/\/schema.org","@graph":[{"@type":"BlogPosting","@id":"https:\/\/www.enfasis.mx\/?p=276#blogposting","name":"La pol\u00edtica tambi\u00e9n tiene memoria - \u00c9nfasis","headline":"La pol\u00edtica tambi\u00e9n tiene memoria","author":{"@id":"https:\/\/www.enfasis.mx\/?author=10#author"},"publisher":{"@id":"https:\/\/www.enfasis.mx\/#organization"},"image":{"@type":"ImageObject","url":"https:\/\/www.enfasis.mx\/wp-content\/uploads\/2026\/09\/No-memoria.png","width":550,"height":289},"datePublished":"2026-09-02T09:08:57-07:00","dateModified":"2026-09-02T09:18:39-07:00","inLanguage":"en-US","mainEntityOfPage":{"@id":"https:\/\/www.enfasis.mx\/?p=276#webpage"},"isPartOf":{"@id":"https:\/\/www.enfasis.mx\/?p=276#webpage"},"articleSection":"Pol\u00edtica"},{"@type":"BreadcrumbList","@id":"https:\/\/www.enfasis.mx\/?p=276#breadcrumblist","itemListElement":[{"@type":"ListItem","@id":"https:\/\/www.enfasis.mx#listItem","position":1,"name":"Home","item":"https:\/\/www.enfasis.mx","nextItem":{"@type":"ListItem","@id":"https:\/\/www.enfasis.mx\/?cat=4#listItem","name":"Pol\u00edtica"}},{"@type":"ListItem","@id":"https:\/\/www.enfasis.mx\/?cat=4#listItem","position":2,"name":"Pol\u00edtica","item":"https:\/\/www.enfasis.mx\/?cat=4","nextItem":{"@type":"ListItem","@id":"https:\/\/www.enfasis.mx\/?p=276#listItem","name":"La pol\u00edtica tambi\u00e9n tiene memoria"},"previousItem":{"@type":"ListItem","@id":"https:\/\/www.enfasis.mx#listItem","name":"Home"}},{"@type":"ListItem","@id":"https:\/\/www.enfasis.mx\/?p=276#listItem","position":3,"name":"La pol\u00edtica tambi\u00e9n tiene memoria","previousItem":{"@type":"ListItem","@id":"https:\/\/www.enfasis.mx\/?cat=4#listItem","name":"Pol\u00edtica"}}]},{"@type":"Organization","@id":"https:\/\/www.enfasis.mx\/#organization","name":"\u00c9nfasis Ser Empresario","description":"El acento en la econom\u00eda y la pol\u00edtica Grupo Editorial Fundado en 1998, su marca insignia es REVISTA SER EMPRESARIO la revista empresarial mas importante del Estado","url":"https:\/\/www.enfasis.mx\/","logo":{"@type":"ImageObject","url":"http:\/\/www.enfasis.mx\/wp-content\/uploads\/2026\/07\/Enfasis-Logo-1.png","@id":"https:\/\/www.enfasis.mx\/?p=276\/#organizationLogo"},"image":{"@id":"https:\/\/www.enfasis.mx\/?p=276\/#organizationLogo"}},{"@type":"Person","@id":"https:\/\/www.enfasis.mx\/?author=10#author","url":"https:\/\/www.enfasis.mx\/?author=10","name":"Mario \u00c1lvarez Porras"},{"@type":"WebPage","@id":"https:\/\/www.enfasis.mx\/?p=276#webpage","url":"https:\/\/www.enfasis.mx\/?p=276","name":"La pol\u00edtica tambi\u00e9n tiene memoria - \u00c9nfasis","description":"Mario \u00c1lvarez | El Profe Inc\u00f3modo Hay preguntas que no necesitan levantar la voz para resultar inc\u00f3modas. Una de ellas, frente al procedimiento de revocaci\u00f3n de mandato de Cruz P\u00e9rez Cu\u00e9llar, es bastante sencilla: \u00bfpor qu\u00e9 ahora? El Instituto Estatal Electoral de Chihuahua aprob\u00f3 el inicio del procedimiento registrado bajo el expediente IEE-IPP-001\/2026. A partir","inLanguage":"en-US","isPartOf":{"@id":"https:\/\/www.enfasis.mx\/#website"},"breadcrumb":{"@id":"https:\/\/www.enfasis.mx\/?p=276#breadcrumblist"},"author":{"@id":"https:\/\/www.enfasis.mx\/?author=10#author"},"creator":{"@id":"https:\/\/www.enfasis.mx\/?author=10#author"},"image":{"@type":"ImageObject","url":"https:\/\/www.enfasis.mx\/wp-content\/uploads\/2026\/09\/No-memoria.png","@id":"https:\/\/www.enfasis.mx\/?p=276\/#mainImage","width":550,"height":289},"primaryImageOfPage":{"@id":"https:\/\/www.enfasis.mx\/?p=276#mainImage"},"datePublished":"2026-09-02T09:08:57-07:00","dateModified":"2026-09-02T09:18:39-07:00"},{"@type":"WebSite","@id":"https:\/\/www.enfasis.mx\/#website","url":"https:\/\/www.enfasis.mx\/","name":"\u00c9nfasis","description":"El acento en la econom\u00eda y la pol\u00edtica","inLanguage":"en-US","publisher":{"@id":"https:\/\/www.enfasis.mx\/#organization"}}]},"og:locale":"en_US","og:site_name":"\u00c9nfasis - El acento en la econom\u00eda y la pol\u00edtica","og:type":"article","og:title":"La pol\u00edtica tambi\u00e9n tiene memoria - \u00c9nfasis","og:description":"Mario \u00c1lvarez | El Profe Inc\u00f3modo Hay preguntas que no necesitan levantar la voz para resultar inc\u00f3modas. Una de ellas, frente al procedimiento de revocaci\u00f3n de mandato de Cruz P\u00e9rez Cu\u00e9llar, es bastante sencilla: \u00bfpor qu\u00e9 ahora? El Instituto Estatal Electoral de Chihuahua aprob\u00f3 el inicio del procedimiento registrado bajo el expediente IEE-IPP-001\/2026. A partir","og:url":"https:\/\/www.enfasis.mx\/?p=276","og:image":"https:\/\/www.enfasis.mx\/wp-content\/uploads\/2026\/09\/No-memoria.png","og:image:secure_url":"https:\/\/www.enfasis.mx\/wp-content\/uploads\/2026\/09\/No-memoria.png","og:image:width":550,"og:image:height":289,"article:published_time":"2026-09-02T16:08:57+00:00","article:modified_time":"2026-09-02T16:18:39+00:00","twitter:card":"summary_large_image","twitter:title":"La pol\u00edtica tambi\u00e9n tiene memoria - \u00c9nfasis","twitter:description":"Mario \u00c1lvarez | El Profe Inc\u00f3modo Hay preguntas que no necesitan levantar la voz para resultar inc\u00f3modas. Una de ellas, frente al procedimiento de revocaci\u00f3n de mandato de Cruz P\u00e9rez Cu\u00e9llar, es bastante sencilla: \u00bfpor qu\u00e9 ahora? El Instituto Estatal Electoral de Chihuahua aprob\u00f3 el inicio del procedimiento registrado bajo el expediente IEE-IPP-001\/2026. A partir","twitter:image":"https:\/\/www.enfasis.mx\/wp-content\/uploads\/2026\/09\/No-memoria.png"},"aioseo_meta_data":{"post_id":"276","title":"#post_title #separator_sa #site_title","description":"#post_excerpt","keywords":null,"keyphrases":{"focus":{"keyphrase":"","score":0,"analysis":{"keyphraseInTitle":{"score":0,"maxScore":9,"error":1}}},"additional":[]},"primary_term":null,"canonical_url":null,"og_title":null,"og_description":null,"og_object_type":"default","og_image_type":"default","og_image_custom_url":null,"og_image_custom_fields":null,"og_image_url":null,"og_image_width":null,"og_image_height":null,"og_video":"","og_custom_url":null,"og_article_section":null,"og_article_tags":null,"twitter_use_og":true,"twitter_card":"default","twitter_image_type":"default","twitter_image_custom_url":null,"twitter_image_custom_fields":null,"twitter_image_url":null,"twitter_title":null,"twitter_description":null,"schema_type":"default","schema_type_options":null,"schema":{"blockGraphs":[],"customGraphs":[],"default":{"data":{"Article":[],"Course":[],"Dataset":[],"FAQPage":[],"Movie":[],"Person":[],"Product":[],"ProductReview":[],"Car":[],"Recipe":[],"Service":[],"SoftwareApplication":[],"WebPage":[]},"graphName":"BlogPosting","isEnabled":true},"graphs":[]},"pillar_content":false,"robots_default":true,"robots_noindex":false,"robots_noarchive":false,"robots_nosnippet":false,"robots_nofollow":false,"robots_noimageindex":false,"robots_noodp":false,"robots_notranslate":false,"robots_max_snippet":"-1","robots_max_videopreview":"-1","robots_max_imagepreview":"large","priority":null,"frequency":"default","local_seo":null,"limit_modified_date":false,"ai":{"faqs":[],"keyPoints":[],"schemas":[],"titles":[],"descriptions":[],"socialPosts":{"email":{"subject":"","preview":"","content":""},"linkedin":[],"twitter":[],"facebook":[],"instagram":[]}},"breadcrumb_settings":null,"seo_analyzer_scan_date":null,"created":"2026-09-02 16:09:00","updated":"2026-09-02 16:45:20"},"aioseo_breadcrumb":"<div class=\"aioseo-breadcrumbs\"><span class=\"aioseo-breadcrumb\">\n\t\t\t<a href=\"https:\/\/www.enfasis.mx\" title=\"Home\">Home<\/a>\n\t\t<\/span><span class=\"aioseo-breadcrumb-separator\">&raquo;<\/span><span class=\"aioseo-breadcrumb\">\n\t\t\t<a href=\"https:\/\/www.enfasis.mx\/?cat=4\" title=\"Pol\u00edtica\">Pol\u00edtica<\/a>\n\t\t<\/span><span class=\"aioseo-breadcrumb-separator\">&raquo;<\/span><span class=\"aioseo-breadcrumb\">\n\t\t\tLa pol\u00edtica tambi\u00e9n tiene memoria\n\t\t<\/span><\/div>","aioseo_breadcrumb_json":[{"label":"Home","link":"https:\/\/www.enfasis.mx"},{"label":"Pol\u00edtica","link":"https:\/\/www.enfasis.mx\/?cat=4"},{"label":"La pol\u00edtica tambi\u00e9n tiene memoria","link":"https:\/\/www.enfasis.mx\/?p=276"}],"wpmagazine_modules_lite_featured_media_urls":{"thumbnail":["https:\/\/www.enfasis.mx\/wp-content\/uploads\/2026\/09\/No-memoria-150x150.png",150,150,true],"cvmm-medium":["https:\/\/www.enfasis.mx\/wp-content\/uploads\/2026\/09\/No-memoria-300x289.png",300,289,true],"cvmm-medium-plus":["https:\/\/www.enfasis.mx\/wp-content\/uploads\/2026\/09\/No-memoria-305x207.png",305,207,true],"cvmm-portrait":["https:\/\/www.enfasis.mx\/wp-content\/uploads\/2026\/09\/No-memoria-400x289.png",400,289,true],"cvmm-medium-square":["https:\/\/www.enfasis.mx\/wp-content\/uploads\/2026\/09\/No-memoria.png",550,289,false],"cvmm-large":["https:\/\/www.enfasis.mx\/wp-content\/uploads\/2026\/09\/No-memoria.png",550,289,false],"cvmm-small":["https:\/\/www.enfasis.mx\/wp-content\/uploads\/2026\/09\/No-memoria-130x95.png",130,95,true],"full":["https:\/\/www.enfasis.mx\/wp-content\/uploads\/2026\/09\/No-memoria.png",550,289,false]},"categories_names":{"4":{"name":"Pol\u00edtica","link":"https:\/\/www.enfasis.mx\/?cat=4"}},"tags_names":[],"comments_number":"0","jetpack_sharing_enabled":true,"jetpack_featured_media_url":"https:\/\/www.enfasis.mx\/wp-content\/uploads\/2026\/09\/No-memoria.png","_links":{"self":[{"href":"https:\/\/www.enfasis.mx\/index.php?rest_route=\/wp\/v2\/posts\/276","targetHints":{"allow":["GET"]}}],"collection":[{"href":"https:\/\/www.enfasis.mx\/index.php?rest_route=\/wp\/v2\/posts"}],"about":[{"href":"https:\/\/www.enfasis.mx\/index.php?rest_route=\/wp\/v2\/types\/post"}],"author":[{"embeddable":true,"href":"https:\/\/www.enfasis.mx\/index.php?rest_route=\/wp\/v2\/users\/10"}],"replies":[{"embeddable":true,"href":"https:\/\/www.enfasis.mx\/index.php?rest_route=%2Fwp%2Fv2%2Fcomments&post=276"}],"version-history":[{"count":1,"href":"https:\/\/www.enfasis.mx\/index.php?rest_route=\/wp\/v2\/posts\/276\/revisions"}],"predecessor-version":[{"id":278,"href":"https:\/\/www.enfasis.mx\/index.php?rest_route=\/wp\/v2\/posts\/276\/revisions\/278"}],"wp:featuredmedia":[{"embeddable":true,"href":"https:\/\/www.enfasis.mx\/index.php?rest_route=\/wp\/v2\/media\/279"}],"wp:attachment":[{"href":"https:\/\/www.enfasis.mx\/index.php?rest_route=%2Fwp%2Fv2%2Fmedia&parent=276"}],"wp:term":[{"taxonomy":"category","embeddable":true,"href":"https:\/\/www.enfasis.mx\/index.php?rest_route=%2Fwp%2Fv2%2Fcategories&post=276"},{"taxonomy":"post_tag","embeddable":true,"href":"https:\/\/www.enfasis.mx\/index.php?rest_route=%2Fwp%2Fv2%2Ftags&post=276"}],"curies":[{"name":"wp","href":"https:\/\/api.w.org\/{rel}","templated":true}]}}