{"id":280,"date":"2026-09-02T09:17:57","date_gmt":"2026-09-02T16:17:57","guid":{"rendered":"https:\/\/www.enfasis.mx\/?p=280"},"modified":"2026-09-02T09:18:51","modified_gmt":"2026-09-02T16:18:51","slug":"guillermo-lujan-respalda-a-cesar-jauregui-y-pide-consultar-a-militantes-y-ciudadanos","status":"publish","type":"post","link":"https:\/\/www.enfasis.mx\/?p=280","title":{"rendered":"Guillermo Luj\u00e1n respalda a C\u00e9sar J\u00e1uregui y pide consultar a militantes y ciudadanos"},"content":{"rendered":"\n<figure class=\"wp-block-video\"><video height=\"576\" style=\"aspect-ratio: 1024 \/ 576;\" width=\"1024\" controls src=\"https:\/\/www.enfasis.mx\/wp-content\/uploads\/2026\/09\/WhatsApp-Video-2026-09-02-at-07.58.53.mp4\"><\/video><\/figure>\n\n\n\n<p class=\"wp-block-paragraph\">Chihuahua, Chih., 1 de septiembre de 2026.- El panista Guillermo Luj\u00e1n respald\u00f3 p\u00fablicamente a C\u00e9sar J\u00e1uregui como la mejor opci\u00f3n del PAN para la Presidencia Municipal de Chihuahua y pidi\u00f3 que la candidatura se defina mediante la consulta a la militancia y a la ciudadan\u00eda.<\/p>\n\n\n\n<p class=\"wp-block-paragraph\">En un mensaje dirigido a panistas y simpatizantes de Acci\u00f3n Nacional, Luj\u00e1n expuso dos consideraciones sobre el proceso interno: el m\u00e9todo para elegir al candidato y el perfil que, a su juicio, ofrece mayores posibilidades de representar al partido y ganar la elecci\u00f3n.<\/p>\n\n\n\n<p class=\"wp-block-paragraph\">Sobre el m\u00e9todo, plante\u00f3 que deben participar tanto los militantes como los ciudadanos, tal como ocurri\u00f3 en 2021.<\/p>\n\n\n\n<p class=\"wp-block-paragraph\">\u201cDebemos consultar a la militancia y escuchar a los ciudadanos, como lo hicimos con \u00e9xito en el 2021. De esa manera definimos a quienes hoy son nuestra gobernadora y nuestro presidente municipal\u201d, expres\u00f3.<\/p>\n\n\n\n<p class=\"wp-block-paragraph\">Luj\u00e1n sostuvo que esa combinaci\u00f3n permiti\u00f3 al PAN tomar decisiones acertadas al considerar tanto la opini\u00f3n de sus integrantes como la percepci\u00f3n de la sociedad.<\/p>\n\n\n\n<p class=\"wp-block-paragraph\">\u201cCuando escuchamos tanto a los panistas como a la sociedad en general, nuestras decisiones son acertadas\u201d, afirm\u00f3.<\/p>\n\n\n\n<p class=\"wp-block-paragraph\">Respecto al perfil del candidato, se\u00f1al\u00f3 que Acci\u00f3n Nacional debe elegir a una persona que represente sus valores y principios, pero que tambi\u00e9n tenga capacidad competitiva y pueda obtener el mayor n\u00famero de votos.<\/p>\n\n\n\n<p class=\"wp-block-paragraph\">En ese contexto, manifest\u00f3 su respaldo a C\u00e9sar J\u00e1uregui.<\/p>\n\n\n\n<p class=\"wp-block-paragraph\">\u201cPara m\u00ed, C\u00e9sar J\u00e1uregui representa la mejor opci\u00f3n. Es la persona m\u00e1s preparada, con mayor trayectoria y, adem\u00e1s, la mejor posicionada seg\u00fan las encuestas serias que hemos conocido\u201d, se\u00f1al\u00f3.<\/p>\n\n\n\n<p class=\"wp-block-paragraph\">El panista consider\u00f3 que la elecci\u00f3n de Chihuahua capital ser\u00e1 determinante para el proceso electoral de 2027, particularmente por su impacto en la contienda por la gubernatura.<\/p>\n\n\n\n<p class=\"wp-block-paragraph\">Explic\u00f3 que el PAN necesita un candidato capaz de lograr un triunfo contundente en el municipio y aportar la mayor cantidad de votos posible a la elecci\u00f3n estatal, en la que mencion\u00f3 a Marco Bonilla como quien, llegado el momento, har\u00e1 un excelente papel.<\/p>\n\n\n\n<p class=\"wp-block-paragraph\">Luj\u00e1n llam\u00f3 a evitar divisiones y descalificaciones internas, y pidi\u00f3 que el partido llegue unido y fortalecido a los comicios de 2027.<\/p>\n\n\n\n<p class=\"wp-block-paragraph\">\u201cNo se trata de dividir al PAN ni de descalificar a nadie, sino de elegir a quien re\u00fana las mejores condiciones, mantenernos unidos y llegar fortalecidos al 2027\u201d, manifest\u00f3.<\/p>\n\n\n\n<p class=\"wp-block-paragraph\">Finalmente, resumi\u00f3 su postura: \u201cPara la Presidencia Municipal de Chihuahua, mi opci\u00f3n es C\u00e9sar J\u00e1uregui\u201d.<\/p>\n","protected":false},"excerpt":{"rendered":"<p>Chihuahua, Chih., 1 de septiembre de 2026.- El panista Guillermo Luj\u00e1n respald\u00f3 p\u00fablicamente a C\u00e9sar J\u00e1uregui como la mejor opci\u00f3n del PAN para la Presidencia Municipal de Chihuahua y pidi\u00f3 que la candidatura se defina mediante la consulta a la militancia y a la ciudadan\u00eda. En un mensaje dirigido a panistas y simpatizantes de Acci\u00f3n [&hellip;]<\/p>\n","protected":false},"author":13,"featured_media":282,"comment_status":"closed","ping_status":"open","sticky":false,"template":"","format":"standard","meta":{"_jetpack_newsletter_access":"","_jetpack_dont_email_post_to_subs":false,"_jetpack_newsletter_tier_id":0,"_jetpack_memberships_contains_paywalled_content":false,"_jetpack_feature_clip_id":0,"_jetpack_memberships_contains_paid_content":false,"footnotes":"","jetpack_post_was_ever_published":false},"categories":[4],"tags":[],"class_list":["post-280","post","type-post","status-publish","format-standard","has-post-thumbnail","hentry","category-analisis-politico"],"aioseo_notices":[],"aioseo_head":"\n\t\t<!-- All in One SEO 4.9.10 - aioseo.com -->\n\t<meta name=\"description\" content=\"Chihuahua, Chih., 1 de septiembre de 2026.- El panista Guillermo Luj\u00e1n respald\u00f3 p\u00fablicamente a C\u00e9sar J\u00e1uregui como la mejor opci\u00f3n del PAN para la Presidencia Municipal de Chihuahua y pidi\u00f3 que la candidatura se defina mediante la consulta a la militancia y a la ciudadan\u00eda. En un mensaje dirigido a panistas y simpatizantes de Acci\u00f3n\" \/>\n\t<meta name=\"robots\" content=\"max-image-preview:large\" \/>\n\t<meta name=\"author\" content=\"Redaccion\"\/>\n\t<meta name=\"google-site-verification\" content=\"jlwkLGgnMBpX8ktutl9e1D8Kvl7Rh7xmXQIHtOLk65U\" \/>\n\t<link rel=\"canonical\" href=\"https:\/\/www.enfasis.mx\/?p=280\" \/>\n\t<meta name=\"generator\" content=\"All in One SEO (AIOSEO) 4.9.10\" \/>\n\t\t<meta property=\"og:locale\" content=\"en_US\" \/>\n\t\t<meta property=\"og:site_name\" content=\"\u00c9nfasis - El acento en la econom\u00eda y la pol\u00edtica\" \/>\n\t\t<meta property=\"og:type\" content=\"article\" \/>\n\t\t<meta property=\"og:title\" content=\"Guillermo Luj\u00e1n respalda a C\u00e9sar J\u00e1uregui y pide consultar a militantes y ciudadanos - \u00c9nfasis\" \/>\n\t\t<meta property=\"og:description\" content=\"Chihuahua, Chih., 1 de septiembre de 2026.- El panista Guillermo Luj\u00e1n respald\u00f3 p\u00fablicamente a C\u00e9sar J\u00e1uregui como la mejor opci\u00f3n del PAN para la Presidencia Municipal de Chihuahua y pidi\u00f3 que la candidatura se defina mediante la consulta a la militancia y a la ciudadan\u00eda. En un mensaje dirigido a panistas y simpatizantes de Acci\u00f3n\" \/>\n\t\t<meta property=\"og:url\" content=\"https:\/\/www.enfasis.mx\/?p=280\" \/>\n\t\t<meta property=\"og:image\" content=\"https:\/\/www.enfasis.mx\/wp-content\/uploads\/2026\/09\/tte.png\" \/>\n\t\t<meta property=\"og:image:secure_url\" content=\"https:\/\/www.enfasis.mx\/wp-content\/uploads\/2026\/09\/tte.png\" \/>\n\t\t<meta property=\"og:image:width\" content=\"1678\" \/>\n\t\t<meta property=\"og:image:height\" content=\"828\" \/>\n\t\t<meta property=\"article:published_time\" content=\"2026-09-02T16:17:57+00:00\" \/>\n\t\t<meta property=\"article:modified_time\" content=\"2026-09-02T16:18:51+00:00\" \/>\n\t\t<meta name=\"twitter:card\" content=\"summary_large_image\" \/>\n\t\t<meta name=\"twitter:title\" content=\"Guillermo Luj\u00e1n respalda a C\u00e9sar J\u00e1uregui y pide consultar a militantes y ciudadanos - \u00c9nfasis\" \/>\n\t\t<meta name=\"twitter:description\" content=\"Chihuahua, Chih., 1 de septiembre de 2026.- El panista Guillermo Luj\u00e1n respald\u00f3 p\u00fablicamente a C\u00e9sar J\u00e1uregui como la mejor opci\u00f3n del PAN para la Presidencia Municipal de Chihuahua y pidi\u00f3 que la candidatura se defina mediante la consulta a la militancia y a la ciudadan\u00eda. En un mensaje dirigido a panistas y simpatizantes de Acci\u00f3n\" \/>\n\t\t<meta name=\"twitter:image\" content=\"http:\/\/www.enfasis.mx\/wp-content\/uploads\/2026\/07\/Enfasis-Logo-1.png\" \/>\n\t\t<script type=\"application\/ld+json\" class=\"aioseo-schema\">\n\t\t\t{\"@context\":\"https:\\\/\\\/schema.org\",\"@graph\":[{\"@type\":\"BlogPosting\",\"@id\":\"https:\\\/\\\/www.enfasis.mx\\\/?p=280#blogposting\",\"name\":\"Guillermo Luj\\u00e1n respalda a C\\u00e9sar J\\u00e1uregui y pide consultar a militantes y ciudadanos - \\u00c9nfasis\",\"headline\":\"Guillermo Luj\\u00e1n respalda a C\\u00e9sar J\\u00e1uregui y pide consultar a militantes y ciudadanos\",\"author\":{\"@id\":\"https:\\\/\\\/www.enfasis.mx\\\/?author=13#author\"},\"publisher\":{\"@id\":\"https:\\\/\\\/www.enfasis.mx\\\/#organization\"},\"image\":{\"@type\":\"ImageObject\",\"url\":\"https:\\\/\\\/www.enfasis.mx\\\/wp-content\\\/uploads\\\/2026\\\/09\\\/tte.png\",\"width\":1678,\"height\":828},\"datePublished\":\"2026-09-02T09:17:57-07:00\",\"dateModified\":\"2026-09-02T09:18:51-07:00\",\"inLanguage\":\"en-US\",\"mainEntityOfPage\":{\"@id\":\"https:\\\/\\\/www.enfasis.mx\\\/?p=280#webpage\"},\"isPartOf\":{\"@id\":\"https:\\\/\\\/www.enfasis.mx\\\/?p=280#webpage\"},\"articleSection\":\"Pol\\u00edtica\"},{\"@type\":\"BreadcrumbList\",\"@id\":\"https:\\\/\\\/www.enfasis.mx\\\/?p=280#breadcrumblist\",\"itemListElement\":[{\"@type\":\"ListItem\",\"@id\":\"https:\\\/\\\/www.enfasis.mx#listItem\",\"position\":1,\"name\":\"Home\",\"item\":\"https:\\\/\\\/www.enfasis.mx\",\"nextItem\":{\"@type\":\"ListItem\",\"@id\":\"https:\\\/\\\/www.enfasis.mx\\\/?cat=4#listItem\",\"name\":\"Pol\\u00edtica\"}},{\"@type\":\"ListItem\",\"@id\":\"https:\\\/\\\/www.enfasis.mx\\\/?cat=4#listItem\",\"position\":2,\"name\":\"Pol\\u00edtica\",\"item\":\"https:\\\/\\\/www.enfasis.mx\\\/?cat=4\",\"nextItem\":{\"@type\":\"ListItem\",\"@id\":\"https:\\\/\\\/www.enfasis.mx\\\/?p=280#listItem\",\"name\":\"Guillermo Luj\\u00e1n respalda a C\\u00e9sar J\\u00e1uregui y pide consultar a militantes y ciudadanos\"},\"previousItem\":{\"@type\":\"ListItem\",\"@id\":\"https:\\\/\\\/www.enfasis.mx#listItem\",\"name\":\"Home\"}},{\"@type\":\"ListItem\",\"@id\":\"https:\\\/\\\/www.enfasis.mx\\\/?p=280#listItem\",\"position\":3,\"name\":\"Guillermo Luj\\u00e1n respalda a C\\u00e9sar J\\u00e1uregui y pide consultar a militantes y ciudadanos\",\"previousItem\":{\"@type\":\"ListItem\",\"@id\":\"https:\\\/\\\/www.enfasis.mx\\\/?cat=4#listItem\",\"name\":\"Pol\\u00edtica\"}}]},{\"@type\":\"Organization\",\"@id\":\"https:\\\/\\\/www.enfasis.mx\\\/#organization\",\"name\":\"\\u00c9nfasis Ser Empresario\",\"description\":\"El acento en la econom\\u00eda y la pol\\u00edtica Grupo Editorial Fundado en 1998, su marca insignia es REVISTA SER EMPRESARIO la revista empresarial mas importante del Estado\",\"url\":\"https:\\\/\\\/www.enfasis.mx\\\/\",\"logo\":{\"@type\":\"ImageObject\",\"url\":\"http:\\\/\\\/www.enfasis.mx\\\/wp-content\\\/uploads\\\/2026\\\/07\\\/Enfasis-Logo-1.png\",\"@id\":\"https:\\\/\\\/www.enfasis.mx\\\/?p=280\\\/#organizationLogo\"},\"image\":{\"@id\":\"https:\\\/\\\/www.enfasis.mx\\\/?p=280\\\/#organizationLogo\"}},{\"@type\":\"Person\",\"@id\":\"https:\\\/\\\/www.enfasis.mx\\\/?author=13#author\",\"url\":\"https:\\\/\\\/www.enfasis.mx\\\/?author=13\",\"name\":\"Redaccion\"},{\"@type\":\"WebPage\",\"@id\":\"https:\\\/\\\/www.enfasis.mx\\\/?p=280#webpage\",\"url\":\"https:\\\/\\\/www.enfasis.mx\\\/?p=280\",\"name\":\"Guillermo Luj\\u00e1n respalda a C\\u00e9sar J\\u00e1uregui y pide consultar a militantes y ciudadanos - \\u00c9nfasis\",\"description\":\"Chihuahua, Chih., 1 de septiembre de 2026.- El panista Guillermo Luj\\u00e1n respald\\u00f3 p\\u00fablicamente a C\\u00e9sar J\\u00e1uregui como la mejor opci\\u00f3n del PAN para la Presidencia Municipal de Chihuahua y pidi\\u00f3 que la candidatura se defina mediante la consulta a la militancia y a la ciudadan\\u00eda. En un mensaje dirigido a panistas y simpatizantes de Acci\\u00f3n\",\"inLanguage\":\"en-US\",\"isPartOf\":{\"@id\":\"https:\\\/\\\/www.enfasis.mx\\\/#website\"},\"breadcrumb\":{\"@id\":\"https:\\\/\\\/www.enfasis.mx\\\/?p=280#breadcrumblist\"},\"author\":{\"@id\":\"https:\\\/\\\/www.enfasis.mx\\\/?author=13#author\"},\"creator\":{\"@id\":\"https:\\\/\\\/www.enfasis.mx\\\/?author=13#author\"},\"image\":{\"@type\":\"ImageObject\",\"url\":\"https:\\\/\\\/www.enfasis.mx\\\/wp-content\\\/uploads\\\/2026\\\/09\\\/tte.png\",\"@id\":\"https:\\\/\\\/www.enfasis.mx\\\/?p=280\\\/#mainImage\",\"width\":1678,\"height\":828},\"primaryImageOfPage\":{\"@id\":\"https:\\\/\\\/www.enfasis.mx\\\/?p=280#mainImage\"},\"datePublished\":\"2026-09-02T09:17:57-07:00\",\"dateModified\":\"2026-09-02T09:18:51-07:00\"},{\"@type\":\"WebSite\",\"@id\":\"https:\\\/\\\/www.enfasis.mx\\\/#website\",\"url\":\"https:\\\/\\\/www.enfasis.mx\\\/\",\"name\":\"\\u00c9nfasis\",\"description\":\"El acento en la econom\\u00eda y la pol\\u00edtica\",\"inLanguage\":\"en-US\",\"publisher\":{\"@id\":\"https:\\\/\\\/www.enfasis.mx\\\/#organization\"}}]}\n\t\t<\/script>\n\t\t<!-- All in One SEO -->\n\n","aioseo_head_json":{"title":"Guillermo Luj\u00e1n respalda a C\u00e9sar J\u00e1uregui y pide consultar a militantes y ciudadanos - \u00c9nfasis","description":"Chihuahua, Chih., 1 de septiembre de 2026.- El panista Guillermo Luj\u00e1n respald\u00f3 p\u00fablicamente a C\u00e9sar J\u00e1uregui como la mejor opci\u00f3n del PAN para la Presidencia Municipal de Chihuahua y pidi\u00f3 que la candidatura se defina mediante la consulta a la militancia y a la ciudadan\u00eda. En un mensaje dirigido a panistas y simpatizantes de Acci\u00f3n","canonical_url":"https:\/\/www.enfasis.mx\/?p=280","robots":"max-image-preview:large","keywords":"","webmasterTools":{"google-site-verification":"jlwkLGgnMBpX8ktutl9e1D8Kvl7Rh7xmXQIHtOLk65U","miscellaneous":""},"schema":{"@context":"https:\/\/schema.org","@graph":[{"@type":"BlogPosting","@id":"https:\/\/www.enfasis.mx\/?p=280#blogposting","name":"Guillermo Luj\u00e1n respalda a C\u00e9sar J\u00e1uregui y pide consultar a militantes y ciudadanos - \u00c9nfasis","headline":"Guillermo Luj\u00e1n respalda a C\u00e9sar J\u00e1uregui y pide consultar a militantes y ciudadanos","author":{"@id":"https:\/\/www.enfasis.mx\/?author=13#author"},"publisher":{"@id":"https:\/\/www.enfasis.mx\/#organization"},"image":{"@type":"ImageObject","url":"https:\/\/www.enfasis.mx\/wp-content\/uploads\/2026\/09\/tte.png","width":1678,"height":828},"datePublished":"2026-09-02T09:17:57-07:00","dateModified":"2026-09-02T09:18:51-07:00","inLanguage":"en-US","mainEntityOfPage":{"@id":"https:\/\/www.enfasis.mx\/?p=280#webpage"},"isPartOf":{"@id":"https:\/\/www.enfasis.mx\/?p=280#webpage"},"articleSection":"Pol\u00edtica"},{"@type":"BreadcrumbList","@id":"https:\/\/www.enfasis.mx\/?p=280#breadcrumblist","itemListElement":[{"@type":"ListItem","@id":"https:\/\/www.enfasis.mx#listItem","position":1,"name":"Home","item":"https:\/\/www.enfasis.mx","nextItem":{"@type":"ListItem","@id":"https:\/\/www.enfasis.mx\/?cat=4#listItem","name":"Pol\u00edtica"}},{"@type":"ListItem","@id":"https:\/\/www.enfasis.mx\/?cat=4#listItem","position":2,"name":"Pol\u00edtica","item":"https:\/\/www.enfasis.mx\/?cat=4","nextItem":{"@type":"ListItem","@id":"https:\/\/www.enfasis.mx\/?p=280#listItem","name":"Guillermo Luj\u00e1n respalda a C\u00e9sar J\u00e1uregui y pide consultar a militantes y ciudadanos"},"previousItem":{"@type":"ListItem","@id":"https:\/\/www.enfasis.mx#listItem","name":"Home"}},{"@type":"ListItem","@id":"https:\/\/www.enfasis.mx\/?p=280#listItem","position":3,"name":"Guillermo Luj\u00e1n respalda a C\u00e9sar J\u00e1uregui y pide consultar a militantes y ciudadanos","previousItem":{"@type":"ListItem","@id":"https:\/\/www.enfasis.mx\/?cat=4#listItem","name":"Pol\u00edtica"}}]},{"@type":"Organization","@id":"https:\/\/www.enfasis.mx\/#organization","name":"\u00c9nfasis Ser Empresario","description":"El acento en la econom\u00eda y la pol\u00edtica Grupo Editorial Fundado en 1998, su marca insignia es REVISTA SER EMPRESARIO la revista empresarial mas importante del Estado","url":"https:\/\/www.enfasis.mx\/","logo":{"@type":"ImageObject","url":"http:\/\/www.enfasis.mx\/wp-content\/uploads\/2026\/07\/Enfasis-Logo-1.png","@id":"https:\/\/www.enfasis.mx\/?p=280\/#organizationLogo"},"image":{"@id":"https:\/\/www.enfasis.mx\/?p=280\/#organizationLogo"}},{"@type":"Person","@id":"https:\/\/www.enfasis.mx\/?author=13#author","url":"https:\/\/www.enfasis.mx\/?author=13","name":"Redaccion"},{"@type":"WebPage","@id":"https:\/\/www.enfasis.mx\/?p=280#webpage","url":"https:\/\/www.enfasis.mx\/?p=280","name":"Guillermo Luj\u00e1n respalda a C\u00e9sar J\u00e1uregui y pide consultar a militantes y ciudadanos - \u00c9nfasis","description":"Chihuahua, Chih., 1 de septiembre de 2026.- El panista Guillermo Luj\u00e1n respald\u00f3 p\u00fablicamente a C\u00e9sar J\u00e1uregui como la mejor opci\u00f3n del PAN para la Presidencia Municipal de Chihuahua y pidi\u00f3 que la candidatura se defina mediante la consulta a la militancia y a la ciudadan\u00eda. En un mensaje dirigido a panistas y simpatizantes de Acci\u00f3n","inLanguage":"en-US","isPartOf":{"@id":"https:\/\/www.enfasis.mx\/#website"},"breadcrumb":{"@id":"https:\/\/www.enfasis.mx\/?p=280#breadcrumblist"},"author":{"@id":"https:\/\/www.enfasis.mx\/?author=13#author"},"creator":{"@id":"https:\/\/www.enfasis.mx\/?author=13#author"},"image":{"@type":"ImageObject","url":"https:\/\/www.enfasis.mx\/wp-content\/uploads\/2026\/09\/tte.png","@id":"https:\/\/www.enfasis.mx\/?p=280\/#mainImage","width":1678,"height":828},"primaryImageOfPage":{"@id":"https:\/\/www.enfasis.mx\/?p=280#mainImage"},"datePublished":"2026-09-02T09:17:57-07:00","dateModified":"2026-09-02T09:18:51-07:00"},{"@type":"WebSite","@id":"https:\/\/www.enfasis.mx\/#website","url":"https:\/\/www.enfasis.mx\/","name":"\u00c9nfasis","description":"El acento en la econom\u00eda y la pol\u00edtica","inLanguage":"en-US","publisher":{"@id":"https:\/\/www.enfasis.mx\/#organization"}}]},"og:locale":"en_US","og:site_name":"\u00c9nfasis - El acento en la econom\u00eda y la pol\u00edtica","og:type":"article","og:title":"Guillermo Luj\u00e1n respalda a C\u00e9sar J\u00e1uregui y pide consultar a militantes y ciudadanos - \u00c9nfasis","og:description":"Chihuahua, Chih., 1 de septiembre de 2026.- El panista Guillermo Luj\u00e1n respald\u00f3 p\u00fablicamente a C\u00e9sar J\u00e1uregui como la mejor opci\u00f3n del PAN para la Presidencia Municipal de Chihuahua y pidi\u00f3 que la candidatura se defina mediante la consulta a la militancia y a la ciudadan\u00eda. En un mensaje dirigido a panistas y simpatizantes de Acci\u00f3n","og:url":"https:\/\/www.enfasis.mx\/?p=280","og:image":"https:\/\/www.enfasis.mx\/wp-content\/uploads\/2026\/09\/tte.png","og:image:secure_url":"https:\/\/www.enfasis.mx\/wp-content\/uploads\/2026\/09\/tte.png","og:image:width":1678,"og:image:height":828,"article:published_time":"2026-09-02T16:17:57+00:00","article:modified_time":"2026-09-02T16:18:51+00:00","twitter:card":"summary_large_image","twitter:title":"Guillermo Luj\u00e1n respalda a C\u00e9sar J\u00e1uregui y pide consultar a militantes y ciudadanos - \u00c9nfasis","twitter:description":"Chihuahua, Chih., 1 de septiembre de 2026.- El panista Guillermo Luj\u00e1n respald\u00f3 p\u00fablicamente a C\u00e9sar J\u00e1uregui como la mejor opci\u00f3n del PAN para la Presidencia Municipal de Chihuahua y pidi\u00f3 que la candidatura se defina mediante la consulta a la militancia y a la ciudadan\u00eda. En un mensaje dirigido a panistas y simpatizantes de Acci\u00f3n","twitter:image":"http:\/\/www.enfasis.mx\/wp-content\/uploads\/2026\/07\/Enfasis-Logo-1.png"},"aioseo_meta_data":{"post_id":"280","title":"#post_title #separator_sa #site_title","description":"#post_excerpt","keywords":null,"keyphrases":{"focus":{"keyphrase":"","score":0,"analysis":{"keyphraseInTitle":{"score":0,"maxScore":9,"error":1}}},"additional":[]},"primary_term":null,"canonical_url":null,"og_title":null,"og_description":null,"og_object_type":"default","og_image_type":"default","og_image_custom_url":null,"og_image_custom_fields":null,"og_image_url":null,"og_image_width":null,"og_image_height":null,"og_video":"","og_custom_url":null,"og_article_section":null,"og_article_tags":null,"twitter_use_og":false,"twitter_card":"default","twitter_image_type":"default","twitter_image_custom_url":null,"twitter_image_custom_fields":null,"twitter_image_url":null,"twitter_title":null,"twitter_description":null,"schema_type":"default","schema_type_options":null,"schema":{"blockGraphs":[],"customGraphs":[],"default":{"data":{"Article":[],"Course":[],"Dataset":[],"FAQPage":[],"Movie":[],"Person":[],"Product":[],"ProductReview":[],"Car":[],"Recipe":[],"Service":[],"SoftwareApplication":[],"WebPage":[]},"graphName":"BlogPosting","isEnabled":true},"graphs":[]},"pillar_content":false,"robots_default":true,"robots_noindex":false,"robots_noarchive":false,"robots_nosnippet":false,"robots_nofollow":false,"robots_noimageindex":false,"robots_noodp":false,"robots_notranslate":false,"robots_max_snippet":"-1","robots_max_videopreview":"-1","robots_max_imagepreview":"large","priority":null,"frequency":"default","local_seo":null,"limit_modified_date":false,"ai":{"faqs":[],"keyPoints":[],"schemas":[],"titles":[],"descriptions":[],"socialPosts":{"email":{"subject":"","preview":"","content":""},"linkedin":[],"twitter":[],"facebook":[],"instagram":[]}},"breadcrumb_settings":null,"seo_analyzer_scan_date":null,"created":"2026-09-02 16:18:00","updated":"2026-09-02 16:45:20"},"aioseo_breadcrumb":"<div class=\"aioseo-breadcrumbs\"><span class=\"aioseo-breadcrumb\">\n\t\t\t<a href=\"https:\/\/www.enfasis.mx\" title=\"Home\">Home<\/a>\n\t\t<\/span><span class=\"aioseo-breadcrumb-separator\">&raquo;<\/span><span class=\"aioseo-breadcrumb\">\n\t\t\t<a href=\"https:\/\/www.enfasis.mx\/?cat=4\" title=\"Pol\u00edtica\">Pol\u00edtica<\/a>\n\t\t<\/span><span class=\"aioseo-breadcrumb-separator\">&raquo;<\/span><span class=\"aioseo-breadcrumb\">\n\t\t\tGuillermo Luj\u00e1n respalda a C\u00e9sar J\u00e1uregui y pide consultar a militantes y ciudadanos\n\t\t<\/span><\/div>","aioseo_breadcrumb_json":[{"label":"Home","link":"https:\/\/www.enfasis.mx"},{"label":"Pol\u00edtica","link":"https:\/\/www.enfasis.mx\/?cat=4"},{"label":"Guillermo Luj\u00e1n respalda a C\u00e9sar J\u00e1uregui y pide consultar a militantes y ciudadanos","link":"https:\/\/www.enfasis.mx\/?p=280"}],"wpmagazine_modules_lite_featured_media_urls":{"thumbnail":["https:\/\/www.enfasis.mx\/wp-content\/uploads\/2026\/09\/tte-150x150.png",150,150,true],"cvmm-medium":["https:\/\/www.enfasis.mx\/wp-content\/uploads\/2026\/09\/tte-300x300.png",300,300,true],"cvmm-medium-plus":["https:\/\/www.enfasis.mx\/wp-content\/uploads\/2026\/09\/tte-305x207.png",305,207,true],"cvmm-portrait":["https:\/\/www.enfasis.mx\/wp-content\/uploads\/2026\/09\/tte-400x600.png",400,600,true],"cvmm-medium-square":["https:\/\/www.enfasis.mx\/wp-content\/uploads\/2026\/09\/tte-600x600.png",600,600,true],"cvmm-large":["https:\/\/www.enfasis.mx\/wp-content\/uploads\/2026\/09\/tte-1024x828.png",1024,828,true],"cvmm-small":["https:\/\/www.enfasis.mx\/wp-content\/uploads\/2026\/09\/tte-130x95.png",130,95,true],"full":["https:\/\/www.enfasis.mx\/wp-content\/uploads\/2026\/09\/tte.png",1678,828,false]},"categories_names":{"4":{"name":"Pol\u00edtica","link":"https:\/\/www.enfasis.mx\/?cat=4"}},"tags_names":[],"comments_number":"0","jetpack_sharing_enabled":true,"jetpack_featured_media_url":"https:\/\/www.enfasis.mx\/wp-content\/uploads\/2026\/09\/tte.png","_links":{"self":[{"href":"https:\/\/www.enfasis.mx\/index.php?rest_route=\/wp\/v2\/posts\/280","targetHints":{"allow":["GET"]}}],"collection":[{"href":"https:\/\/www.enfasis.mx\/index.php?rest_route=\/wp\/v2\/posts"}],"about":[{"href":"https:\/\/www.enfasis.mx\/index.php?rest_route=\/wp\/v2\/types\/post"}],"author":[{"embeddable":true,"href":"https:\/\/www.enfasis.mx\/index.php?rest_route=\/wp\/v2\/users\/13"}],"replies":[{"embeddable":true,"href":"https:\/\/www.enfasis.mx\/index.php?rest_route=%2Fwp%2Fv2%2Fcomments&post=280"}],"version-history":[{"count":1,"href":"https:\/\/www.enfasis.mx\/index.php?rest_route=\/wp\/v2\/posts\/280\/revisions"}],"predecessor-version":[{"id":283,"href":"https:\/\/www.enfasis.mx\/index.php?rest_route=\/wp\/v2\/posts\/280\/revisions\/283"}],"wp:featuredmedia":[{"embeddable":true,"href":"https:\/\/www.enfasis.mx\/index.php?rest_route=\/wp\/v2\/media\/282"}],"wp:attachment":[{"href":"https:\/\/www.enfasis.mx\/index.php?rest_route=%2Fwp%2Fv2%2Fmedia&parent=280"}],"wp:term":[{"taxonomy":"category","embeddable":true,"href":"https:\/\/www.enfasis.mx\/index.php?rest_route=%2Fwp%2Fv2%2Fcategories&post=280"},{"taxonomy":"post_tag","embeddable":true,"href":"https:\/\/www.enfasis.mx\/index.php?rest_route=%2Fwp%2Fv2%2Ftags&post=280"}],"curies":[{"name":"wp","href":"https:\/\/api.w.org\/{rel}","templated":true}]}}