{"id":284,"date":"2026-09-02T09:43:13","date_gmt":"2026-09-02T16:43:13","guid":{"rendered":"https:\/\/www.enfasis.mx\/?p=284"},"modified":"2026-09-03T08:55:44","modified_gmt":"2026-09-03T15:55:44","slug":"el-pais-cambia-y-nuestros-municipios","status":"publish","type":"post","link":"https:\/\/www.enfasis.mx\/?p=284","title":{"rendered":"El pa\u00eds cambia. \u00bfY nuestros municipios?"},"content":{"rendered":"\n<p class=\"wp-block-paragraph\"><strong style=\"white-space: normal;\">Mario \u00c1lvarez Porras<\/strong><em style=\"white-space: normal;\">\u00a0El Profe Inc\u00f3modo<\/em><\/p>\n\n\n\n<p class=\"wp-block-paragraph\">Hay algo que siempre me ha llamado la atenci\u00f3n despu\u00e9s de un informe de gobierno: durante unos d\u00edas hablamos de cifras, obras, programas y resultados; despu\u00e9s, casi inevitablemente, la conversaci\u00f3n se convierte en una disputa entre quienes quieren celebrarlo todo y quienes quieren descalificarlo todo. Y entre una postura y otra suele perderse lo m\u00e1s importante: preguntarnos qu\u00e9 cambi\u00f3 realmente y qu\u00e9 falta todav\u00eda por cambiar.<\/p>\n\n\n\n<p class=\"wp-block-paragraph\">El Segundo Informe de Gobierno de Claudia Sheinbaum ofrece una oportunidad para hacer justamente eso. M\u00e1s all\u00e1 de simpat\u00edas pol\u00edticas, permite mirar d\u00f3nde est\u00e1 M\u00e9xico y preguntarnos qu\u00e9 significa esa transformaci\u00f3n cuando dejamos de verla desde la perspectiva nacional y la observamos desde nuestras comunidades. Seguridad, econom\u00eda, educaci\u00f3n, salud y vivienda estuvieron entre los temas abordados por la presidenta en su mensaje (Mercado, 2026; Romero, 2026). (<a href=\"https:\/\/www.eluniversal.com.mx\/nacion\/segundo-informe-de-sheinbaum-punto-por-punto-seguridad-migracion-y-soberania-marcan-la-agenda-del-discurso\/?utm_source=chatgpt.com\"><u>El Universal<\/u><\/a>)<\/p>\n\n\n\n<p class=\"wp-block-paragraph\">Porque detr\u00e1s de cada cifra existe una historia.<\/p>\n\n\n\n<p class=\"wp-block-paragraph\">Y quiz\u00e1 en ning\u00fan lugar sea tan evidente como en la educaci\u00f3n. Una estad\u00edstica puede hablarnos de cobertura, matr\u00edcula o infraestructura, pero dif\u00edcilmente puede explicar por s\u00ed sola lo que ocurre cuando un estudiante llega al aula despu\u00e9s de haber perdido meses de aprendizaje, cuando un joven termina la escuela sin encontrar una oportunidad laboral o cuando una familia descubre que estudiar no siempre garantiza encontrar un camino.<\/p>\n\n\n\n<p class=\"wp-block-paragraph\">Ah\u00ed es donde las pol\u00edticas p\u00fablicas dejan de ser n\u00fameros y comienzan a convertirse en realidad.<\/p>\n\n\n\n<p class=\"wp-block-paragraph\">Durante el Segundo Informe, Sheinbaum destac\u00f3 la creaci\u00f3n de 156 mil nuevos lugares para educaci\u00f3n media superior durante 2026, adem\u00e1s de la apertura de 13 nuevas unidades de la Universidad Rosario Castellanos. La estrategia plantea ampliar la cobertura y alcanzar 400 mil nuevos espacios de educaci\u00f3n media superior hacia 2030 (Bet\u00e1n, 2026). (<a href=\"https:\/\/www.excelsior.com.mx\/nacional\/2026-crearan-156-mil-nuevos-lugares-educacion-media-superior?utm_source=chatgpt.com\"><u>Exc\u00e9lsior<\/u><\/a>)<\/p>\n\n\n\n<p class=\"wp-block-paragraph\">Es un esfuerzo importante. Pero construir un espacio educativo no es lo mismo que construir una trayectoria educativa.<\/p>\n\n\n\n<p class=\"wp-block-paragraph\">Una escuela puede tener infraestructura. Un joven puede tener un lugar disponible. Sin embargo, todav\u00eda quedan preguntas que ning\u00fan informe nacional puede responder por s\u00ed solo: \u00bfqu\u00e9 sucede despu\u00e9s?, \u00bfqu\u00e9 oportunidades encuentra ese joven en su comunidad?, \u00bfqu\u00e9 relaci\u00f3n existe entre lo que aprende y las posibilidades que tendr\u00e1 para incorporarse al mundo laboral?, \u00bfqu\u00e9 papel desempe\u00f1an la cultura, el deporte, los espacios p\u00fablicos y las instituciones locales?<\/p>\n\n\n\n<p class=\"wp-block-paragraph\">Ah\u00ed aparece el municipio.<\/p>\n\n\n\n<p class=\"wp-block-paragraph\">No para sustituir a las autoridades educativas ni para asumir responsabilidades que corresponden a otros \u00f3rdenes de gobierno. Su papel puede ser mucho m\u00e1s inteligente: convertirse en un articulador.<\/p>\n\n\n\n<p class=\"wp-block-paragraph\">Conectar la escuela con la empresa. La capacitaci\u00f3n con el empleo. Los j\u00f3venes con las oportunidades. La cultura con el espacio p\u00fablico. Las instituciones entre s\u00ed.<\/p>\n\n\n\n<p class=\"wp-block-paragraph\">Lo que muchas veces nos falta no es capacidad, sino conexi\u00f3n.<\/p>\n\n\n\n<p class=\"wp-block-paragraph\">Y esa conexi\u00f3n no se construye \u00fanicamente organizando actividades. Requiere conocer el problema, escuchar a quienes lo viven, establecer objetivos y despu\u00e9s evaluar si aquello que se hizo realmente funcion\u00f3.<\/p>\n\n\n\n<p class=\"wp-block-paragraph\">Quienes hemos estado cerca de las aulas sabemos que un problema educativo rara vez termina cuando suena el timbre. Detr\u00e1s de un alumno que presenta dificultades puede existir una historia familiar, una brecha de aprendizaje, falta de acompa\u00f1amiento o simplemente la ausencia de una oportunidad.<\/p>\n\n\n\n<p class=\"wp-block-paragraph\">Tambi\u00e9n sabemos que una instituci\u00f3n educativa no funciona \u00fanicamente con maestros y estudiantes. Hay reglas, convivencia, administraci\u00f3n, acompa\u00f1amiento y decisiones cotidianas que terminan influyendo en la experiencia de quienes forman parte de ella.<\/p>\n\n\n\n<p class=\"wp-block-paragraph\">Y basta acercarse al mundo del trabajo para comprender otra dimensi\u00f3n de esta misma discusi\u00f3n. Cuando hablamos de empleo, productividad, capacitaci\u00f3n o seguridad laboral, solemos hacerlo desde las estad\u00edsticas. Pero detr\u00e1s de cada turno hay personas, familias, horarios, responsabilidades y proyectos de vida.<\/p>\n\n\n\n<p class=\"wp-block-paragraph\">Quiz\u00e1 por eso uno de los grandes desaf\u00edos de nuestros municipios sea dejar de mirar estos asuntos como compartimentos separados.<\/p>\n\n\n\n<p class=\"wp-block-paragraph\">Educaci\u00f3n por un lado. Juventud por otro. Empleo en otra oficina. Cultura en otra. Desarrollo econ\u00f3mico en otra.<\/p>\n\n\n\n<p class=\"wp-block-paragraph\">La realidad, sin embargo, no funciona as\u00ed.<\/p>\n\n\n\n<p class=\"wp-block-paragraph\">El joven que estudia tambi\u00e9n busca empleo. El trabajador tambi\u00e9n necesita capacitaci\u00f3n. La familia tambi\u00e9n necesita espacios p\u00fablicos seguros. La empresa necesita personal preparado. La escuela necesita vincularse con su comunidad.<\/p>\n\n\n\n<p class=\"wp-block-paragraph\">Todo est\u00e1 conectado.<\/p>\n\n\n\n<p class=\"wp-block-paragraph\">Y gobernar consiste, en buena medida, en comprender esas conexiones.<\/p>\n\n\n\n<p class=\"wp-block-paragraph\">Por eso tambi\u00e9n resulta importante observar lo que sucede a nivel local. En Camargo, por ejemplo, la discusi\u00f3n sobre las pol\u00edticas de juventud no puede reducirse a organizar eventos. En enero de este a\u00f1o, ImpactoNoticias inform\u00f3 sobre el cierre de las oficinas del Instituto Camarguense de la Juventud y sobre el llamado de la s\u00edndica municipal a reabrirlas, al se\u00f1alar la necesidad de que los j\u00f3venes contaran con un espacio de atenci\u00f3n. La misma informaci\u00f3n indic\u00f3 que el programa Chidamente continuaba atendiendo a usuarios que ya formaban parte de \u00e9l (Vallejo, 2026). (<a href=\"https:\/\/impactonoticias.com.mx\/camargo\/exhorta-sindica-municipal-a-reapertura-del-instituto-camarguense-de-la-juventud-cerrado-desde-finales-de-2025\/?utm_source=chatgpt.com\"><u>Impacto Noticias<\/u><\/a>)<\/p>\n\n\n\n<p class=\"wp-block-paragraph\">El dato podr\u00eda parecer menor frente a las grandes cifras nacionales. No lo es.<\/p>\n\n\n\n<p class=\"wp-block-paragraph\">Porque una pol\u00edtica p\u00fablica comienza precisamente ah\u00ed: cuando una necesidad concreta deja de ser una preocupaci\u00f3n aislada y se convierte en una responsabilidad institucional.<\/p>\n\n\n\n<p class=\"wp-block-paragraph\">Escuchar a los j\u00f3venes es importante. Pero escucharlos y no hacer nada con lo que dicen termina convirtiendo la participaci\u00f3n en una ceremonia.<\/p>\n\n\n\n<p class=\"wp-block-paragraph\">Una pol\u00edtica p\u00fablica seria necesita algo m\u00e1s: diagn\u00f3stico, objetivos, recursos, acciones y evaluaci\u00f3n.<\/p>\n\n\n\n<p class=\"wp-block-paragraph\">Y aqu\u00ed aparece una diferencia fundamental entre administrar y gobernar.<\/p>\n\n\n\n<p class=\"wp-block-paragraph\">Administrar es mantener en funcionamiento lo que existe.<\/p>\n\n\n\n<p class=\"wp-block-paragraph\">Gobernar implica preguntarse qu\u00e9 debe cambiar.<\/p>\n\n\n\n<p class=\"wp-block-paragraph\">Nuestros municipios necesitan dejar atr\u00e1s la idea de que gobernar consiste \u00fanicamente en inaugurar obras, organizar eventos o resolver problemas conforme aparecen. Todo eso forma parte de la administraci\u00f3n p\u00fablica, pero una ciudad necesita tambi\u00e9n visi\u00f3n.<\/p>\n\n\n\n<p class=\"wp-block-paragraph\">Necesita preguntarse d\u00f3nde quiere estar dentro de cinco, diez o quince a\u00f1os.<\/p>\n\n\n\n<p class=\"wp-block-paragraph\">Qu\u00e9 j\u00f3venes quiere formar.<\/p>\n\n\n\n<p class=\"wp-block-paragraph\">Qu\u00e9 empleos quiere atraer.<\/p>\n\n\n\n<p class=\"wp-block-paragraph\">Qu\u00e9 empresas quiere fortalecer.<\/p>\n\n\n\n<p class=\"wp-block-paragraph\">Qu\u00e9 espacios p\u00fablicos quiere recuperar.<\/p>\n\n\n\n<p class=\"wp-block-paragraph\">Qu\u00e9 instituciones necesita construir.<\/p>\n\n\n\n<p class=\"wp-block-paragraph\">Qu\u00e9 problemas no puede seguir heredando de una administraci\u00f3n a otra.<\/p>\n\n\n\n<p class=\"wp-block-paragraph\">Porque los gobiernos terminan. Los funcionarios cambian. Los nombres pasan. Las instituciones permanecen.<\/p>\n\n\n\n<p class=\"wp-block-paragraph\">Por eso la discusi\u00f3n que deber\u00edamos comenzar a tener rumbo a 2027 no tendr\u00eda que concentrarse \u00fanicamente en qui\u00e9n quiere gobernar.<\/p>\n\n\n\n<p class=\"wp-block-paragraph\">Tendr\u00eda que preguntarse c\u00f3mo quiere gobernar.<\/p>\n\n\n\n<p class=\"wp-block-paragraph\">No solamente qu\u00e9 partido ganar\u00e1 una elecci\u00f3n, sino qu\u00e9 proyecto de municipio estamos dispuestos a construir.<\/p>\n\n\n\n<p class=\"wp-block-paragraph\">M\u00e9xico est\u00e1 cambiando. La educaci\u00f3n est\u00e1 cambiando. Los j\u00f3venes est\u00e1n cambiando. El mundo del trabajo tambi\u00e9n est\u00e1 cambiando.<\/p>\n\n\n\n<p class=\"wp-block-paragraph\">Nuestras ciudades tendr\u00e1n que hacerlo con ellos.<\/p>\n\n\n\n<p class=\"wp-block-paragraph\">La pregunta ya no es solamente hacia d\u00f3nde va el pa\u00eds.<\/p>\n\n\n\n<p class=\"wp-block-paragraph\">La pregunta es si nuestros municipios est\u00e1n preparados para cambiar con \u00e9l.<\/p>\n\n\n\n<p class=\"wp-block-paragraph\"><\/p>\n\n\n\n<p class=\"wp-block-paragraph\"><strong>Referencias<\/strong><\/p>\n\n\n\n<p class=\"wp-block-paragraph\">Bet\u00e1n, B. (2026, 1 de septiembre).&nbsp;<em>En 2026 se crear\u00e1n 156 mil nuevos lugares en educaci\u00f3n media superior<\/em>. Exc\u00e9lsior.<\/p>\n\n\n\n<p class=\"wp-block-paragraph\">Mercado, S. (2026, 1 de septiembre).&nbsp;<em>Segundo informe de Sheinbaum, punto por punto: seguridad, migraci\u00f3n y soberan\u00eda marcan la agenda del discurso<\/em>. El Universal.<\/p>\n\n\n\n<p class=\"wp-block-paragraph\">Romero, N. (2026, 1 de septiembre).&nbsp;<em>\u201cQue nadie se equivoque: aqu\u00ed no hay divisiones, aqu\u00ed no hay rompimientos\u201d; Sheinbaum da mensaje por su segundo informe de Gobierno<\/em>. El Universal.<\/p>\n\n\n\n<p class=\"wp-block-paragraph\">Vallejo, E. (2026, 30 de enero).&nbsp;<em>Exhorta s\u00edndica municipal a reapertura del Instituto Camarguense de la Juventud; cerrado desde finales de 2025<\/em>. ImpactoNoticias.<\/p>\n\n\n\n<p class=\"wp-block-paragraph\"><\/p>\n","protected":false},"excerpt":{"rendered":"<p>Mario \u00c1lvarez Porras\u00a0El Profe Inc\u00f3modo Hay algo que siempre me ha llamado la atenci\u00f3n despu\u00e9s de un informe de gobierno: durante unos d\u00edas hablamos de cifras, obras, programas y resultados; despu\u00e9s, casi inevitablemente, la conversaci\u00f3n se convierte en una disputa entre quienes quieren celebrarlo todo y quienes quieren descalificarlo todo. Y entre una postura y [&hellip;]<\/p>\n","protected":false},"author":10,"featured_media":285,"comment_status":"closed","ping_status":"open","sticky":false,"template":"","format":"standard","meta":{"_jetpack_newsletter_access":"","_jetpack_dont_email_post_to_subs":false,"_jetpack_newsletter_tier_id":0,"_jetpack_memberships_contains_paywalled_content":false,"_jetpack_feature_clip_id":0,"_jetpack_memberships_contains_paid_content":false,"footnotes":"","jetpack_post_was_ever_published":false},"categories":[4],"tags":[],"class_list":["post-284","post","type-post","status-publish","format-standard","has-post-thumbnail","hentry","category-analisis-politico"],"aioseo_notices":[],"aioseo_head":"\n\t\t<!-- All in One SEO 4.9.10 - aioseo.com -->\n\t<meta name=\"description\" content=\"Mario \u00c1lvarez Porras El Profe Inc\u00f3modo Hay algo que siempre me ha llamado la atenci\u00f3n despu\u00e9s de un informe de gobierno: durante unos d\u00edas hablamos de cifras, obras, programas y resultados; despu\u00e9s, casi inevitablemente, la conversaci\u00f3n se convierte en una disputa entre quienes quieren celebrarlo todo y quienes quieren descalificarlo todo. Y entre una postura y\" \/>\n\t<meta name=\"robots\" content=\"max-image-preview:large\" \/>\n\t<meta name=\"author\" content=\"Mario \u00c1lvarez Porras\"\/>\n\t<meta name=\"google-site-verification\" content=\"jlwkLGgnMBpX8ktutl9e1D8Kvl7Rh7xmXQIHtOLk65U\" \/>\n\t<link rel=\"canonical\" href=\"https:\/\/www.enfasis.mx\/?p=284\" \/>\n\t<meta name=\"generator\" content=\"All in One SEO (AIOSEO) 4.9.10\" \/>\n\t\t<meta property=\"og:locale\" content=\"en_US\" \/>\n\t\t<meta property=\"og:site_name\" content=\"\u00c9nfasis - El acento en la econom\u00eda y la pol\u00edtica\" \/>\n\t\t<meta property=\"og:type\" content=\"article\" \/>\n\t\t<meta property=\"og:title\" content=\"El pa\u00eds cambia. \u00bfY nuestros municipios? - \u00c9nfasis\" \/>\n\t\t<meta property=\"og:description\" content=\"Mario \u00c1lvarez Porras El Profe Inc\u00f3modo Hay algo que siempre me ha llamado la atenci\u00f3n despu\u00e9s de un informe de gobierno: durante unos d\u00edas hablamos de cifras, obras, programas y resultados; despu\u00e9s, casi inevitablemente, la conversaci\u00f3n se convierte en una disputa entre quienes quieren celebrarlo todo y quienes quieren descalificarlo todo. Y entre una postura y\" \/>\n\t\t<meta property=\"og:url\" content=\"https:\/\/www.enfasis.mx\/?p=284\" \/>\n\t\t<meta property=\"og:image\" content=\"https:\/\/www.enfasis.mx\/wp-content\/uploads\/2026\/09\/Mario-Alvarez-Municipios.png\" \/>\n\t\t<meta property=\"og:image:secure_url\" content=\"https:\/\/www.enfasis.mx\/wp-content\/uploads\/2026\/09\/Mario-Alvarez-Municipios.png\" \/>\n\t\t<meta property=\"og:image:width\" content=\"550\" \/>\n\t\t<meta property=\"og:image:height\" content=\"288\" \/>\n\t\t<meta property=\"article:published_time\" content=\"2026-09-02T16:43:13+00:00\" \/>\n\t\t<meta property=\"article:modified_time\" content=\"2026-09-03T15:55:44+00:00\" \/>\n\t\t<meta name=\"twitter:card\" content=\"summary_large_image\" \/>\n\t\t<meta name=\"twitter:title\" content=\"El pa\u00eds cambia. \u00bfY nuestros municipios? - \u00c9nfasis\" \/>\n\t\t<meta name=\"twitter:description\" content=\"Mario \u00c1lvarez Porras El Profe Inc\u00f3modo Hay algo que siempre me ha llamado la atenci\u00f3n despu\u00e9s de un informe de gobierno: durante unos d\u00edas hablamos de cifras, obras, programas y resultados; despu\u00e9s, casi inevitablemente, la conversaci\u00f3n se convierte en una disputa entre quienes quieren celebrarlo todo y quienes quieren descalificarlo todo. Y entre una postura y\" \/>\n\t\t<meta name=\"twitter:image\" content=\"https:\/\/www.enfasis.mx\/wp-content\/uploads\/2026\/09\/Mario-Alvarez-Municipios.png\" \/>\n\t\t<script type=\"application\/ld+json\" class=\"aioseo-schema\">\n\t\t\t{\"@context\":\"https:\\\/\\\/schema.org\",\"@graph\":[{\"@type\":\"BlogPosting\",\"@id\":\"https:\\\/\\\/www.enfasis.mx\\\/?p=284#blogposting\",\"name\":\"El pa\\u00eds cambia. \\u00bfY nuestros municipios? - \\u00c9nfasis\",\"headline\":\"El pa\\u00eds cambia. \\u00bfY nuestros municipios?\",\"author\":{\"@id\":\"https:\\\/\\\/www.enfasis.mx\\\/?author=10#author\"},\"publisher\":{\"@id\":\"https:\\\/\\\/www.enfasis.mx\\\/#organization\"},\"image\":{\"@type\":\"ImageObject\",\"url\":\"https:\\\/\\\/www.enfasis.mx\\\/wp-content\\\/uploads\\\/2026\\\/09\\\/Mario-Alvarez-Municipios.png\",\"width\":550,\"height\":288},\"datePublished\":\"2026-09-02T09:43:13-07:00\",\"dateModified\":\"2026-09-03T08:55:44-07:00\",\"inLanguage\":\"en-US\",\"mainEntityOfPage\":{\"@id\":\"https:\\\/\\\/www.enfasis.mx\\\/?p=284#webpage\"},\"isPartOf\":{\"@id\":\"https:\\\/\\\/www.enfasis.mx\\\/?p=284#webpage\"},\"articleSection\":\"Pol\\u00edtica\"},{\"@type\":\"BreadcrumbList\",\"@id\":\"https:\\\/\\\/www.enfasis.mx\\\/?p=284#breadcrumblist\",\"itemListElement\":[{\"@type\":\"ListItem\",\"@id\":\"https:\\\/\\\/www.enfasis.mx#listItem\",\"position\":1,\"name\":\"Home\",\"item\":\"https:\\\/\\\/www.enfasis.mx\",\"nextItem\":{\"@type\":\"ListItem\",\"@id\":\"https:\\\/\\\/www.enfasis.mx\\\/?cat=4#listItem\",\"name\":\"Pol\\u00edtica\"}},{\"@type\":\"ListItem\",\"@id\":\"https:\\\/\\\/www.enfasis.mx\\\/?cat=4#listItem\",\"position\":2,\"name\":\"Pol\\u00edtica\",\"item\":\"https:\\\/\\\/www.enfasis.mx\\\/?cat=4\",\"nextItem\":{\"@type\":\"ListItem\",\"@id\":\"https:\\\/\\\/www.enfasis.mx\\\/?p=284#listItem\",\"name\":\"El pa\\u00eds cambia. \\u00bfY nuestros municipios?\"},\"previousItem\":{\"@type\":\"ListItem\",\"@id\":\"https:\\\/\\\/www.enfasis.mx#listItem\",\"name\":\"Home\"}},{\"@type\":\"ListItem\",\"@id\":\"https:\\\/\\\/www.enfasis.mx\\\/?p=284#listItem\",\"position\":3,\"name\":\"El pa\\u00eds cambia. \\u00bfY nuestros municipios?\",\"previousItem\":{\"@type\":\"ListItem\",\"@id\":\"https:\\\/\\\/www.enfasis.mx\\\/?cat=4#listItem\",\"name\":\"Pol\\u00edtica\"}}]},{\"@type\":\"Organization\",\"@id\":\"https:\\\/\\\/www.enfasis.mx\\\/#organization\",\"name\":\"\\u00c9nfasis Ser Empresario\",\"description\":\"El acento en la econom\\u00eda y la pol\\u00edtica Grupo Editorial Fundado en 1998, su marca insignia es REVISTA SER EMPRESARIO la revista empresarial mas importante del Estado\",\"url\":\"https:\\\/\\\/www.enfasis.mx\\\/\",\"logo\":{\"@type\":\"ImageObject\",\"url\":\"http:\\\/\\\/www.enfasis.mx\\\/wp-content\\\/uploads\\\/2026\\\/07\\\/Enfasis-Logo-1.png\",\"@id\":\"https:\\\/\\\/www.enfasis.mx\\\/?p=284\\\/#organizationLogo\"},\"image\":{\"@id\":\"https:\\\/\\\/www.enfasis.mx\\\/?p=284\\\/#organizationLogo\"}},{\"@type\":\"Person\",\"@id\":\"https:\\\/\\\/www.enfasis.mx\\\/?author=10#author\",\"url\":\"https:\\\/\\\/www.enfasis.mx\\\/?author=10\",\"name\":\"Mario \\u00c1lvarez Porras\"},{\"@type\":\"WebPage\",\"@id\":\"https:\\\/\\\/www.enfasis.mx\\\/?p=284#webpage\",\"url\":\"https:\\\/\\\/www.enfasis.mx\\\/?p=284\",\"name\":\"El pa\\u00eds cambia. \\u00bfY nuestros municipios? - \\u00c9nfasis\",\"description\":\"Mario \\u00c1lvarez Porras El Profe Inc\\u00f3modo Hay algo que siempre me ha llamado la atenci\\u00f3n despu\\u00e9s de un informe de gobierno: durante unos d\\u00edas hablamos de cifras, obras, programas y resultados; despu\\u00e9s, casi inevitablemente, la conversaci\\u00f3n se convierte en una disputa entre quienes quieren celebrarlo todo y quienes quieren descalificarlo todo. Y entre una postura y\",\"inLanguage\":\"en-US\",\"isPartOf\":{\"@id\":\"https:\\\/\\\/www.enfasis.mx\\\/#website\"},\"breadcrumb\":{\"@id\":\"https:\\\/\\\/www.enfasis.mx\\\/?p=284#breadcrumblist\"},\"author\":{\"@id\":\"https:\\\/\\\/www.enfasis.mx\\\/?author=10#author\"},\"creator\":{\"@id\":\"https:\\\/\\\/www.enfasis.mx\\\/?author=10#author\"},\"image\":{\"@type\":\"ImageObject\",\"url\":\"https:\\\/\\\/www.enfasis.mx\\\/wp-content\\\/uploads\\\/2026\\\/09\\\/Mario-Alvarez-Municipios.png\",\"@id\":\"https:\\\/\\\/www.enfasis.mx\\\/?p=284\\\/#mainImage\",\"width\":550,\"height\":288},\"primaryImageOfPage\":{\"@id\":\"https:\\\/\\\/www.enfasis.mx\\\/?p=284#mainImage\"},\"datePublished\":\"2026-09-02T09:43:13-07:00\",\"dateModified\":\"2026-09-03T08:55:44-07:00\"},{\"@type\":\"WebSite\",\"@id\":\"https:\\\/\\\/www.enfasis.mx\\\/#website\",\"url\":\"https:\\\/\\\/www.enfasis.mx\\\/\",\"name\":\"\\u00c9nfasis\",\"description\":\"El acento en la econom\\u00eda y la pol\\u00edtica\",\"inLanguage\":\"en-US\",\"publisher\":{\"@id\":\"https:\\\/\\\/www.enfasis.mx\\\/#organization\"}}]}\n\t\t<\/script>\n\t\t<!-- All in One SEO -->\n\n","aioseo_head_json":{"title":"El pa\u00eds cambia. \u00bfY nuestros municipios? - \u00c9nfasis","description":"Mario \u00c1lvarez Porras El Profe Inc\u00f3modo Hay algo que siempre me ha llamado la atenci\u00f3n despu\u00e9s de un informe de gobierno: durante unos d\u00edas hablamos de cifras, obras, programas y resultados; despu\u00e9s, casi inevitablemente, la conversaci\u00f3n se convierte en una disputa entre quienes quieren celebrarlo todo y quienes quieren descalificarlo todo. Y entre una postura y","canonical_url":"https:\/\/www.enfasis.mx\/?p=284","robots":"max-image-preview:large","keywords":"","webmasterTools":{"google-site-verification":"jlwkLGgnMBpX8ktutl9e1D8Kvl7Rh7xmXQIHtOLk65U","miscellaneous":""},"schema":{"@context":"https:\/\/schema.org","@graph":[{"@type":"BlogPosting","@id":"https:\/\/www.enfasis.mx\/?p=284#blogposting","name":"El pa\u00eds cambia. \u00bfY nuestros municipios? - \u00c9nfasis","headline":"El pa\u00eds cambia. \u00bfY nuestros municipios?","author":{"@id":"https:\/\/www.enfasis.mx\/?author=10#author"},"publisher":{"@id":"https:\/\/www.enfasis.mx\/#organization"},"image":{"@type":"ImageObject","url":"https:\/\/www.enfasis.mx\/wp-content\/uploads\/2026\/09\/Mario-Alvarez-Municipios.png","width":550,"height":288},"datePublished":"2026-09-02T09:43:13-07:00","dateModified":"2026-09-03T08:55:44-07:00","inLanguage":"en-US","mainEntityOfPage":{"@id":"https:\/\/www.enfasis.mx\/?p=284#webpage"},"isPartOf":{"@id":"https:\/\/www.enfasis.mx\/?p=284#webpage"},"articleSection":"Pol\u00edtica"},{"@type":"BreadcrumbList","@id":"https:\/\/www.enfasis.mx\/?p=284#breadcrumblist","itemListElement":[{"@type":"ListItem","@id":"https:\/\/www.enfasis.mx#listItem","position":1,"name":"Home","item":"https:\/\/www.enfasis.mx","nextItem":{"@type":"ListItem","@id":"https:\/\/www.enfasis.mx\/?cat=4#listItem","name":"Pol\u00edtica"}},{"@type":"ListItem","@id":"https:\/\/www.enfasis.mx\/?cat=4#listItem","position":2,"name":"Pol\u00edtica","item":"https:\/\/www.enfasis.mx\/?cat=4","nextItem":{"@type":"ListItem","@id":"https:\/\/www.enfasis.mx\/?p=284#listItem","name":"El pa\u00eds cambia. \u00bfY nuestros municipios?"},"previousItem":{"@type":"ListItem","@id":"https:\/\/www.enfasis.mx#listItem","name":"Home"}},{"@type":"ListItem","@id":"https:\/\/www.enfasis.mx\/?p=284#listItem","position":3,"name":"El pa\u00eds cambia. \u00bfY nuestros municipios?","previousItem":{"@type":"ListItem","@id":"https:\/\/www.enfasis.mx\/?cat=4#listItem","name":"Pol\u00edtica"}}]},{"@type":"Organization","@id":"https:\/\/www.enfasis.mx\/#organization","name":"\u00c9nfasis Ser Empresario","description":"El acento en la econom\u00eda y la pol\u00edtica Grupo Editorial Fundado en 1998, su marca insignia es REVISTA SER EMPRESARIO la revista empresarial mas importante del Estado","url":"https:\/\/www.enfasis.mx\/","logo":{"@type":"ImageObject","url":"http:\/\/www.enfasis.mx\/wp-content\/uploads\/2026\/07\/Enfasis-Logo-1.png","@id":"https:\/\/www.enfasis.mx\/?p=284\/#organizationLogo"},"image":{"@id":"https:\/\/www.enfasis.mx\/?p=284\/#organizationLogo"}},{"@type":"Person","@id":"https:\/\/www.enfasis.mx\/?author=10#author","url":"https:\/\/www.enfasis.mx\/?author=10","name":"Mario \u00c1lvarez Porras"},{"@type":"WebPage","@id":"https:\/\/www.enfasis.mx\/?p=284#webpage","url":"https:\/\/www.enfasis.mx\/?p=284","name":"El pa\u00eds cambia. \u00bfY nuestros municipios? - \u00c9nfasis","description":"Mario \u00c1lvarez Porras El Profe Inc\u00f3modo Hay algo que siempre me ha llamado la atenci\u00f3n despu\u00e9s de un informe de gobierno: durante unos d\u00edas hablamos de cifras, obras, programas y resultados; despu\u00e9s, casi inevitablemente, la conversaci\u00f3n se convierte en una disputa entre quienes quieren celebrarlo todo y quienes quieren descalificarlo todo. Y entre una postura y","inLanguage":"en-US","isPartOf":{"@id":"https:\/\/www.enfasis.mx\/#website"},"breadcrumb":{"@id":"https:\/\/www.enfasis.mx\/?p=284#breadcrumblist"},"author":{"@id":"https:\/\/www.enfasis.mx\/?author=10#author"},"creator":{"@id":"https:\/\/www.enfasis.mx\/?author=10#author"},"image":{"@type":"ImageObject","url":"https:\/\/www.enfasis.mx\/wp-content\/uploads\/2026\/09\/Mario-Alvarez-Municipios.png","@id":"https:\/\/www.enfasis.mx\/?p=284\/#mainImage","width":550,"height":288},"primaryImageOfPage":{"@id":"https:\/\/www.enfasis.mx\/?p=284#mainImage"},"datePublished":"2026-09-02T09:43:13-07:00","dateModified":"2026-09-03T08:55:44-07:00"},{"@type":"WebSite","@id":"https:\/\/www.enfasis.mx\/#website","url":"https:\/\/www.enfasis.mx\/","name":"\u00c9nfasis","description":"El acento en la econom\u00eda y la pol\u00edtica","inLanguage":"en-US","publisher":{"@id":"https:\/\/www.enfasis.mx\/#organization"}}]},"og:locale":"en_US","og:site_name":"\u00c9nfasis - El acento en la econom\u00eda y la pol\u00edtica","og:type":"article","og:title":"El pa\u00eds cambia. \u00bfY nuestros municipios? - \u00c9nfasis","og:description":"Mario \u00c1lvarez Porras El Profe Inc\u00f3modo Hay algo que siempre me ha llamado la atenci\u00f3n despu\u00e9s de un informe de gobierno: durante unos d\u00edas hablamos de cifras, obras, programas y resultados; despu\u00e9s, casi inevitablemente, la conversaci\u00f3n se convierte en una disputa entre quienes quieren celebrarlo todo y quienes quieren descalificarlo todo. Y entre una postura y","og:url":"https:\/\/www.enfasis.mx\/?p=284","og:image":"https:\/\/www.enfasis.mx\/wp-content\/uploads\/2026\/09\/Mario-Alvarez-Municipios.png","og:image:secure_url":"https:\/\/www.enfasis.mx\/wp-content\/uploads\/2026\/09\/Mario-Alvarez-Municipios.png","og:image:width":550,"og:image:height":288,"article:published_time":"2026-09-02T16:43:13+00:00","article:modified_time":"2026-09-03T15:55:44+00:00","twitter:card":"summary_large_image","twitter:title":"El pa\u00eds cambia. \u00bfY nuestros municipios? - \u00c9nfasis","twitter:description":"Mario \u00c1lvarez Porras El Profe Inc\u00f3modo Hay algo que siempre me ha llamado la atenci\u00f3n despu\u00e9s de un informe de gobierno: durante unos d\u00edas hablamos de cifras, obras, programas y resultados; despu\u00e9s, casi inevitablemente, la conversaci\u00f3n se convierte en una disputa entre quienes quieren celebrarlo todo y quienes quieren descalificarlo todo. Y entre una postura y","twitter:image":"https:\/\/www.enfasis.mx\/wp-content\/uploads\/2026\/09\/Mario-Alvarez-Municipios.png"},"aioseo_meta_data":{"post_id":"284","title":"#post_title #separator_sa #site_title","description":"#post_excerpt","keywords":null,"keyphrases":{"focus":{"keyphrase":"","score":0,"analysis":{"keyphraseInTitle":{"score":0,"maxScore":9,"error":1}}},"additional":[]},"primary_term":null,"canonical_url":null,"og_title":null,"og_description":null,"og_object_type":"default","og_image_type":"default","og_image_custom_url":null,"og_image_custom_fields":null,"og_image_url":null,"og_image_width":null,"og_image_height":null,"og_video":"","og_custom_url":null,"og_article_section":null,"og_article_tags":null,"twitter_use_og":true,"twitter_card":"default","twitter_image_type":"default","twitter_image_custom_url":null,"twitter_image_custom_fields":null,"twitter_image_url":null,"twitter_title":null,"twitter_description":null,"schema_type":"default","schema_type_options":null,"schema":{"blockGraphs":[],"customGraphs":[],"default":{"data":{"Article":[],"Course":[],"Dataset":[],"FAQPage":[],"Movie":[],"Person":[],"Product":[],"ProductReview":[],"Car":[],"Recipe":[],"Service":[],"SoftwareApplication":[],"WebPage":[]},"graphName":"BlogPosting","isEnabled":true},"graphs":[]},"pillar_content":false,"robots_default":true,"robots_noindex":false,"robots_noarchive":false,"robots_nosnippet":false,"robots_nofollow":false,"robots_noimageindex":false,"robots_noodp":false,"robots_notranslate":false,"robots_max_snippet":"-1","robots_max_videopreview":"-1","robots_max_imagepreview":"large","priority":null,"frequency":"default","local_seo":null,"limit_modified_date":false,"ai":{"faqs":[],"keyPoints":[],"schemas":[],"titles":[],"descriptions":[],"socialPosts":{"email":{"subject":"","preview":"","content":""},"linkedin":[],"twitter":[],"facebook":[],"instagram":[]}},"breadcrumb_settings":null,"seo_analyzer_scan_date":null,"created":"2026-09-02 16:43:15","updated":"2026-09-03 17:42:12"},"aioseo_breadcrumb":"<div class=\"aioseo-breadcrumbs\"><span class=\"aioseo-breadcrumb\">\n\t\t\t<a href=\"https:\/\/www.enfasis.mx\" title=\"Home\">Home<\/a>\n\t\t<\/span><span class=\"aioseo-breadcrumb-separator\">&raquo;<\/span><span class=\"aioseo-breadcrumb\">\n\t\t\t<a href=\"https:\/\/www.enfasis.mx\/?cat=4\" title=\"Pol\u00edtica\">Pol\u00edtica<\/a>\n\t\t<\/span><span class=\"aioseo-breadcrumb-separator\">&raquo;<\/span><span class=\"aioseo-breadcrumb\">\n\t\t\tEl pa\u00eds cambia. \u00bfY nuestros municipios?\n\t\t<\/span><\/div>","aioseo_breadcrumb_json":[{"label":"Home","link":"https:\/\/www.enfasis.mx"},{"label":"Pol\u00edtica","link":"https:\/\/www.enfasis.mx\/?cat=4"},{"label":"El pa\u00eds cambia. \u00bfY nuestros municipios?","link":"https:\/\/www.enfasis.mx\/?p=284"}],"wpmagazine_modules_lite_featured_media_urls":{"thumbnail":["https:\/\/www.enfasis.mx\/wp-content\/uploads\/2026\/09\/Mario-Alvarez-Municipios-150x150.png",150,150,true],"cvmm-medium":["https:\/\/www.enfasis.mx\/wp-content\/uploads\/2026\/09\/Mario-Alvarez-Municipios-300x288.png",300,288,true],"cvmm-medium-plus":["https:\/\/www.enfasis.mx\/wp-content\/uploads\/2026\/09\/Mario-Alvarez-Municipios-305x207.png",305,207,true],"cvmm-portrait":["https:\/\/www.enfasis.mx\/wp-content\/uploads\/2026\/09\/Mario-Alvarez-Municipios-400x288.png",400,288,true],"cvmm-medium-square":["https:\/\/www.enfasis.mx\/wp-content\/uploads\/2026\/09\/Mario-Alvarez-Municipios.png",550,288,false],"cvmm-large":["https:\/\/www.enfasis.mx\/wp-content\/uploads\/2026\/09\/Mario-Alvarez-Municipios.png",550,288,false],"cvmm-small":["https:\/\/www.enfasis.mx\/wp-content\/uploads\/2026\/09\/Mario-Alvarez-Municipios-130x95.png",130,95,true],"full":["https:\/\/www.enfasis.mx\/wp-content\/uploads\/2026\/09\/Mario-Alvarez-Municipios.png",550,288,false]},"categories_names":{"4":{"name":"Pol\u00edtica","link":"https:\/\/www.enfasis.mx\/?cat=4"}},"tags_names":[],"comments_number":"0","jetpack_sharing_enabled":true,"jetpack_featured_media_url":"https:\/\/www.enfasis.mx\/wp-content\/uploads\/2026\/09\/Mario-Alvarez-Municipios.png","_links":{"self":[{"href":"https:\/\/www.enfasis.mx\/index.php?rest_route=\/wp\/v2\/posts\/284","targetHints":{"allow":["GET"]}}],"collection":[{"href":"https:\/\/www.enfasis.mx\/index.php?rest_route=\/wp\/v2\/posts"}],"about":[{"href":"https:\/\/www.enfasis.mx\/index.php?rest_route=\/wp\/v2\/types\/post"}],"author":[{"embeddable":true,"href":"https:\/\/www.enfasis.mx\/index.php?rest_route=\/wp\/v2\/users\/10"}],"replies":[{"embeddable":true,"href":"https:\/\/www.enfasis.mx\/index.php?rest_route=%2Fwp%2Fv2%2Fcomments&post=284"}],"version-history":[{"count":1,"href":"https:\/\/www.enfasis.mx\/index.php?rest_route=\/wp\/v2\/posts\/284\/revisions"}],"predecessor-version":[{"id":286,"href":"https:\/\/www.enfasis.mx\/index.php?rest_route=\/wp\/v2\/posts\/284\/revisions\/286"}],"wp:featuredmedia":[{"embeddable":true,"href":"https:\/\/www.enfasis.mx\/index.php?rest_route=\/wp\/v2\/media\/285"}],"wp:attachment":[{"href":"https:\/\/www.enfasis.mx\/index.php?rest_route=%2Fwp%2Fv2%2Fmedia&parent=284"}],"wp:term":[{"taxonomy":"category","embeddable":true,"href":"https:\/\/www.enfasis.mx\/index.php?rest_route=%2Fwp%2Fv2%2Fcategories&post=284"},{"taxonomy":"post_tag","embeddable":true,"href":"https:\/\/www.enfasis.mx\/index.php?rest_route=%2Fwp%2Fv2%2Ftags&post=284"}],"curies":[{"name":"wp","href":"https:\/\/api.w.org\/{rel}","templated":true}]}}