{"id":50,"date":"2026-07-23T09:13:18","date_gmt":"2026-07-23T16:13:18","guid":{"rendered":"https:\/\/www.enfasis.mx\/?p=50"},"modified":"2026-07-24T16:23:13","modified_gmt":"2026-07-24T23:23:13","slug":"la-pregunta-que-hoy-define-a-un-lider","status":"publish","type":"post","link":"https:\/\/www.enfasis.mx\/?p=50","title":{"rendered":"La pregunta que hoy define a un l\u00edder"},"content":{"rendered":"\n<p class=\"wp-block-paragraph\"><\/p>\n\n\n\n<p class=\"wp-block-paragraph\">En una \u00e9poca donde todos pueden comunicar, pero pocos logran generar confianza, la credibilidad se ha convertido en el activo m\u00e1s importante de cualquier l\u00edder.<\/p>\n\n\n\n<p class=\"wp-block-paragraph\">Las nuevas generaciones crecieron en un entorno donde las promesas son cuestionadas y los resultados son observados con mayor atenci\u00f3n. Ya no basta con construir un discurso atractivo; hoy la sociedad exige congruencia entre lo que se dice y lo que se hace. La pregunta que define a un l\u00edder moderno es sencilla, pero profunda:<\/p>\n\n\n\n<p class=\"wp-block-paragraph\"><strong>\u00bfPor qu\u00e9 deber\u00edamos confiar en usted?<\/strong><\/p>\n\n\n\n<p class=\"wp-block-paragraph\">Con esa reflexi\u00f3n en mente, durante una conversaci\u00f3n con Cruz P\u00e9rez Cu\u00e9llar, quien recientemente dej\u00f3 la Presidencia Municipal de Ciudad Ju\u00e1rez tras solicitar licencia al cargo, durante su visita a Ciudad Camargo, decid\u00ed plantearle una sola pregunta.<\/p>\n\n\n\n<p class=\"wp-block-paragraph\">No quise llevar la conversaci\u00f3n hacia escenarios electorales, alianzas pol\u00edticas o aspiraciones personales. Prefer\u00ed enfocarla en una inquietud que representa a una generaci\u00f3n que observa la pol\u00edtica desde una nueva perspectiva: \u201cHay una generaci\u00f3n que ya no cree en los discursos, sino en los resultados. \u00bfPor qu\u00e9 un joven deber\u00eda confiar en usted y no en otro proyecto pol\u00edtico?\u201d<\/p>\n\n\n\n<p class=\"wp-block-paragraph\">La respuesta se centr\u00f3 en una idea fundamental: la confianza no se pide, se construye.<\/p>\n\n\n\n<p class=\"wp-block-paragraph\">P\u00e9rez Cu\u00e9llar habl\u00f3 desde la experiencia de haber encabezado durante varios a\u00f1os el Gobierno Municipal de Ciudad Ju\u00e1rez y se\u00f1al\u00f3 que un gobernante debe ser evaluado por sus resultados. Hizo referencia a acciones de su administraci\u00f3n en temas como seguridad, Presupuesto Participativo y obras realizadas con participaci\u00f3n ciudadana, adem\u00e1s de reconocer que cualquier gobierno enfrenta retos que deben atenderse permanentemente.<\/p>\n\n\n\n<p class=\"wp-block-paragraph\">M\u00e1s all\u00e1 de la valoraci\u00f3n que cada ciudadano pueda hacer sobre una administraci\u00f3n p\u00fablica, la conversaci\u00f3n deja una reflexi\u00f3n que va m\u00e1s all\u00e1 de una persona: La forma de entender el liderazgo est\u00e1 cambiando. Los j\u00f3venes ya no entregan su confianza solamente por tradici\u00f3n, por una imagen o por un discurso bien construido. Comparan, investigan y cuestionan. Para ellos, la credibilidad surge cuando existe una relaci\u00f3n clara entre las palabras y los hechos.<\/p>\n\n\n\n<p class=\"wp-block-paragraph\">Ese es uno de los mayores desaf\u00edos para quienes aspiran a representar a la sociedad: comprender que la autoridad no depende \u00fanicamente del cargo que se ocupa, sino de la confianza que se logra construir.<\/p>\n\n\n\n<p class=\"wp-block-paragraph\">Un l\u00edder del siglo XXI necesita comunicar, pero tambi\u00e9n escuchar. Necesita plantear una visi\u00f3n, pero demostrar capacidad para convertirla en resultados. Necesita pedir confianza, pero estar dispuesto a rendir cuentas.<\/p>\n\n\n\n<p class=\"wp-block-paragraph\">La conversaci\u00f3n en Ciudad Camargo fue breve, pero dej\u00f3 una pregunta que permanece. No es una pregunta exclusiva para Cruz P\u00e9rez Cu\u00e9llar. Es una pregunta que deber\u00e1 responder cualquier persona que aspire a gobernar una ciudad,<\/p>\n\n\n\n<p class=\"wp-block-paragraph\">un estado o un pa\u00eds:&nbsp;<strong>\u00bfQu\u00e9 has hecho para merecer la confianza de la gente?&nbsp;<\/strong>Porque en la pol\u00edtica y en el liderazgo moderno, la confianza no se hereda, no se exige y no se compra. Se gana con decisiones, con responsabilidad y con resultados.<\/p>\n\n\n\n<p class=\"wp-block-paragraph\"><\/p>\n\n\n\n<p class=\"wp-block-paragraph\"><\/p>\n\n\n\n<p class=\"has-black-color has-text-color has-link-color wp-elements-9ac00cf961d1ea846fe5a532228b76c6 wp-block-paragraph\"><\/p>\n\n\n\n<p class=\"has-medium-font-size wp-block-paragraph\"><\/p>\n","protected":false},"excerpt":{"rendered":"<p>En una \u00e9poca donde todos pueden comunicar, pero pocos logran generar confianza, la credibilidad se ha convertido en el activo m\u00e1s importante de cualquier l\u00edder. Las nuevas generaciones crecieron en un entorno donde las promesas son cuestionadas y los resultados son observados con mayor atenci\u00f3n. Ya no basta con construir un discurso atractivo; hoy la [&hellip;]<\/p>\n","protected":false},"author":10,"featured_media":90,"comment_status":"open","ping_status":"open","sticky":false,"template":"","format":"standard","meta":{"_jetpack_newsletter_access":"","_jetpack_dont_email_post_to_subs":false,"_jetpack_newsletter_tier_id":0,"_jetpack_memberships_contains_paywalled_content":false,"_jetpack_feature_clip_id":0,"_jetpack_memberships_contains_paid_content":false,"footnotes":"","jetpack_post_was_ever_published":false},"categories":[4],"tags":[],"class_list":["post-50","post","type-post","status-publish","format-standard","has-post-thumbnail","hentry","category-analisis-politico"],"aioseo_notices":[],"aioseo_head":"\n\t\t<!-- All in One SEO 4.9.10 - aioseo.com -->\n\t<meta name=\"description\" content=\"En una \u00e9poca donde todos pueden comunicar, pero pocos logran generar confianza, la credibilidad se ha convertido en el activo m\u00e1s importante de cualquier l\u00edder. Las nuevas generaciones crecieron en un entorno donde las promesas son cuestionadas y los resultados son observados con mayor atenci\u00f3n. Ya no basta con construir un discurso atractivo; hoy la\" \/>\n\t<meta name=\"robots\" content=\"max-image-preview:large\" \/>\n\t<meta name=\"author\" content=\"Mario \u00c1lvarez Porras\"\/>\n\t<meta name=\"google-site-verification\" content=\"jlwkLGgnMBpX8ktutl9e1D8Kvl7Rh7xmXQIHtOLk65U\" \/>\n\t<link rel=\"canonical\" href=\"https:\/\/www.enfasis.mx\/?p=50\" \/>\n\t<meta name=\"generator\" content=\"All in One SEO (AIOSEO) 4.9.10\" \/>\n\t\t<meta property=\"og:locale\" content=\"en_US\" \/>\n\t\t<meta property=\"og:site_name\" content=\"\u00c9nfasis - El acento en la econom\u00eda y la pol\u00edtica\" \/>\n\t\t<meta property=\"og:type\" content=\"article\" \/>\n\t\t<meta property=\"og:title\" content=\"La pregunta que hoy define a un l\u00edder - \u00c9nfasis\" \/>\n\t\t<meta property=\"og:description\" content=\"En una \u00e9poca donde todos pueden comunicar, pero pocos logran generar confianza, la credibilidad se ha convertido en el activo m\u00e1s importante de cualquier l\u00edder. Las nuevas generaciones crecieron en un entorno donde las promesas son cuestionadas y los resultados son observados con mayor atenci\u00f3n. Ya no basta con construir un discurso atractivo; hoy la\" \/>\n\t\t<meta property=\"og:url\" content=\"https:\/\/www.enfasis.mx\/?p=50\" \/>\n\t\t<meta property=\"og:image\" content=\"https:\/\/www.enfasis.mx\/wp-content\/uploads\/2026\/07\/cruz2.png\" \/>\n\t\t<meta property=\"og:image:secure_url\" content=\"https:\/\/www.enfasis.mx\/wp-content\/uploads\/2026\/07\/cruz2.png\" \/>\n\t\t<meta property=\"og:image:width\" content=\"1536\" \/>\n\t\t<meta property=\"og:image:height\" content=\"1024\" \/>\n\t\t<meta property=\"article:published_time\" content=\"2026-07-23T16:13:18+00:00\" \/>\n\t\t<meta property=\"article:modified_time\" content=\"2026-07-24T23:23:13+00:00\" \/>\n\t\t<meta name=\"twitter:card\" content=\"summary_large_image\" \/>\n\t\t<meta name=\"twitter:title\" content=\"La pregunta que hoy define a un l\u00edder - \u00c9nfasis\" \/>\n\t\t<meta name=\"twitter:description\" content=\"En una \u00e9poca donde todos pueden comunicar, pero pocos logran generar confianza, la credibilidad se ha convertido en el activo m\u00e1s importante de cualquier l\u00edder. Las nuevas generaciones crecieron en un entorno donde las promesas son cuestionadas y los resultados son observados con mayor atenci\u00f3n. Ya no basta con construir un discurso atractivo; hoy la\" \/>\n\t\t<meta name=\"twitter:image\" content=\"http:\/\/www.enfasis.mx\/wp-content\/uploads\/2026\/07\/Enfasis-Logo-1.png\" \/>\n\t\t<script type=\"application\/ld+json\" class=\"aioseo-schema\">\n\t\t\t{\"@context\":\"https:\\\/\\\/schema.org\",\"@graph\":[{\"@type\":\"BlogPosting\",\"@id\":\"https:\\\/\\\/www.enfasis.mx\\\/?p=50#blogposting\",\"name\":\"La pregunta que hoy define a un l\\u00edder - \\u00c9nfasis\",\"headline\":\"La pregunta que hoy define a un l\\u00edder\",\"author\":{\"@id\":\"https:\\\/\\\/www.enfasis.mx\\\/?author=10#author\"},\"publisher\":{\"@id\":\"https:\\\/\\\/www.enfasis.mx\\\/#organization\"},\"image\":{\"@type\":\"ImageObject\",\"url\":\"https:\\\/\\\/www.enfasis.mx\\\/wp-content\\\/uploads\\\/2026\\\/07\\\/cruz2.png\",\"width\":1536,\"height\":1024},\"datePublished\":\"2026-07-23T09:13:18-07:00\",\"dateModified\":\"2026-07-24T16:23:13-07:00\",\"inLanguage\":\"en-US\",\"mainEntityOfPage\":{\"@id\":\"https:\\\/\\\/www.enfasis.mx\\\/?p=50#webpage\"},\"isPartOf\":{\"@id\":\"https:\\\/\\\/www.enfasis.mx\\\/?p=50#webpage\"},\"articleSection\":\"Pol\\u00edtica\"},{\"@type\":\"BreadcrumbList\",\"@id\":\"https:\\\/\\\/www.enfasis.mx\\\/?p=50#breadcrumblist\",\"itemListElement\":[{\"@type\":\"ListItem\",\"@id\":\"https:\\\/\\\/www.enfasis.mx#listItem\",\"position\":1,\"name\":\"Home\",\"item\":\"https:\\\/\\\/www.enfasis.mx\",\"nextItem\":{\"@type\":\"ListItem\",\"@id\":\"https:\\\/\\\/www.enfasis.mx\\\/?cat=4#listItem\",\"name\":\"Pol\\u00edtica\"}},{\"@type\":\"ListItem\",\"@id\":\"https:\\\/\\\/www.enfasis.mx\\\/?cat=4#listItem\",\"position\":2,\"name\":\"Pol\\u00edtica\",\"item\":\"https:\\\/\\\/www.enfasis.mx\\\/?cat=4\",\"nextItem\":{\"@type\":\"ListItem\",\"@id\":\"https:\\\/\\\/www.enfasis.mx\\\/?p=50#listItem\",\"name\":\"La pregunta que hoy define a un l\\u00edder\"},\"previousItem\":{\"@type\":\"ListItem\",\"@id\":\"https:\\\/\\\/www.enfasis.mx#listItem\",\"name\":\"Home\"}},{\"@type\":\"ListItem\",\"@id\":\"https:\\\/\\\/www.enfasis.mx\\\/?p=50#listItem\",\"position\":3,\"name\":\"La pregunta que hoy define a un l\\u00edder\",\"previousItem\":{\"@type\":\"ListItem\",\"@id\":\"https:\\\/\\\/www.enfasis.mx\\\/?cat=4#listItem\",\"name\":\"Pol\\u00edtica\"}}]},{\"@type\":\"Organization\",\"@id\":\"https:\\\/\\\/www.enfasis.mx\\\/#organization\",\"name\":\"\\u00c9nfasis Ser Empresario\",\"description\":\"El acento en la econom\\u00eda y la pol\\u00edtica Grupo Editorial Fundado en 1998, su marca insignia es REVISTA SER EMPRESARIO la revista empresarial mas importante del Estado\",\"url\":\"https:\\\/\\\/www.enfasis.mx\\\/\",\"logo\":{\"@type\":\"ImageObject\",\"url\":\"http:\\\/\\\/www.enfasis.mx\\\/wp-content\\\/uploads\\\/2026\\\/07\\\/Enfasis-Logo-1.png\",\"@id\":\"https:\\\/\\\/www.enfasis.mx\\\/?p=50\\\/#organizationLogo\"},\"image\":{\"@id\":\"https:\\\/\\\/www.enfasis.mx\\\/?p=50\\\/#organizationLogo\"}},{\"@type\":\"Person\",\"@id\":\"https:\\\/\\\/www.enfasis.mx\\\/?author=10#author\",\"url\":\"https:\\\/\\\/www.enfasis.mx\\\/?author=10\",\"name\":\"Mario \\u00c1lvarez Porras\"},{\"@type\":\"WebPage\",\"@id\":\"https:\\\/\\\/www.enfasis.mx\\\/?p=50#webpage\",\"url\":\"https:\\\/\\\/www.enfasis.mx\\\/?p=50\",\"name\":\"La pregunta que hoy define a un l\\u00edder - \\u00c9nfasis\",\"description\":\"En una \\u00e9poca donde todos pueden comunicar, pero pocos logran generar confianza, la credibilidad se ha convertido en el activo m\\u00e1s importante de cualquier l\\u00edder. Las nuevas generaciones crecieron en un entorno donde las promesas son cuestionadas y los resultados son observados con mayor atenci\\u00f3n. Ya no basta con construir un discurso atractivo; hoy la\",\"inLanguage\":\"en-US\",\"isPartOf\":{\"@id\":\"https:\\\/\\\/www.enfasis.mx\\\/#website\"},\"breadcrumb\":{\"@id\":\"https:\\\/\\\/www.enfasis.mx\\\/?p=50#breadcrumblist\"},\"author\":{\"@id\":\"https:\\\/\\\/www.enfasis.mx\\\/?author=10#author\"},\"creator\":{\"@id\":\"https:\\\/\\\/www.enfasis.mx\\\/?author=10#author\"},\"image\":{\"@type\":\"ImageObject\",\"url\":\"https:\\\/\\\/www.enfasis.mx\\\/wp-content\\\/uploads\\\/2026\\\/07\\\/cruz2.png\",\"@id\":\"https:\\\/\\\/www.enfasis.mx\\\/?p=50\\\/#mainImage\",\"width\":1536,\"height\":1024},\"primaryImageOfPage\":{\"@id\":\"https:\\\/\\\/www.enfasis.mx\\\/?p=50#mainImage\"},\"datePublished\":\"2026-07-23T09:13:18-07:00\",\"dateModified\":\"2026-07-24T16:23:13-07:00\"},{\"@type\":\"WebSite\",\"@id\":\"https:\\\/\\\/www.enfasis.mx\\\/#website\",\"url\":\"https:\\\/\\\/www.enfasis.mx\\\/\",\"name\":\"\\u00c9nfasis\",\"description\":\"El acento en la econom\\u00eda y la pol\\u00edtica\",\"inLanguage\":\"en-US\",\"publisher\":{\"@id\":\"https:\\\/\\\/www.enfasis.mx\\\/#organization\"}}]}\n\t\t<\/script>\n\t\t<!-- All in One SEO -->\n\n","aioseo_head_json":{"title":"La pregunta que hoy define a un l\u00edder - \u00c9nfasis","description":"En una \u00e9poca donde todos pueden comunicar, pero pocos logran generar confianza, la credibilidad se ha convertido en el activo m\u00e1s importante de cualquier l\u00edder. Las nuevas generaciones crecieron en un entorno donde las promesas son cuestionadas y los resultados son observados con mayor atenci\u00f3n. Ya no basta con construir un discurso atractivo; hoy la","canonical_url":"https:\/\/www.enfasis.mx\/?p=50","robots":"max-image-preview:large","keywords":"","webmasterTools":{"google-site-verification":"jlwkLGgnMBpX8ktutl9e1D8Kvl7Rh7xmXQIHtOLk65U","miscellaneous":""},"schema":{"@context":"https:\/\/schema.org","@graph":[{"@type":"BlogPosting","@id":"https:\/\/www.enfasis.mx\/?p=50#blogposting","name":"La pregunta que hoy define a un l\u00edder - \u00c9nfasis","headline":"La pregunta que hoy define a un l\u00edder","author":{"@id":"https:\/\/www.enfasis.mx\/?author=10#author"},"publisher":{"@id":"https:\/\/www.enfasis.mx\/#organization"},"image":{"@type":"ImageObject","url":"https:\/\/www.enfasis.mx\/wp-content\/uploads\/2026\/07\/cruz2.png","width":1536,"height":1024},"datePublished":"2026-07-23T09:13:18-07:00","dateModified":"2026-07-24T16:23:13-07:00","inLanguage":"en-US","mainEntityOfPage":{"@id":"https:\/\/www.enfasis.mx\/?p=50#webpage"},"isPartOf":{"@id":"https:\/\/www.enfasis.mx\/?p=50#webpage"},"articleSection":"Pol\u00edtica"},{"@type":"BreadcrumbList","@id":"https:\/\/www.enfasis.mx\/?p=50#breadcrumblist","itemListElement":[{"@type":"ListItem","@id":"https:\/\/www.enfasis.mx#listItem","position":1,"name":"Home","item":"https:\/\/www.enfasis.mx","nextItem":{"@type":"ListItem","@id":"https:\/\/www.enfasis.mx\/?cat=4#listItem","name":"Pol\u00edtica"}},{"@type":"ListItem","@id":"https:\/\/www.enfasis.mx\/?cat=4#listItem","position":2,"name":"Pol\u00edtica","item":"https:\/\/www.enfasis.mx\/?cat=4","nextItem":{"@type":"ListItem","@id":"https:\/\/www.enfasis.mx\/?p=50#listItem","name":"La pregunta que hoy define a un l\u00edder"},"previousItem":{"@type":"ListItem","@id":"https:\/\/www.enfasis.mx#listItem","name":"Home"}},{"@type":"ListItem","@id":"https:\/\/www.enfasis.mx\/?p=50#listItem","position":3,"name":"La pregunta que hoy define a un l\u00edder","previousItem":{"@type":"ListItem","@id":"https:\/\/www.enfasis.mx\/?cat=4#listItem","name":"Pol\u00edtica"}}]},{"@type":"Organization","@id":"https:\/\/www.enfasis.mx\/#organization","name":"\u00c9nfasis Ser Empresario","description":"El acento en la econom\u00eda y la pol\u00edtica Grupo Editorial Fundado en 1998, su marca insignia es REVISTA SER EMPRESARIO la revista empresarial mas importante del Estado","url":"https:\/\/www.enfasis.mx\/","logo":{"@type":"ImageObject","url":"http:\/\/www.enfasis.mx\/wp-content\/uploads\/2026\/07\/Enfasis-Logo-1.png","@id":"https:\/\/www.enfasis.mx\/?p=50\/#organizationLogo"},"image":{"@id":"https:\/\/www.enfasis.mx\/?p=50\/#organizationLogo"}},{"@type":"Person","@id":"https:\/\/www.enfasis.mx\/?author=10#author","url":"https:\/\/www.enfasis.mx\/?author=10","name":"Mario \u00c1lvarez Porras"},{"@type":"WebPage","@id":"https:\/\/www.enfasis.mx\/?p=50#webpage","url":"https:\/\/www.enfasis.mx\/?p=50","name":"La pregunta que hoy define a un l\u00edder - \u00c9nfasis","description":"En una \u00e9poca donde todos pueden comunicar, pero pocos logran generar confianza, la credibilidad se ha convertido en el activo m\u00e1s importante de cualquier l\u00edder. Las nuevas generaciones crecieron en un entorno donde las promesas son cuestionadas y los resultados son observados con mayor atenci\u00f3n. Ya no basta con construir un discurso atractivo; hoy la","inLanguage":"en-US","isPartOf":{"@id":"https:\/\/www.enfasis.mx\/#website"},"breadcrumb":{"@id":"https:\/\/www.enfasis.mx\/?p=50#breadcrumblist"},"author":{"@id":"https:\/\/www.enfasis.mx\/?author=10#author"},"creator":{"@id":"https:\/\/www.enfasis.mx\/?author=10#author"},"image":{"@type":"ImageObject","url":"https:\/\/www.enfasis.mx\/wp-content\/uploads\/2026\/07\/cruz2.png","@id":"https:\/\/www.enfasis.mx\/?p=50\/#mainImage","width":1536,"height":1024},"primaryImageOfPage":{"@id":"https:\/\/www.enfasis.mx\/?p=50#mainImage"},"datePublished":"2026-07-23T09:13:18-07:00","dateModified":"2026-07-24T16:23:13-07:00"},{"@type":"WebSite","@id":"https:\/\/www.enfasis.mx\/#website","url":"https:\/\/www.enfasis.mx\/","name":"\u00c9nfasis","description":"El acento en la econom\u00eda y la pol\u00edtica","inLanguage":"en-US","publisher":{"@id":"https:\/\/www.enfasis.mx\/#organization"}}]},"og:locale":"en_US","og:site_name":"\u00c9nfasis - El acento en la econom\u00eda y la pol\u00edtica","og:type":"article","og:title":"La pregunta que hoy define a un l\u00edder - \u00c9nfasis","og:description":"En una \u00e9poca donde todos pueden comunicar, pero pocos logran generar confianza, la credibilidad se ha convertido en el activo m\u00e1s importante de cualquier l\u00edder. Las nuevas generaciones crecieron en un entorno donde las promesas son cuestionadas y los resultados son observados con mayor atenci\u00f3n. Ya no basta con construir un discurso atractivo; hoy la","og:url":"https:\/\/www.enfasis.mx\/?p=50","og:image":"https:\/\/www.enfasis.mx\/wp-content\/uploads\/2026\/07\/cruz2.png","og:image:secure_url":"https:\/\/www.enfasis.mx\/wp-content\/uploads\/2026\/07\/cruz2.png","og:image:width":1536,"og:image:height":1024,"article:published_time":"2026-07-23T16:13:18+00:00","article:modified_time":"2026-07-24T23:23:13+00:00","twitter:card":"summary_large_image","twitter:title":"La pregunta que hoy define a un l\u00edder - \u00c9nfasis","twitter:description":"En una \u00e9poca donde todos pueden comunicar, pero pocos logran generar confianza, la credibilidad se ha convertido en el activo m\u00e1s importante de cualquier l\u00edder. Las nuevas generaciones crecieron en un entorno donde las promesas son cuestionadas y los resultados son observados con mayor atenci\u00f3n. Ya no basta con construir un discurso atractivo; hoy la","twitter:image":"http:\/\/www.enfasis.mx\/wp-content\/uploads\/2026\/07\/Enfasis-Logo-1.png"},"aioseo_meta_data":{"post_id":"50","title":null,"description":null,"keywords":null,"keyphrases":{"focus":{"keyphrase":"","score":0,"analysis":{"keyphraseInTitle":{"score":0,"maxScore":9,"error":1}}},"additional":[]},"primary_term":null,"canonical_url":null,"og_title":null,"og_description":null,"og_object_type":"default","og_image_type":"default","og_image_custom_url":null,"og_image_custom_fields":null,"og_image_url":null,"og_image_width":null,"og_image_height":null,"og_video":"","og_custom_url":null,"og_article_section":null,"og_article_tags":null,"twitter_use_og":false,"twitter_card":"default","twitter_image_type":"default","twitter_image_custom_url":null,"twitter_image_custom_fields":null,"twitter_image_url":null,"twitter_title":null,"twitter_description":null,"schema_type":"default","schema_type_options":null,"schema":{"blockGraphs":[],"customGraphs":[],"default":{"data":{"Article":[],"Course":[],"Dataset":[],"FAQPage":[],"Movie":[],"Person":[],"Product":[],"ProductReview":[],"Car":[],"Recipe":[],"Service":[],"SoftwareApplication":[],"WebPage":[]},"graphName":"BlogPosting","isEnabled":true},"graphs":[]},"pillar_content":false,"robots_default":true,"robots_noindex":false,"robots_noarchive":false,"robots_nosnippet":false,"robots_nofollow":false,"robots_noimageindex":false,"robots_noodp":false,"robots_notranslate":false,"robots_max_snippet":"-1","robots_max_videopreview":"-1","robots_max_imagepreview":"large","priority":null,"frequency":"default","local_seo":null,"limit_modified_date":false,"ai":{"faqs":[],"keyPoints":[],"schemas":[],"titles":[],"descriptions":[],"socialPosts":{"email":{"subject":"","preview":"","content":""},"linkedin":[],"twitter":[],"facebook":[],"instagram":[]}},"breadcrumb_settings":null,"seo_analyzer_scan_date":null,"created":"2026-07-23 19:11:23","updated":"2026-07-25 02:24:48"},"aioseo_breadcrumb":"<div class=\"aioseo-breadcrumbs\"><span class=\"aioseo-breadcrumb\">\n\t\t\t<a href=\"https:\/\/www.enfasis.mx\" title=\"Home\">Home<\/a>\n\t\t<\/span><span class=\"aioseo-breadcrumb-separator\">&raquo;<\/span><span class=\"aioseo-breadcrumb\">\n\t\t\t<a href=\"https:\/\/www.enfasis.mx\/?cat=4\" title=\"Pol\u00edtica\">Pol\u00edtica<\/a>\n\t\t<\/span><span class=\"aioseo-breadcrumb-separator\">&raquo;<\/span><span class=\"aioseo-breadcrumb\">\n\t\t\tLa pregunta que hoy define a un l\u00edder\n\t\t<\/span><\/div>","aioseo_breadcrumb_json":[{"label":"Home","link":"https:\/\/www.enfasis.mx"},{"label":"Pol\u00edtica","link":"https:\/\/www.enfasis.mx\/?cat=4"},{"label":"La pregunta que hoy define a un l\u00edder","link":"https:\/\/www.enfasis.mx\/?p=50"}],"wpmagazine_modules_lite_featured_media_urls":{"thumbnail":["https:\/\/www.enfasis.mx\/wp-content\/uploads\/2026\/07\/cruz2-150x150.png",150,150,true],"cvmm-medium":["https:\/\/www.enfasis.mx\/wp-content\/uploads\/2026\/07\/cruz2-300x300.png",300,300,true],"cvmm-medium-plus":["https:\/\/www.enfasis.mx\/wp-content\/uploads\/2026\/07\/cruz2-305x207.png",305,207,true],"cvmm-portrait":["https:\/\/www.enfasis.mx\/wp-content\/uploads\/2026\/07\/cruz2-400x600.png",400,600,true],"cvmm-medium-square":["https:\/\/www.enfasis.mx\/wp-content\/uploads\/2026\/07\/cruz2-600x600.png",600,600,true],"cvmm-large":["https:\/\/www.enfasis.mx\/wp-content\/uploads\/2026\/07\/cruz2-1024x1024.png",1024,1024,true],"cvmm-small":["https:\/\/www.enfasis.mx\/wp-content\/uploads\/2026\/07\/cruz2-130x95.png",130,95,true],"full":["https:\/\/www.enfasis.mx\/wp-content\/uploads\/2026\/07\/cruz2.png",1536,1024,false]},"categories_names":{"4":{"name":"Pol\u00edtica","link":"https:\/\/www.enfasis.mx\/?cat=4"}},"tags_names":[],"comments_number":"0","jetpack_sharing_enabled":true,"jetpack_featured_media_url":"https:\/\/www.enfasis.mx\/wp-content\/uploads\/2026\/07\/cruz2.png","_links":{"self":[{"href":"https:\/\/www.enfasis.mx\/index.php?rest_route=\/wp\/v2\/posts\/50","targetHints":{"allow":["GET"]}}],"collection":[{"href":"https:\/\/www.enfasis.mx\/index.php?rest_route=\/wp\/v2\/posts"}],"about":[{"href":"https:\/\/www.enfasis.mx\/index.php?rest_route=\/wp\/v2\/types\/post"}],"author":[{"embeddable":true,"href":"https:\/\/www.enfasis.mx\/index.php?rest_route=\/wp\/v2\/users\/10"}],"replies":[{"embeddable":true,"href":"https:\/\/www.enfasis.mx\/index.php?rest_route=%2Fwp%2Fv2%2Fcomments&post=50"}],"version-history":[{"count":5,"href":"https:\/\/www.enfasis.mx\/index.php?rest_route=\/wp\/v2\/posts\/50\/revisions"}],"predecessor-version":[{"id":57,"href":"https:\/\/www.enfasis.mx\/index.php?rest_route=\/wp\/v2\/posts\/50\/revisions\/57"}],"wp:featuredmedia":[{"embeddable":true,"href":"https:\/\/www.enfasis.mx\/index.php?rest_route=\/wp\/v2\/media\/90"}],"wp:attachment":[{"href":"https:\/\/www.enfasis.mx\/index.php?rest_route=%2Fwp%2Fv2%2Fmedia&parent=50"}],"wp:term":[{"taxonomy":"category","embeddable":true,"href":"https:\/\/www.enfasis.mx\/index.php?rest_route=%2Fwp%2Fv2%2Fcategories&post=50"},{"taxonomy":"post_tag","embeddable":true,"href":"https:\/\/www.enfasis.mx\/index.php?rest_route=%2Fwp%2Fv2%2Ftags&post=50"}],"curies":[{"name":"wp","href":"https:\/\/api.w.org\/{rel}","templated":true}]}}