{"id":62,"date":"2026-07-24T12:26:38","date_gmt":"2026-07-24T19:26:38","guid":{"rendered":"https:\/\/enfasis.mx\/?p=62"},"modified":"2026-07-24T12:50:46","modified_gmt":"2026-07-24T19:50:46","slug":"el-desprestigio-de-la-politica-en-ciudad-juarez","status":"publish","type":"post","link":"https:\/\/www.enfasis.mx\/?p=62","title":{"rendered":"El desprestigio de la pol\u00edtica en Ciudad Ju\u00e1rez"},"content":{"rendered":"\n<p class=\"has-large-font-size wp-block-paragraph\">Cuando el poder dej\u00f3 de representar y comenz\u00f3 a administrarse a s\u00ed mismo<\/p>\n\n\n\n<p class=\"wp-block-paragraph\">Por Guadalupe Parada Gasson<\/p>\n\n\n\n<p class=\"wp-block-paragraph\"><br>Por d\u00e9cadas se ha repetido una frase que hoy parece convertirse en una sentencia colectiva: &#8220;todos los pol\u00edticos son iguales&#8221;.<br>Sin embargo, la verdadera tragedia no es que la ciudadan\u00eda lo repita, sino que la clase pol\u00edtica parezca empe\u00f1ada en demostrarlo todos los d\u00edas.<\/p>\n\n\n\n<p class=\"wp-block-paragraph\"><br>En Ciudad Ju\u00e1rez existe un fen\u00f3meno social que trasciende la coyuntura electoral.<br>No se trata \u00fanicamente del rechazo hacia un partido pol\u00edtico o hacia determinados funcionarios.<br>Lo que se ha construido es un estigma social profundo sobre la figura del pol\u00edtico, una identidad p\u00fablica asociada con privilegios, simulaci\u00f3n, oportunismo y desconexi\u00f3n con la realidad cotidiana de la poblaci\u00f3n.<\/p>\n\n\n\n<p class=\"wp-block-paragraph\"><br>Este estigma no naci\u00f3 en redes sociales ni fue inventado por la oposici\u00f3n pol\u00edtica. Es el resultado de d\u00e9cadas de acumulaci\u00f3n de decepciones. Cuando un ni\u00f1o escucha en casa que &#8220;los pol\u00edticos s\u00f3lo roban&#8221;, cuando un comerciante afirma que &#8220;todos llegan para hacerse ricos&#8221;, cuando un estudiante asegura que &#8220;la pol\u00edtica no sirve para cambiar nada&#8221;, no estamos frente a simples opiniones individuales.<\/p>\n\n\n\n<p class=\"wp-block-paragraph\">Estamos observando un proceso de construcci\u00f3n cultural. El soci\u00f3logo franc\u00e9s Pierre Bourdieu sosten\u00eda que el poder simb\u00f3lico depende de la legitimidad que la sociedad concede a quienes gobiernan. Cuando esa legitimidad desaparece, el cargo permanece, pero la autoridad moral se desvanece.<\/p>\n\n\n\n<p class=\"wp-block-paragraph\">Eso ocurre hoy en Ciudad Ju\u00e1rez. Los pol\u00edticos pueden conservar oficinas, escoltas, presupuestos y discursos institucionales, pero han perdido algo mucho m\u00e1s importante; la credibilidad.<\/p>\n\n\n\n<p class=\"wp-block-paragraph\">Las cifras oficiales respaldan esta percepci\u00f3n. De acuerdo con la Encuesta Nacional de Calidad e Impacto Gubernamental (ENCIG) 2025 del INEGI, 83.9% de la poblaci\u00f3n considera frecuente la corrupci\u00f3n en los partidos pol\u00edticos y \u00fanicamente 23.9% manifiesta tener confianza en ellos, coloc\u00e1ndolos como la instituci\u00f3n peor evaluada del pa\u00eds.<\/p>\n\n\n\n<p class=\"wp-block-paragraph\"><br>No es casualidad, la confianza no desaparece de un d\u00eda para otro, se erosiona cuando las campa\u00f1as prometen transformar una ciudad y los problemas estructurales permanecen intactos. Se destruye cuando los ciudadanos observan inauguraciones espectaculares mientras contin\u00faan faltando escuelas, centros de salud, transporte digno y espacios p\u00fablicos seguros.<\/p>\n\n\n\n<p class=\"wp-block-paragraph\"><br>En Ju\u00e1rez, particularmente en el suroriente, cientos de miles de personas viven una realidad que rara vez ocupa el centro de la agenda pol\u00edtica. Colonias completas siguen creciendo sin la infraestructura m\u00ednima mientras los discursos oficiales hablan de &#8220;desarrollo hist\u00f3rico&#8221;.<br><\/p>\n\n\n\n<p class=\"wp-block-paragraph\">La antrop\u00f3loga Marc Aug\u00e9 advert\u00eda que las sociedades modernas producen &#8220;no lugares&#8221;; espacios donde las personas existen f\u00edsicamente pero permanecen invisibles para el Estado. El suroriente de Ju\u00e1rez representa precisamente ese fen\u00f3meno, no es \u00fanicamente un territorio. Es una met\u00e1fora del abandono institucional, mientras tanto, gran parte de la clase pol\u00edtica contin\u00faa atrapada en otra l\u00f3gica.<\/p>\n\n\n\n<p class=\"wp-block-paragraph\"><br>La l\u00f3gica del evento.<br>La l\u00f3gica de la fotograf\u00eda.<br>La l\u00f3gica del video para redes sociales.<br>La l\u00f3gica del bolet\u00edn.<br><\/p>\n\n\n\n<p class=\"wp-block-paragraph\">Hoy parece m\u00e1s importante inaugurar una obra que mantenerla funcionando, importa m\u00e1s cortar un list\u00f3n que resolver un problema, iImporta m\u00e1s acumular seguidores digitales que construir confianza ciudadana.<\/p>\n\n\n\n<p class=\"wp-block-paragraph\"><br>El historiador Yuval Noah Harari advierte que las sociedades contempor\u00e1neas viven dominadas por narrativas. El problema aparece cuando la narrativa sustituye a la realidad. Eso parece ocurrir con frecuencia en la pol\u00edtica local. Las administraciones producen una enorme cantidad de comunicaci\u00f3n institucional. Pero la percepci\u00f3n ciudadana no mejora. \u00bfPor qu\u00e9?<\/p>\n\n\n\n<p class=\"wp-block-paragraph\"><br>Porque la experiencia cotidiana termina derrotando cualquier campa\u00f1a de imagen, no importa cu\u00e1ntos videos institucionales existan Si el ciudadano tarda dos horas para llegar al trabajo, si una madre contin\u00faa esperando un lugar para su hijo en una escuela.<br>Si un adulto mayor sigue sin atenci\u00f3n m\u00e9dica cercana, Si las calles permanecen destruidas. La realidad siempre termina siendo la mejor encuesta.<\/p>\n\n\n\n<p class=\"wp-block-paragraph\"><br>Max Weber diferenciaba entre la \u00e9tica de la responsabilidad y la \u00e9tica de la convicci\u00f3n. muchos pol\u00edticos actuales parecen practicar una tercera categor\u00eda: La \u00e9tica de la conveniencia. Cambian de partido sin explicar razones ideol\u00f3gicas, construyen alianzas con quienes ayer calificaban como enemigos; critican aquello que despu\u00e9s terminan defendiendo; prometen transparencia mientras restringen el acceso a la informaci\u00f3n. hablan de austeridad mientras multiplican estructuras administrativas.<\/p>\n\n\n\n<p class=\"wp-block-paragraph\"><br>No sorprende entonces que la pol\u00edtica haya dejado de ser vista como una vocaci\u00f3n p\u00fablica para convertirse, en el imaginario colectivo, en una profesi\u00f3n de beneficios personales.<br><\/p>\n\n\n\n<p class=\"wp-block-paragraph\">El problema resulta todav\u00eda m\u00e1s profundo. Los ciudadanos ya no distinguen entre buenos y malos pol\u00edticos, simplemente dejaron de creer. Esa es la diferencia entre una crisis de gobierno y una crisis de legitimidad. La primera puede resolverse con mejores pol\u00edticas p\u00fablicas, la segunda exige reconstruir la confianza desde sus cimientos.<\/p>\n\n\n\n<p class=\"wp-block-paragraph\"><br>El fil\u00f3sofo Hannah Arendt advert\u00eda que el mayor riesgo para una democracia no era \u00fanicamente el autoritarismo, sino la p\u00e9rdida del espacio p\u00fablico donde las personas dejan de creer que participar tiene sentido; cuando eso ocurre aparece el cinismo social, la abstenci\u00f3n, la indiferencia y finalmente la resignaci\u00f3n.<\/p>\n\n\n\n<p class=\"wp-block-paragraph\"><br>Ciudad Ju\u00e1rez comienza a mostrar s\u00edntomas preocupantes, cada vez menos ciudadanos esperan soluciones provenientes de la pol\u00edtica, prefieren resolver mediante organizaciones civiles, iglesias, empresarios o redes vecinales lo que consideran incapacidad gubernamental.<br><\/p>\n\n\n\n<p class=\"wp-block-paragraph\">Parad\u00f3jicamente, mientras la confianza en universidades, escuelas p\u00fablicas y organizaciones sociales permanece significativamente m\u00e1s alta, los partidos pol\u00edticos siguen ocupando el \u00faltimo lugar entre las instituciones evaluadas por la ciudadan\u00eda.<\/p>\n\n\n\n<p class=\"wp-block-paragraph\"><br>No es una percepci\u00f3n aislada, es una tendencia nacional; pero Ju\u00e1rez la vive con mayor intensidad porque carga una historia marcada por violencia, abandono institucional, desigualdad territorial y promesas incumplidas, Aqu\u00ed aparece una pregunta inc\u00f3moda.<\/p>\n\n\n\n<p class=\"wp-block-paragraph\">\u00bfLos pol\u00edticos tienen mala imagen porque la ciudadan\u00eda es injusta?<br>\u00bfO la ciudadan\u00eda es cr\u00edtica porque la clase pol\u00edtica ha normalizado pr\u00e1cticas que alimentan ese desprestigio?<br><\/p>\n\n\n\n<p class=\"wp-block-paragraph\">La respuesta probablemente incomode a muchos. Los pol\u00edticos no son v\u00edctimas del estigma.<br>con frecuencia son sus principales constructores con cada acto de nepotismo, cada designaci\u00f3n basada en lealtades personales, cada licitaci\u00f3n cuestionada, cada promesa incumplida, cada cambio de partido por conveniencia, cada campa\u00f1a permanente disfrazada de informe institucional, cada conferencia sin resultados, cada fotograf\u00eda sustituyendo al trabajo de campo.<br>cada decisi\u00f3n tomada desde el c\u00e1lculo electoral y no desde el inter\u00e9s p\u00fablico. Todo ello fortalece el estereotipo que despu\u00e9s los propios pol\u00edticos lamentan.<\/p>\n\n\n\n<p class=\"wp-block-paragraph\"><br>No basta con exigir que la ciudadan\u00eda vuelva a confiar, la confianza no se decreta, Se merece y se construye,<br>con resultados verificables, con congruencia, con rendici\u00f3n de cuentas, con cercan\u00eda aut\u00e9ntica, con capacidad t\u00e9cnica,<br>con humildad.<\/p>\n\n\n\n<p class=\"wp-block-paragraph\"><br>Ciudad Ju\u00e1rez necesita recuperar la pol\u00edtica como instrumento de transformaci\u00f3n colectiva, no como espect\u00e1culo,<br>no como industria electoral. no como carrera profesional. Porque cuando la sociedad deja de creer en quienes gobiernan, la democracia no desaparece de inmediato, simplemente comienza a vaciarse por dentro.<br>Y ese proceso, silencioso pero devastador, quiz\u00e1 sea el mayor riesgo que enfrenta hoy nuestra ciudad.<br>La peor crisis no es tener malos pol\u00edticos, la peor crisis es acostumbrarnos tanto a ellos que dejemos de esperar algo mejor.<\/p>\n","protected":false},"excerpt":{"rendered":"<p>Cuando el poder dej\u00f3 de representar y comenz\u00f3 a administrarse a s\u00ed mismo Por Guadalupe Parada Gasson Por d\u00e9cadas se ha repetido una frase que hoy parece convertirse en una sentencia colectiva: &#8220;todos los pol\u00edticos son iguales&#8221;.Sin embargo, la verdadera tragedia no es que la ciudadan\u00eda lo repita, sino que la clase pol\u00edtica parezca empe\u00f1ada [&hellip;]<\/p>\n","protected":false},"author":2,"featured_media":63,"comment_status":"open","ping_status":"open","sticky":false,"template":"","format":"standard","meta":{"_jetpack_newsletter_access":"","_jetpack_dont_email_post_to_subs":false,"_jetpack_newsletter_tier_id":0,"_jetpack_memberships_contains_paywalled_content":false,"_jetpack_feature_clip_id":0,"_jetpack_memberships_contains_paid_content":false,"footnotes":"","jetpack_post_was_ever_published":false},"categories":[4],"tags":[],"class_list":["post-62","post","type-post","status-publish","format-standard","has-post-thumbnail","hentry","category-analisis-politico"],"aioseo_notices":[],"aioseo_head":"\n\t\t<!-- All in One SEO 4.9.10 - aioseo.com -->\n\t<meta name=\"description\" content=\"Cuando el poder dej\u00f3 de representar y comenz\u00f3 a administrarse a s\u00ed mismo Por Guadalupe Parada Gasson Por d\u00e9cadas se ha repetido una frase que hoy parece convertirse en una sentencia colectiva: &quot;todos los pol\u00edticos son iguales&quot;.Sin embargo, la verdadera tragedia no es que la ciudadan\u00eda lo repita, sino que la clase pol\u00edtica parezca empe\u00f1ada\" \/>\n\t<meta name=\"robots\" content=\"max-image-preview:large\" \/>\n\t<meta name=\"author\" content=\"Guadalupe Parada\"\/>\n\t<meta name=\"google-site-verification\" content=\"jlwkLGgnMBpX8ktutl9e1D8Kvl7Rh7xmXQIHtOLk65U\" \/>\n\t<link rel=\"canonical\" href=\"https:\/\/www.enfasis.mx\/?p=62\" \/>\n\t<meta name=\"generator\" content=\"All in One SEO (AIOSEO) 4.9.10\" \/>\n\t\t<meta property=\"og:locale\" content=\"en_US\" \/>\n\t\t<meta property=\"og:site_name\" content=\"\u00c9nfasis - El acento en la econom\u00eda y la pol\u00edtica\" \/>\n\t\t<meta property=\"og:type\" content=\"article\" \/>\n\t\t<meta property=\"og:title\" content=\"El desprestigio de la pol\u00edtica en Ciudad Ju\u00e1rez - \u00c9nfasis\" \/>\n\t\t<meta property=\"og:description\" content=\"Cuando el poder dej\u00f3 de representar y comenz\u00f3 a administrarse a s\u00ed mismo Por Guadalupe Parada Gasson Por d\u00e9cadas se ha repetido una frase que hoy parece convertirse en una sentencia colectiva: &quot;todos los pol\u00edticos son iguales&quot;.Sin embargo, la verdadera tragedia no es que la ciudadan\u00eda lo repita, sino que la clase pol\u00edtica parezca empe\u00f1ada\" \/>\n\t\t<meta property=\"og:url\" content=\"https:\/\/www.enfasis.mx\/?p=62\" \/>\n\t\t<meta property=\"og:image\" content=\"https:\/\/www.enfasis.mx\/wp-content\/uploads\/2026\/07\/Imagen-Guadalupe.png\" \/>\n\t\t<meta property=\"og:image:secure_url\" content=\"https:\/\/www.enfasis.mx\/wp-content\/uploads\/2026\/07\/Imagen-Guadalupe.png\" \/>\n\t\t<meta property=\"og:image:width\" content=\"1536\" \/>\n\t\t<meta property=\"og:image:height\" content=\"1024\" \/>\n\t\t<meta property=\"article:published_time\" content=\"2026-07-24T19:26:38+00:00\" \/>\n\t\t<meta property=\"article:modified_time\" content=\"2026-07-24T19:50:46+00:00\" \/>\n\t\t<meta name=\"twitter:card\" content=\"summary_large_image\" \/>\n\t\t<meta name=\"twitter:title\" content=\"El desprestigio de la pol\u00edtica en Ciudad Ju\u00e1rez - \u00c9nfasis\" \/>\n\t\t<meta name=\"twitter:description\" content=\"Cuando el poder dej\u00f3 de representar y comenz\u00f3 a administrarse a s\u00ed mismo Por Guadalupe Parada Gasson Por d\u00e9cadas se ha repetido una frase que hoy parece convertirse en una sentencia colectiva: &quot;todos los pol\u00edticos son iguales&quot;.Sin embargo, la verdadera tragedia no es que la ciudadan\u00eda lo repita, sino que la clase pol\u00edtica parezca empe\u00f1ada\" \/>\n\t\t<meta name=\"twitter:image\" content=\"http:\/\/www.enfasis.mx\/wp-content\/uploads\/2026\/07\/Enfasis-Logo-1.png\" \/>\n\t\t<script type=\"application\/ld+json\" class=\"aioseo-schema\">\n\t\t\t{\"@context\":\"https:\\\/\\\/schema.org\",\"@graph\":[{\"@type\":\"BlogPosting\",\"@id\":\"https:\\\/\\\/www.enfasis.mx\\\/?p=62#blogposting\",\"name\":\"El desprestigio de la pol\\u00edtica en Ciudad Ju\\u00e1rez - \\u00c9nfasis\",\"headline\":\"El desprestigio de la pol\\u00edtica en Ciudad Ju\\u00e1rez\",\"author\":{\"@id\":\"https:\\\/\\\/www.enfasis.mx\\\/?author=2#author\"},\"publisher\":{\"@id\":\"https:\\\/\\\/www.enfasis.mx\\\/#organization\"},\"image\":{\"@type\":\"ImageObject\",\"url\":\"https:\\\/\\\/www.enfasis.mx\\\/wp-content\\\/uploads\\\/2026\\\/07\\\/Imagen-Guadalupe.png\",\"width\":1536,\"height\":1024},\"datePublished\":\"2026-07-24T12:26:38-07:00\",\"dateModified\":\"2026-07-24T12:50:46-07:00\",\"inLanguage\":\"en-US\",\"mainEntityOfPage\":{\"@id\":\"https:\\\/\\\/www.enfasis.mx\\\/?p=62#webpage\"},\"isPartOf\":{\"@id\":\"https:\\\/\\\/www.enfasis.mx\\\/?p=62#webpage\"},\"articleSection\":\"Pol\\u00edtica\"},{\"@type\":\"BreadcrumbList\",\"@id\":\"https:\\\/\\\/www.enfasis.mx\\\/?p=62#breadcrumblist\",\"itemListElement\":[{\"@type\":\"ListItem\",\"@id\":\"https:\\\/\\\/www.enfasis.mx#listItem\",\"position\":1,\"name\":\"Home\",\"item\":\"https:\\\/\\\/www.enfasis.mx\",\"nextItem\":{\"@type\":\"ListItem\",\"@id\":\"https:\\\/\\\/www.enfasis.mx\\\/?cat=4#listItem\",\"name\":\"Pol\\u00edtica\"}},{\"@type\":\"ListItem\",\"@id\":\"https:\\\/\\\/www.enfasis.mx\\\/?cat=4#listItem\",\"position\":2,\"name\":\"Pol\\u00edtica\",\"item\":\"https:\\\/\\\/www.enfasis.mx\\\/?cat=4\",\"nextItem\":{\"@type\":\"ListItem\",\"@id\":\"https:\\\/\\\/www.enfasis.mx\\\/?p=62#listItem\",\"name\":\"El desprestigio de la pol\\u00edtica en Ciudad Ju\\u00e1rez\"},\"previousItem\":{\"@type\":\"ListItem\",\"@id\":\"https:\\\/\\\/www.enfasis.mx#listItem\",\"name\":\"Home\"}},{\"@type\":\"ListItem\",\"@id\":\"https:\\\/\\\/www.enfasis.mx\\\/?p=62#listItem\",\"position\":3,\"name\":\"El desprestigio de la pol\\u00edtica en Ciudad Ju\\u00e1rez\",\"previousItem\":{\"@type\":\"ListItem\",\"@id\":\"https:\\\/\\\/www.enfasis.mx\\\/?cat=4#listItem\",\"name\":\"Pol\\u00edtica\"}}]},{\"@type\":\"Organization\",\"@id\":\"https:\\\/\\\/www.enfasis.mx\\\/#organization\",\"name\":\"\\u00c9nfasis Ser Empresario\",\"description\":\"El acento en la econom\\u00eda y la pol\\u00edtica Grupo Editorial Fundado en 1998, su marca insignia es REVISTA SER EMPRESARIO la revista empresarial mas importante del Estado\",\"url\":\"https:\\\/\\\/www.enfasis.mx\\\/\",\"logo\":{\"@type\":\"ImageObject\",\"url\":\"http:\\\/\\\/www.enfasis.mx\\\/wp-content\\\/uploads\\\/2026\\\/07\\\/Enfasis-Logo-1.png\",\"@id\":\"https:\\\/\\\/www.enfasis.mx\\\/?p=62\\\/#organizationLogo\"},\"image\":{\"@id\":\"https:\\\/\\\/www.enfasis.mx\\\/?p=62\\\/#organizationLogo\"}},{\"@type\":\"Person\",\"@id\":\"https:\\\/\\\/www.enfasis.mx\\\/?author=2#author\",\"url\":\"https:\\\/\\\/www.enfasis.mx\\\/?author=2\",\"name\":\"Guadalupe Parada\"},{\"@type\":\"WebPage\",\"@id\":\"https:\\\/\\\/www.enfasis.mx\\\/?p=62#webpage\",\"url\":\"https:\\\/\\\/www.enfasis.mx\\\/?p=62\",\"name\":\"El desprestigio de la pol\\u00edtica en Ciudad Ju\\u00e1rez - \\u00c9nfasis\",\"description\":\"Cuando el poder dej\\u00f3 de representar y comenz\\u00f3 a administrarse a s\\u00ed mismo Por Guadalupe Parada Gasson Por d\\u00e9cadas se ha repetido una frase que hoy parece convertirse en una sentencia colectiva: \\\"todos los pol\\u00edticos son iguales\\\".Sin embargo, la verdadera tragedia no es que la ciudadan\\u00eda lo repita, sino que la clase pol\\u00edtica parezca empe\\u00f1ada\",\"inLanguage\":\"en-US\",\"isPartOf\":{\"@id\":\"https:\\\/\\\/www.enfasis.mx\\\/#website\"},\"breadcrumb\":{\"@id\":\"https:\\\/\\\/www.enfasis.mx\\\/?p=62#breadcrumblist\"},\"author\":{\"@id\":\"https:\\\/\\\/www.enfasis.mx\\\/?author=2#author\"},\"creator\":{\"@id\":\"https:\\\/\\\/www.enfasis.mx\\\/?author=2#author\"},\"image\":{\"@type\":\"ImageObject\",\"url\":\"https:\\\/\\\/www.enfasis.mx\\\/wp-content\\\/uploads\\\/2026\\\/07\\\/Imagen-Guadalupe.png\",\"@id\":\"https:\\\/\\\/www.enfasis.mx\\\/?p=62\\\/#mainImage\",\"width\":1536,\"height\":1024},\"primaryImageOfPage\":{\"@id\":\"https:\\\/\\\/www.enfasis.mx\\\/?p=62#mainImage\"},\"datePublished\":\"2026-07-24T12:26:38-07:00\",\"dateModified\":\"2026-07-24T12:50:46-07:00\"},{\"@type\":\"WebSite\",\"@id\":\"https:\\\/\\\/www.enfasis.mx\\\/#website\",\"url\":\"https:\\\/\\\/www.enfasis.mx\\\/\",\"name\":\"\\u00c9nfasis\",\"description\":\"El acento en la econom\\u00eda y la pol\\u00edtica\",\"inLanguage\":\"en-US\",\"publisher\":{\"@id\":\"https:\\\/\\\/www.enfasis.mx\\\/#organization\"}}]}\n\t\t<\/script>\n\t\t<!-- All in One SEO -->\n\n","aioseo_head_json":{"title":"El desprestigio de la pol\u00edtica en Ciudad Ju\u00e1rez - \u00c9nfasis","description":"Cuando el poder dej\u00f3 de representar y comenz\u00f3 a administrarse a s\u00ed mismo Por Guadalupe Parada Gasson Por d\u00e9cadas se ha repetido una frase que hoy parece convertirse en una sentencia colectiva: \"todos los pol\u00edticos son iguales\".Sin embargo, la verdadera tragedia no es que la ciudadan\u00eda lo repita, sino que la clase pol\u00edtica parezca empe\u00f1ada","canonical_url":"https:\/\/www.enfasis.mx\/?p=62","robots":"max-image-preview:large","keywords":"","webmasterTools":{"google-site-verification":"jlwkLGgnMBpX8ktutl9e1D8Kvl7Rh7xmXQIHtOLk65U","miscellaneous":""},"schema":{"@context":"https:\/\/schema.org","@graph":[{"@type":"BlogPosting","@id":"https:\/\/www.enfasis.mx\/?p=62#blogposting","name":"El desprestigio de la pol\u00edtica en Ciudad Ju\u00e1rez - \u00c9nfasis","headline":"El desprestigio de la pol\u00edtica en Ciudad Ju\u00e1rez","author":{"@id":"https:\/\/www.enfasis.mx\/?author=2#author"},"publisher":{"@id":"https:\/\/www.enfasis.mx\/#organization"},"image":{"@type":"ImageObject","url":"https:\/\/www.enfasis.mx\/wp-content\/uploads\/2026\/07\/Imagen-Guadalupe.png","width":1536,"height":1024},"datePublished":"2026-07-24T12:26:38-07:00","dateModified":"2026-07-24T12:50:46-07:00","inLanguage":"en-US","mainEntityOfPage":{"@id":"https:\/\/www.enfasis.mx\/?p=62#webpage"},"isPartOf":{"@id":"https:\/\/www.enfasis.mx\/?p=62#webpage"},"articleSection":"Pol\u00edtica"},{"@type":"BreadcrumbList","@id":"https:\/\/www.enfasis.mx\/?p=62#breadcrumblist","itemListElement":[{"@type":"ListItem","@id":"https:\/\/www.enfasis.mx#listItem","position":1,"name":"Home","item":"https:\/\/www.enfasis.mx","nextItem":{"@type":"ListItem","@id":"https:\/\/www.enfasis.mx\/?cat=4#listItem","name":"Pol\u00edtica"}},{"@type":"ListItem","@id":"https:\/\/www.enfasis.mx\/?cat=4#listItem","position":2,"name":"Pol\u00edtica","item":"https:\/\/www.enfasis.mx\/?cat=4","nextItem":{"@type":"ListItem","@id":"https:\/\/www.enfasis.mx\/?p=62#listItem","name":"El desprestigio de la pol\u00edtica en Ciudad Ju\u00e1rez"},"previousItem":{"@type":"ListItem","@id":"https:\/\/www.enfasis.mx#listItem","name":"Home"}},{"@type":"ListItem","@id":"https:\/\/www.enfasis.mx\/?p=62#listItem","position":3,"name":"El desprestigio de la pol\u00edtica en Ciudad Ju\u00e1rez","previousItem":{"@type":"ListItem","@id":"https:\/\/www.enfasis.mx\/?cat=4#listItem","name":"Pol\u00edtica"}}]},{"@type":"Organization","@id":"https:\/\/www.enfasis.mx\/#organization","name":"\u00c9nfasis Ser Empresario","description":"El acento en la econom\u00eda y la pol\u00edtica Grupo Editorial Fundado en 1998, su marca insignia es REVISTA SER EMPRESARIO la revista empresarial mas importante del Estado","url":"https:\/\/www.enfasis.mx\/","logo":{"@type":"ImageObject","url":"http:\/\/www.enfasis.mx\/wp-content\/uploads\/2026\/07\/Enfasis-Logo-1.png","@id":"https:\/\/www.enfasis.mx\/?p=62\/#organizationLogo"},"image":{"@id":"https:\/\/www.enfasis.mx\/?p=62\/#organizationLogo"}},{"@type":"Person","@id":"https:\/\/www.enfasis.mx\/?author=2#author","url":"https:\/\/www.enfasis.mx\/?author=2","name":"Guadalupe Parada"},{"@type":"WebPage","@id":"https:\/\/www.enfasis.mx\/?p=62#webpage","url":"https:\/\/www.enfasis.mx\/?p=62","name":"El desprestigio de la pol\u00edtica en Ciudad Ju\u00e1rez - \u00c9nfasis","description":"Cuando el poder dej\u00f3 de representar y comenz\u00f3 a administrarse a s\u00ed mismo Por Guadalupe Parada Gasson Por d\u00e9cadas se ha repetido una frase que hoy parece convertirse en una sentencia colectiva: \"todos los pol\u00edticos son iguales\".Sin embargo, la verdadera tragedia no es que la ciudadan\u00eda lo repita, sino que la clase pol\u00edtica parezca empe\u00f1ada","inLanguage":"en-US","isPartOf":{"@id":"https:\/\/www.enfasis.mx\/#website"},"breadcrumb":{"@id":"https:\/\/www.enfasis.mx\/?p=62#breadcrumblist"},"author":{"@id":"https:\/\/www.enfasis.mx\/?author=2#author"},"creator":{"@id":"https:\/\/www.enfasis.mx\/?author=2#author"},"image":{"@type":"ImageObject","url":"https:\/\/www.enfasis.mx\/wp-content\/uploads\/2026\/07\/Imagen-Guadalupe.png","@id":"https:\/\/www.enfasis.mx\/?p=62\/#mainImage","width":1536,"height":1024},"primaryImageOfPage":{"@id":"https:\/\/www.enfasis.mx\/?p=62#mainImage"},"datePublished":"2026-07-24T12:26:38-07:00","dateModified":"2026-07-24T12:50:46-07:00"},{"@type":"WebSite","@id":"https:\/\/www.enfasis.mx\/#website","url":"https:\/\/www.enfasis.mx\/","name":"\u00c9nfasis","description":"El acento en la econom\u00eda y la pol\u00edtica","inLanguage":"en-US","publisher":{"@id":"https:\/\/www.enfasis.mx\/#organization"}}]},"og:locale":"en_US","og:site_name":"\u00c9nfasis - El acento en la econom\u00eda y la pol\u00edtica","og:type":"article","og:title":"El desprestigio de la pol\u00edtica en Ciudad Ju\u00e1rez - \u00c9nfasis","og:description":"Cuando el poder dej\u00f3 de representar y comenz\u00f3 a administrarse a s\u00ed mismo Por Guadalupe Parada Gasson Por d\u00e9cadas se ha repetido una frase que hoy parece convertirse en una sentencia colectiva: &quot;todos los pol\u00edticos son iguales&quot;.Sin embargo, la verdadera tragedia no es que la ciudadan\u00eda lo repita, sino que la clase pol\u00edtica parezca empe\u00f1ada","og:url":"https:\/\/www.enfasis.mx\/?p=62","og:image":"https:\/\/www.enfasis.mx\/wp-content\/uploads\/2026\/07\/Imagen-Guadalupe.png","og:image:secure_url":"https:\/\/www.enfasis.mx\/wp-content\/uploads\/2026\/07\/Imagen-Guadalupe.png","og:image:width":1536,"og:image:height":1024,"article:published_time":"2026-07-24T19:26:38+00:00","article:modified_time":"2026-07-24T19:50:46+00:00","twitter:card":"summary_large_image","twitter:title":"El desprestigio de la pol\u00edtica en Ciudad Ju\u00e1rez - \u00c9nfasis","twitter:description":"Cuando el poder dej\u00f3 de representar y comenz\u00f3 a administrarse a s\u00ed mismo Por Guadalupe Parada Gasson Por d\u00e9cadas se ha repetido una frase que hoy parece convertirse en una sentencia colectiva: &quot;todos los pol\u00edticos son iguales&quot;.Sin embargo, la verdadera tragedia no es que la ciudadan\u00eda lo repita, sino que la clase pol\u00edtica parezca empe\u00f1ada","twitter:image":"http:\/\/www.enfasis.mx\/wp-content\/uploads\/2026\/07\/Enfasis-Logo-1.png"},"aioseo_meta_data":{"post_id":"62","title":"#post_title #separator_sa #site_title","description":"#post_excerpt","keywords":null,"keyphrases":{"focus":{"keyphrase":"","score":0,"analysis":{"keyphraseInTitle":{"score":0,"maxScore":9,"error":1}}},"additional":[]},"primary_term":null,"canonical_url":null,"og_title":null,"og_description":null,"og_object_type":"default","og_image_type":"default","og_image_custom_url":null,"og_image_custom_fields":null,"og_image_url":null,"og_image_width":null,"og_image_height":null,"og_video":"","og_custom_url":null,"og_article_section":null,"og_article_tags":null,"twitter_use_og":false,"twitter_card":"default","twitter_image_type":"default","twitter_image_custom_url":null,"twitter_image_custom_fields":null,"twitter_image_url":null,"twitter_title":null,"twitter_description":null,"schema_type":"default","schema_type_options":null,"schema":{"blockGraphs":[],"customGraphs":[],"default":{"data":{"Article":[],"Course":[],"Dataset":[],"FAQPage":[],"Movie":[],"Person":[],"Product":[],"ProductReview":[],"Car":[],"Recipe":[],"Service":[],"SoftwareApplication":[],"WebPage":[]},"graphName":"BlogPosting","isEnabled":true},"graphs":[]},"pillar_content":false,"robots_default":true,"robots_noindex":false,"robots_noarchive":false,"robots_nosnippet":false,"robots_nofollow":false,"robots_noimageindex":false,"robots_noodp":false,"robots_notranslate":false,"robots_max_snippet":"-1","robots_max_videopreview":"-1","robots_max_imagepreview":"large","priority":null,"frequency":"default","local_seo":null,"limit_modified_date":false,"ai":{"faqs":[],"keyPoints":[],"schemas":[],"titles":[],"descriptions":[],"socialPosts":{"email":{"subject":"","preview":"","content":""},"linkedin":[],"twitter":[],"facebook":[],"instagram":[]}},"breadcrumb_settings":null,"seo_analyzer_scan_date":null,"created":"2026-07-24 19:26:39","updated":"2026-07-24 22:37:40"},"aioseo_breadcrumb":"<div class=\"aioseo-breadcrumbs\"><span class=\"aioseo-breadcrumb\">\n\t\t\t<a href=\"https:\/\/www.enfasis.mx\" title=\"Home\">Home<\/a>\n\t\t<\/span><span class=\"aioseo-breadcrumb-separator\">&raquo;<\/span><span class=\"aioseo-breadcrumb\">\n\t\t\t<a href=\"https:\/\/www.enfasis.mx\/?cat=4\" title=\"Pol\u00edtica\">Pol\u00edtica<\/a>\n\t\t<\/span><span class=\"aioseo-breadcrumb-separator\">&raquo;<\/span><span class=\"aioseo-breadcrumb\">\n\t\t\tEl desprestigio de la pol\u00edtica en Ciudad Ju\u00e1rez\n\t\t<\/span><\/div>","aioseo_breadcrumb_json":[{"label":"Home","link":"https:\/\/www.enfasis.mx"},{"label":"Pol\u00edtica","link":"https:\/\/www.enfasis.mx\/?cat=4"},{"label":"El desprestigio de la pol\u00edtica en Ciudad Ju\u00e1rez","link":"https:\/\/www.enfasis.mx\/?p=62"}],"wpmagazine_modules_lite_featured_media_urls":{"thumbnail":["https:\/\/www.enfasis.mx\/wp-content\/uploads\/2026\/07\/Imagen-Guadalupe-150x150.png",150,150,true],"cvmm-medium":["https:\/\/www.enfasis.mx\/wp-content\/uploads\/2026\/07\/Imagen-Guadalupe.png",300,200,false],"cvmm-medium-plus":["https:\/\/www.enfasis.mx\/wp-content\/uploads\/2026\/07\/Imagen-Guadalupe.png",305,203,false],"cvmm-portrait":["https:\/\/www.enfasis.mx\/wp-content\/uploads\/2026\/07\/Imagen-Guadalupe.png",400,267,false],"cvmm-medium-square":["https:\/\/www.enfasis.mx\/wp-content\/uploads\/2026\/07\/Imagen-Guadalupe.png",600,400,false],"cvmm-large":["https:\/\/www.enfasis.mx\/wp-content\/uploads\/2026\/07\/Imagen-Guadalupe.png",1024,683,false],"cvmm-small":["https:\/\/www.enfasis.mx\/wp-content\/uploads\/2026\/07\/Imagen-Guadalupe.png",130,87,false],"full":["https:\/\/www.enfasis.mx\/wp-content\/uploads\/2026\/07\/Imagen-Guadalupe.png",1536,1024,false]},"categories_names":{"4":{"name":"Pol\u00edtica","link":"https:\/\/www.enfasis.mx\/?cat=4"}},"tags_names":[],"comments_number":"0","jetpack_sharing_enabled":true,"jetpack_featured_media_url":"https:\/\/www.enfasis.mx\/wp-content\/uploads\/2026\/07\/Imagen-Guadalupe.png","_links":{"self":[{"href":"https:\/\/www.enfasis.mx\/index.php?rest_route=\/wp\/v2\/posts\/62","targetHints":{"allow":["GET"]}}],"collection":[{"href":"https:\/\/www.enfasis.mx\/index.php?rest_route=\/wp\/v2\/posts"}],"about":[{"href":"https:\/\/www.enfasis.mx\/index.php?rest_route=\/wp\/v2\/types\/post"}],"author":[{"embeddable":true,"href":"https:\/\/www.enfasis.mx\/index.php?rest_route=\/wp\/v2\/users\/2"}],"replies":[{"embeddable":true,"href":"https:\/\/www.enfasis.mx\/index.php?rest_route=%2Fwp%2Fv2%2Fcomments&post=62"}],"version-history":[{"count":2,"href":"https:\/\/www.enfasis.mx\/index.php?rest_route=\/wp\/v2\/posts\/62\/revisions"}],"predecessor-version":[{"id":66,"href":"https:\/\/www.enfasis.mx\/index.php?rest_route=\/wp\/v2\/posts\/62\/revisions\/66"}],"wp:featuredmedia":[{"embeddable":true,"href":"https:\/\/www.enfasis.mx\/index.php?rest_route=\/wp\/v2\/media\/63"}],"wp:attachment":[{"href":"https:\/\/www.enfasis.mx\/index.php?rest_route=%2Fwp%2Fv2%2Fmedia&parent=62"}],"wp:term":[{"taxonomy":"category","embeddable":true,"href":"https:\/\/www.enfasis.mx\/index.php?rest_route=%2Fwp%2Fv2%2Fcategories&post=62"},{"taxonomy":"post_tag","embeddable":true,"href":"https:\/\/www.enfasis.mx\/index.php?rest_route=%2Fwp%2Fv2%2Ftags&post=62"}],"curies":[{"name":"wp","href":"https:\/\/api.w.org\/{rel}","templated":true}]}}