{"id":96,"date":"2026-07-28T09:13:19","date_gmt":"2026-07-28T16:13:19","guid":{"rendered":"https:\/\/www.enfasis.mx\/?p=96"},"modified":"2026-07-28T11:59:44","modified_gmt":"2026-07-28T18:59:44","slug":"katherine-beamer-nueva-consul-de-usa-en-ciudad-juarez","status":"publish","type":"post","link":"https:\/\/www.enfasis.mx\/?p=96","title":{"rendered":"Katharine Beamer nueva Consul de USA en Ciudad Ju\u00e1rez"},"content":{"rendered":"\n<p class=\"wp-block-paragraph\">El Consulado General de los Estados Unidos en Ciudad Ju\u00e1rez anuncio la llegada de Katharine Beamer, quien asumir\u00e1 el cargo de C\u00f3nsul General de los Estados Unidos en Ciudad Ju\u00e1rez a partir del 27 de julio de 2026.<\/p>\n\n\n\n<p class=\"wp-block-paragraph\">Katharine Beamer, miembro del Servicio Exterior de Carrera de Alto Nivel de los Estados Unidos, cuenta con 25 a\u00f1os de experiencia diplom\u00e1tica. M\u00e1s recientemente, se desempe\u00f1\u00f3 como encargada de negocios en la Embajada de los Estados Unidos en Belice. Anteriormente, fue directora de la Oficina de Asuntos del Caribe del Departamento de Estado, en Washington, D. C.<\/p>\n\n\n\n<p class=\"wp-block-paragraph\">Katharine naci\u00f3 y creci\u00f3 en Encinitas, California, a aproximadamente una hora de la frontera entre Estados Unidos y M\u00e9xico. Se gradu\u00f3 de la Universidad de Stanford en 2001 con una licenciatura en Relaciones Internacionales y una maestr\u00eda en Sociolog\u00eda. Ingres\u00f3 al Servicio Exterior ese mismo a\u00f1o y ha realizado tres asignaciones en Washington, dentro de la Oficina de Asuntos del Hemisferio Occidental, adem\u00e1s de haber prestado servicio en las embajadas de Estados Unidos en Guatemala, Polonia, Eslovaquia, Bolivia, Rep\u00fablica Dominicana y Belice.<\/p>\n\n\n\n<p class=\"wp-block-paragraph\">Adem\u00e1s de sus asignaciones diplom\u00e1ticas, Katharine fue becaria Pearson del Departamento de Estado en el Senado de Estados Unidos y becaria en Asuntos de Seguridad Nacional en la Instituci\u00f3n Hoover, de su alma mater, la Universidad de Stanford.<\/p>\n\n\n\n<p class=\"wp-block-paragraph\">En su tiempo libre, Katharine disfruta viajar, leer, comer \u2014especialmente comida mexicana\u2014, correr y realizar actividades al aire libre. Llega a Ciudad Ju\u00e1rez acompa\u00f1ada de su esposo, Chase, tambi\u00e9n diplom\u00e1tico; de sus hijos adolescentes gemelos, Luke y Read; y de su querida perrita, Nola, rescatada en Rep\u00fablica Dominicana.<\/p>\n\n\n\n<p class=\"wp-block-paragraph\">La C\u00f3nsul General Beamer releva en el cargo a Rafael Foley, quien se desempe\u00f1\u00f3 como C\u00f3nsul General hasta el 7 de julio. El Consulado General de los Estados Unidos en Ciudad Ju\u00e1rez tiene todo el estado de Chihuahua como \u00e1rea asignada para el ejercicio de sus funciones consulares.<\/p>\n\n\n\n<p class=\"wp-block-paragraph\"><\/p>\n","protected":false},"excerpt":{"rendered":"<p>El Consulado General de los Estados Unidos en Ciudad Ju\u00e1rez anuncio la llegada de Katharine Beamer, quien asumir\u00e1 el cargo de C\u00f3nsul General de los Estados Unidos en Ciudad Ju\u00e1rez a partir del 27 de julio de 2026. Katharine Beamer, miembro del Servicio Exterior de Carrera de Alto Nivel de los Estados Unidos, cuenta con [&hellip;]<\/p>\n","protected":false},"author":1,"featured_media":137,"comment_status":"closed","ping_status":"open","sticky":false,"template":"","format":"standard","meta":{"_jetpack_newsletter_access":"","_jetpack_dont_email_post_to_subs":false,"_jetpack_newsletter_tier_id":0,"_jetpack_memberships_contains_paywalled_content":false,"_jetpack_feature_clip_id":0,"_jetpack_memberships_contains_paid_content":false,"footnotes":"","jetpack_post_was_ever_published":false},"categories":[4],"tags":[],"class_list":["post-96","post","type-post","status-publish","format-standard","has-post-thumbnail","hentry","category-analisis-politico"],"aioseo_notices":[],"aioseo_head":"\n\t\t<!-- All in One SEO 4.9.10 - aioseo.com -->\n\t<meta name=\"description\" content=\"El Consulado General de los Estados Unidos en Ciudad Ju\u00e1rez anuncio la llegada de Katharine Beamer, quien asumir\u00e1 el cargo de C\u00f3nsul General de los Estados Unidos en Ciudad Ju\u00e1rez a partir del 27 de julio de 2026. Katharine Beamer, miembro del Servicio Exterior de Carrera de Alto Nivel de los Estados Unidos, cuenta con\" \/>\n\t<meta name=\"robots\" content=\"max-image-preview:large\" \/>\n\t<meta name=\"author\" content=\"user\"\/>\n\t<meta name=\"google-site-verification\" content=\"jlwkLGgnMBpX8ktutl9e1D8Kvl7Rh7xmXQIHtOLk65U\" \/>\n\t<link rel=\"canonical\" href=\"https:\/\/www.enfasis.mx\/?p=96\" \/>\n\t<meta name=\"generator\" content=\"All in One SEO (AIOSEO) 4.9.10\" \/>\n\t\t<meta property=\"og:locale\" content=\"en_US\" \/>\n\t\t<meta property=\"og:site_name\" content=\"\u00c9nfasis - El acento en la econom\u00eda y la pol\u00edtica\" \/>\n\t\t<meta property=\"og:type\" content=\"article\" \/>\n\t\t<meta property=\"og:title\" content=\"Katharine Beamer nueva Consul de USA en Ciudad Ju\u00e1rez - \u00c9nfasis\" \/>\n\t\t<meta property=\"og:description\" content=\"El Consulado General de los Estados Unidos en Ciudad Ju\u00e1rez anuncio la llegada de Katharine Beamer, quien asumir\u00e1 el cargo de C\u00f3nsul General de los Estados Unidos en Ciudad Ju\u00e1rez a partir del 27 de julio de 2026. Katharine Beamer, miembro del Servicio Exterior de Carrera de Alto Nivel de los Estados Unidos, cuenta con\" \/>\n\t\t<meta property=\"og:url\" content=\"https:\/\/www.enfasis.mx\/?p=96\" \/>\n\t\t<meta property=\"og:image\" content=\"https:\/\/www.enfasis.mx\/wp-content\/uploads\/2026\/07\/Katharine-Enfasis.png\" \/>\n\t\t<meta property=\"og:image:secure_url\" content=\"https:\/\/www.enfasis.mx\/wp-content\/uploads\/2026\/07\/Katharine-Enfasis.png\" \/>\n\t\t<meta property=\"og:image:width\" content=\"1200\" \/>\n\t\t<meta property=\"og:image:height\" content=\"800\" \/>\n\t\t<meta property=\"article:published_time\" content=\"2026-07-28T16:13:19+00:00\" \/>\n\t\t<meta property=\"article:modified_time\" content=\"2026-07-28T18:59:44+00:00\" \/>\n\t\t<meta name=\"twitter:card\" content=\"summary_large_image\" \/>\n\t\t<meta name=\"twitter:title\" content=\"Katharine Beamer nueva Consul de USA en Ciudad Ju\u00e1rez - \u00c9nfasis\" \/>\n\t\t<meta name=\"twitter:description\" content=\"El Consulado General de los Estados Unidos en Ciudad Ju\u00e1rez anuncio la llegada de Katharine Beamer, quien asumir\u00e1 el cargo de C\u00f3nsul General de los Estados Unidos en Ciudad Ju\u00e1rez a partir del 27 de julio de 2026. Katharine Beamer, miembro del Servicio Exterior de Carrera de Alto Nivel de los Estados Unidos, cuenta con\" \/>\n\t\t<meta name=\"twitter:image\" content=\"http:\/\/www.enfasis.mx\/wp-content\/uploads\/2026\/07\/Enfasis-Logo-1.png\" \/>\n\t\t<script type=\"application\/ld+json\" class=\"aioseo-schema\">\n\t\t\t{\"@context\":\"https:\\\/\\\/schema.org\",\"@graph\":[{\"@type\":\"BlogPosting\",\"@id\":\"https:\\\/\\\/www.enfasis.mx\\\/?p=96#blogposting\",\"name\":\"Katharine Beamer nueva Consul de USA en Ciudad Ju\\u00e1rez - \\u00c9nfasis\",\"headline\":\"Katharine Beamer nueva Consul de USA en Ciudad Ju\\u00e1rez\",\"author\":{\"@id\":\"https:\\\/\\\/www.enfasis.mx\\\/?author=1#author\"},\"publisher\":{\"@id\":\"https:\\\/\\\/www.enfasis.mx\\\/#organization\"},\"image\":{\"@type\":\"ImageObject\",\"url\":\"https:\\\/\\\/www.enfasis.mx\\\/wp-content\\\/uploads\\\/2026\\\/07\\\/Katharine-Enfasis.png\",\"width\":1200,\"height\":800},\"datePublished\":\"2026-07-28T09:13:19-07:00\",\"dateModified\":\"2026-07-28T11:59:44-07:00\",\"inLanguage\":\"en-US\",\"mainEntityOfPage\":{\"@id\":\"https:\\\/\\\/www.enfasis.mx\\\/?p=96#webpage\"},\"isPartOf\":{\"@id\":\"https:\\\/\\\/www.enfasis.mx\\\/?p=96#webpage\"},\"articleSection\":\"Pol\\u00edtica\"},{\"@type\":\"BreadcrumbList\",\"@id\":\"https:\\\/\\\/www.enfasis.mx\\\/?p=96#breadcrumblist\",\"itemListElement\":[{\"@type\":\"ListItem\",\"@id\":\"https:\\\/\\\/www.enfasis.mx#listItem\",\"position\":1,\"name\":\"Home\",\"item\":\"https:\\\/\\\/www.enfasis.mx\",\"nextItem\":{\"@type\":\"ListItem\",\"@id\":\"https:\\\/\\\/www.enfasis.mx\\\/?cat=4#listItem\",\"name\":\"Pol\\u00edtica\"}},{\"@type\":\"ListItem\",\"@id\":\"https:\\\/\\\/www.enfasis.mx\\\/?cat=4#listItem\",\"position\":2,\"name\":\"Pol\\u00edtica\",\"item\":\"https:\\\/\\\/www.enfasis.mx\\\/?cat=4\",\"nextItem\":{\"@type\":\"ListItem\",\"@id\":\"https:\\\/\\\/www.enfasis.mx\\\/?p=96#listItem\",\"name\":\"Katharine Beamer nueva Consul de USA en Ciudad Ju\\u00e1rez\"},\"previousItem\":{\"@type\":\"ListItem\",\"@id\":\"https:\\\/\\\/www.enfasis.mx#listItem\",\"name\":\"Home\"}},{\"@type\":\"ListItem\",\"@id\":\"https:\\\/\\\/www.enfasis.mx\\\/?p=96#listItem\",\"position\":3,\"name\":\"Katharine Beamer nueva Consul de USA en Ciudad Ju\\u00e1rez\",\"previousItem\":{\"@type\":\"ListItem\",\"@id\":\"https:\\\/\\\/www.enfasis.mx\\\/?cat=4#listItem\",\"name\":\"Pol\\u00edtica\"}}]},{\"@type\":\"Organization\",\"@id\":\"https:\\\/\\\/www.enfasis.mx\\\/#organization\",\"name\":\"\\u00c9nfasis Ser Empresario\",\"description\":\"El acento en la econom\\u00eda y la pol\\u00edtica Grupo Editorial Fundado en 1998, su marca insignia es REVISTA SER EMPRESARIO la revista empresarial mas importante del Estado\",\"url\":\"https:\\\/\\\/www.enfasis.mx\\\/\",\"logo\":{\"@type\":\"ImageObject\",\"url\":\"http:\\\/\\\/www.enfasis.mx\\\/wp-content\\\/uploads\\\/2026\\\/07\\\/Enfasis-Logo-1.png\",\"@id\":\"https:\\\/\\\/www.enfasis.mx\\\/?p=96\\\/#organizationLogo\"},\"image\":{\"@id\":\"https:\\\/\\\/www.enfasis.mx\\\/?p=96\\\/#organizationLogo\"}},{\"@type\":\"Person\",\"@id\":\"https:\\\/\\\/www.enfasis.mx\\\/?author=1#author\",\"url\":\"https:\\\/\\\/www.enfasis.mx\\\/?author=1\",\"name\":\"user\"},{\"@type\":\"WebPage\",\"@id\":\"https:\\\/\\\/www.enfasis.mx\\\/?p=96#webpage\",\"url\":\"https:\\\/\\\/www.enfasis.mx\\\/?p=96\",\"name\":\"Katharine Beamer nueva Consul de USA en Ciudad Ju\\u00e1rez - \\u00c9nfasis\",\"description\":\"El Consulado General de los Estados Unidos en Ciudad Ju\\u00e1rez anuncio la llegada de Katharine Beamer, quien asumir\\u00e1 el cargo de C\\u00f3nsul General de los Estados Unidos en Ciudad Ju\\u00e1rez a partir del 27 de julio de 2026. Katharine Beamer, miembro del Servicio Exterior de Carrera de Alto Nivel de los Estados Unidos, cuenta con\",\"inLanguage\":\"en-US\",\"isPartOf\":{\"@id\":\"https:\\\/\\\/www.enfasis.mx\\\/#website\"},\"breadcrumb\":{\"@id\":\"https:\\\/\\\/www.enfasis.mx\\\/?p=96#breadcrumblist\"},\"author\":{\"@id\":\"https:\\\/\\\/www.enfasis.mx\\\/?author=1#author\"},\"creator\":{\"@id\":\"https:\\\/\\\/www.enfasis.mx\\\/?author=1#author\"},\"image\":{\"@type\":\"ImageObject\",\"url\":\"https:\\\/\\\/www.enfasis.mx\\\/wp-content\\\/uploads\\\/2026\\\/07\\\/Katharine-Enfasis.png\",\"@id\":\"https:\\\/\\\/www.enfasis.mx\\\/?p=96\\\/#mainImage\",\"width\":1200,\"height\":800},\"primaryImageOfPage\":{\"@id\":\"https:\\\/\\\/www.enfasis.mx\\\/?p=96#mainImage\"},\"datePublished\":\"2026-07-28T09:13:19-07:00\",\"dateModified\":\"2026-07-28T11:59:44-07:00\"},{\"@type\":\"WebSite\",\"@id\":\"https:\\\/\\\/www.enfasis.mx\\\/#website\",\"url\":\"https:\\\/\\\/www.enfasis.mx\\\/\",\"name\":\"\\u00c9nfasis\",\"description\":\"El acento en la econom\\u00eda y la pol\\u00edtica\",\"inLanguage\":\"en-US\",\"publisher\":{\"@id\":\"https:\\\/\\\/www.enfasis.mx\\\/#organization\"}}]}\n\t\t<\/script>\n\t\t<!-- All in One SEO -->\n\n","aioseo_head_json":{"title":"Katharine Beamer nueva Consul de USA en Ciudad Ju\u00e1rez - \u00c9nfasis","description":"El Consulado General de los Estados Unidos en Ciudad Ju\u00e1rez anuncio la llegada de Katharine Beamer, quien asumir\u00e1 el cargo de C\u00f3nsul General de los Estados Unidos en Ciudad Ju\u00e1rez a partir del 27 de julio de 2026. Katharine Beamer, miembro del Servicio Exterior de Carrera de Alto Nivel de los Estados Unidos, cuenta con","canonical_url":"https:\/\/www.enfasis.mx\/?p=96","robots":"max-image-preview:large","keywords":"","webmasterTools":{"google-site-verification":"jlwkLGgnMBpX8ktutl9e1D8Kvl7Rh7xmXQIHtOLk65U","miscellaneous":""},"schema":{"@context":"https:\/\/schema.org","@graph":[{"@type":"BlogPosting","@id":"https:\/\/www.enfasis.mx\/?p=96#blogposting","name":"Katharine Beamer nueva Consul de USA en Ciudad Ju\u00e1rez - \u00c9nfasis","headline":"Katharine Beamer nueva Consul de USA en Ciudad Ju\u00e1rez","author":{"@id":"https:\/\/www.enfasis.mx\/?author=1#author"},"publisher":{"@id":"https:\/\/www.enfasis.mx\/#organization"},"image":{"@type":"ImageObject","url":"https:\/\/www.enfasis.mx\/wp-content\/uploads\/2026\/07\/Katharine-Enfasis.png","width":1200,"height":800},"datePublished":"2026-07-28T09:13:19-07:00","dateModified":"2026-07-28T11:59:44-07:00","inLanguage":"en-US","mainEntityOfPage":{"@id":"https:\/\/www.enfasis.mx\/?p=96#webpage"},"isPartOf":{"@id":"https:\/\/www.enfasis.mx\/?p=96#webpage"},"articleSection":"Pol\u00edtica"},{"@type":"BreadcrumbList","@id":"https:\/\/www.enfasis.mx\/?p=96#breadcrumblist","itemListElement":[{"@type":"ListItem","@id":"https:\/\/www.enfasis.mx#listItem","position":1,"name":"Home","item":"https:\/\/www.enfasis.mx","nextItem":{"@type":"ListItem","@id":"https:\/\/www.enfasis.mx\/?cat=4#listItem","name":"Pol\u00edtica"}},{"@type":"ListItem","@id":"https:\/\/www.enfasis.mx\/?cat=4#listItem","position":2,"name":"Pol\u00edtica","item":"https:\/\/www.enfasis.mx\/?cat=4","nextItem":{"@type":"ListItem","@id":"https:\/\/www.enfasis.mx\/?p=96#listItem","name":"Katharine Beamer nueva Consul de USA en Ciudad Ju\u00e1rez"},"previousItem":{"@type":"ListItem","@id":"https:\/\/www.enfasis.mx#listItem","name":"Home"}},{"@type":"ListItem","@id":"https:\/\/www.enfasis.mx\/?p=96#listItem","position":3,"name":"Katharine Beamer nueva Consul de USA en Ciudad Ju\u00e1rez","previousItem":{"@type":"ListItem","@id":"https:\/\/www.enfasis.mx\/?cat=4#listItem","name":"Pol\u00edtica"}}]},{"@type":"Organization","@id":"https:\/\/www.enfasis.mx\/#organization","name":"\u00c9nfasis Ser Empresario","description":"El acento en la econom\u00eda y la pol\u00edtica Grupo Editorial Fundado en 1998, su marca insignia es REVISTA SER EMPRESARIO la revista empresarial mas importante del Estado","url":"https:\/\/www.enfasis.mx\/","logo":{"@type":"ImageObject","url":"http:\/\/www.enfasis.mx\/wp-content\/uploads\/2026\/07\/Enfasis-Logo-1.png","@id":"https:\/\/www.enfasis.mx\/?p=96\/#organizationLogo"},"image":{"@id":"https:\/\/www.enfasis.mx\/?p=96\/#organizationLogo"}},{"@type":"Person","@id":"https:\/\/www.enfasis.mx\/?author=1#author","url":"https:\/\/www.enfasis.mx\/?author=1","name":"user"},{"@type":"WebPage","@id":"https:\/\/www.enfasis.mx\/?p=96#webpage","url":"https:\/\/www.enfasis.mx\/?p=96","name":"Katharine Beamer nueva Consul de USA en Ciudad Ju\u00e1rez - \u00c9nfasis","description":"El Consulado General de los Estados Unidos en Ciudad Ju\u00e1rez anuncio la llegada de Katharine Beamer, quien asumir\u00e1 el cargo de C\u00f3nsul General de los Estados Unidos en Ciudad Ju\u00e1rez a partir del 27 de julio de 2026. Katharine Beamer, miembro del Servicio Exterior de Carrera de Alto Nivel de los Estados Unidos, cuenta con","inLanguage":"en-US","isPartOf":{"@id":"https:\/\/www.enfasis.mx\/#website"},"breadcrumb":{"@id":"https:\/\/www.enfasis.mx\/?p=96#breadcrumblist"},"author":{"@id":"https:\/\/www.enfasis.mx\/?author=1#author"},"creator":{"@id":"https:\/\/www.enfasis.mx\/?author=1#author"},"image":{"@type":"ImageObject","url":"https:\/\/www.enfasis.mx\/wp-content\/uploads\/2026\/07\/Katharine-Enfasis.png","@id":"https:\/\/www.enfasis.mx\/?p=96\/#mainImage","width":1200,"height":800},"primaryImageOfPage":{"@id":"https:\/\/www.enfasis.mx\/?p=96#mainImage"},"datePublished":"2026-07-28T09:13:19-07:00","dateModified":"2026-07-28T11:59:44-07:00"},{"@type":"WebSite","@id":"https:\/\/www.enfasis.mx\/#website","url":"https:\/\/www.enfasis.mx\/","name":"\u00c9nfasis","description":"El acento en la econom\u00eda y la pol\u00edtica","inLanguage":"en-US","publisher":{"@id":"https:\/\/www.enfasis.mx\/#organization"}}]},"og:locale":"en_US","og:site_name":"\u00c9nfasis - El acento en la econom\u00eda y la pol\u00edtica","og:type":"article","og:title":"Katharine Beamer nueva Consul de USA en Ciudad Ju\u00e1rez - \u00c9nfasis","og:description":"El Consulado General de los Estados Unidos en Ciudad Ju\u00e1rez anuncio la llegada de Katharine Beamer, quien asumir\u00e1 el cargo de C\u00f3nsul General de los Estados Unidos en Ciudad Ju\u00e1rez a partir del 27 de julio de 2026. Katharine Beamer, miembro del Servicio Exterior de Carrera de Alto Nivel de los Estados Unidos, cuenta con","og:url":"https:\/\/www.enfasis.mx\/?p=96","og:image":"https:\/\/www.enfasis.mx\/wp-content\/uploads\/2026\/07\/Katharine-Enfasis.png","og:image:secure_url":"https:\/\/www.enfasis.mx\/wp-content\/uploads\/2026\/07\/Katharine-Enfasis.png","og:image:width":1200,"og:image:height":800,"article:published_time":"2026-07-28T16:13:19+00:00","article:modified_time":"2026-07-28T18:59:44+00:00","twitter:card":"summary_large_image","twitter:title":"Katharine Beamer nueva Consul de USA en Ciudad Ju\u00e1rez - \u00c9nfasis","twitter:description":"El Consulado General de los Estados Unidos en Ciudad Ju\u00e1rez anuncio la llegada de Katharine Beamer, quien asumir\u00e1 el cargo de C\u00f3nsul General de los Estados Unidos en Ciudad Ju\u00e1rez a partir del 27 de julio de 2026. Katharine Beamer, miembro del Servicio Exterior de Carrera de Alto Nivel de los Estados Unidos, cuenta con","twitter:image":"http:\/\/www.enfasis.mx\/wp-content\/uploads\/2026\/07\/Enfasis-Logo-1.png"},"aioseo_meta_data":{"post_id":"96","title":null,"description":null,"keywords":null,"keyphrases":{"focus":{"keyphrase":"","score":0,"analysis":{"keyphraseInTitle":{"score":0,"maxScore":9,"error":1}}},"additional":[]},"primary_term":null,"canonical_url":null,"og_title":null,"og_description":null,"og_object_type":"default","og_image_type":"default","og_image_custom_url":null,"og_image_custom_fields":null,"og_image_url":null,"og_image_width":null,"og_image_height":null,"og_video":"","og_custom_url":null,"og_article_section":null,"og_article_tags":null,"twitter_use_og":false,"twitter_card":"default","twitter_image_type":"default","twitter_image_custom_url":null,"twitter_image_custom_fields":null,"twitter_image_url":null,"twitter_title":null,"twitter_description":null,"schema_type":"default","schema_type_options":null,"schema":{"blockGraphs":[],"customGraphs":[],"default":{"data":{"Article":[],"Course":[],"Dataset":[],"FAQPage":[],"Movie":[],"Person":[],"Product":[],"ProductReview":[],"Car":[],"Recipe":[],"Service":[],"SoftwareApplication":[],"WebPage":[]},"graphName":"BlogPosting","isEnabled":true},"graphs":[]},"pillar_content":false,"robots_default":true,"robots_noindex":false,"robots_noarchive":false,"robots_nosnippet":false,"robots_nofollow":false,"robots_noimageindex":false,"robots_noodp":false,"robots_notranslate":false,"robots_max_snippet":"-1","robots_max_videopreview":"-1","robots_max_imagepreview":"large","priority":null,"frequency":"default","local_seo":null,"limit_modified_date":false,"ai":{"faqs":[],"keyPoints":[],"schemas":[],"titles":[],"descriptions":[],"socialPosts":{"email":{"subject":"","preview":"","content":""},"linkedin":[],"twitter":[],"facebook":[],"instagram":[]}},"breadcrumb_settings":null,"seo_analyzer_scan_date":null,"created":"2026-07-28 16:13:20","updated":"2026-07-28 19:02:55"},"aioseo_breadcrumb":"<div class=\"aioseo-breadcrumbs\"><span class=\"aioseo-breadcrumb\">\n\t\t\t<a href=\"https:\/\/www.enfasis.mx\" title=\"Home\">Home<\/a>\n\t\t<\/span><span class=\"aioseo-breadcrumb-separator\">&raquo;<\/span><span class=\"aioseo-breadcrumb\">\n\t\t\t<a href=\"https:\/\/www.enfasis.mx\/?cat=4\" title=\"Pol\u00edtica\">Pol\u00edtica<\/a>\n\t\t<\/span><span class=\"aioseo-breadcrumb-separator\">&raquo;<\/span><span class=\"aioseo-breadcrumb\">\n\t\t\tKatharine Beamer nueva Consul de USA en Ciudad Ju\u00e1rez\n\t\t<\/span><\/div>","aioseo_breadcrumb_json":[{"label":"Home","link":"https:\/\/www.enfasis.mx"},{"label":"Pol\u00edtica","link":"https:\/\/www.enfasis.mx\/?cat=4"},{"label":"Katharine Beamer nueva Consul de USA en Ciudad Ju\u00e1rez","link":"https:\/\/www.enfasis.mx\/?p=96"}],"wpmagazine_modules_lite_featured_media_urls":{"thumbnail":["https:\/\/www.enfasis.mx\/wp-content\/uploads\/2026\/07\/Katharine-Enfasis-150x150.png",150,150,true],"cvmm-medium":["https:\/\/www.enfasis.mx\/wp-content\/uploads\/2026\/07\/Katharine-Enfasis-300x300.png",300,300,true],"cvmm-medium-plus":["https:\/\/www.enfasis.mx\/wp-content\/uploads\/2026\/07\/Katharine-Enfasis-305x207.png",305,207,true],"cvmm-portrait":["https:\/\/www.enfasis.mx\/wp-content\/uploads\/2026\/07\/Katharine-Enfasis-400x600.png",400,600,true],"cvmm-medium-square":["https:\/\/www.enfasis.mx\/wp-content\/uploads\/2026\/07\/Katharine-Enfasis-600x600.png",600,600,true],"cvmm-large":["https:\/\/www.enfasis.mx\/wp-content\/uploads\/2026\/07\/Katharine-Enfasis-1024x800.png",1024,800,true],"cvmm-small":["https:\/\/www.enfasis.mx\/wp-content\/uploads\/2026\/07\/Katharine-Enfasis-130x95.png",130,95,true],"full":["https:\/\/www.enfasis.mx\/wp-content\/uploads\/2026\/07\/Katharine-Enfasis.png",1200,800,false]},"categories_names":{"4":{"name":"Pol\u00edtica","link":"https:\/\/www.enfasis.mx\/?cat=4"}},"tags_names":[],"comments_number":"0","jetpack_sharing_enabled":true,"jetpack_featured_media_url":"https:\/\/www.enfasis.mx\/wp-content\/uploads\/2026\/07\/Katharine-Enfasis.png","_links":{"self":[{"href":"https:\/\/www.enfasis.mx\/index.php?rest_route=\/wp\/v2\/posts\/96","targetHints":{"allow":["GET"]}}],"collection":[{"href":"https:\/\/www.enfasis.mx\/index.php?rest_route=\/wp\/v2\/posts"}],"about":[{"href":"https:\/\/www.enfasis.mx\/index.php?rest_route=\/wp\/v2\/types\/post"}],"author":[{"embeddable":true,"href":"https:\/\/www.enfasis.mx\/index.php?rest_route=\/wp\/v2\/users\/1"}],"replies":[{"embeddable":true,"href":"https:\/\/www.enfasis.mx\/index.php?rest_route=%2Fwp%2Fv2%2Fcomments&post=96"}],"version-history":[{"count":4,"href":"https:\/\/www.enfasis.mx\/index.php?rest_route=\/wp\/v2\/posts\/96\/revisions"}],"predecessor-version":[{"id":103,"href":"https:\/\/www.enfasis.mx\/index.php?rest_route=\/wp\/v2\/posts\/96\/revisions\/103"}],"wp:featuredmedia":[{"embeddable":true,"href":"https:\/\/www.enfasis.mx\/index.php?rest_route=\/wp\/v2\/media\/137"}],"wp:attachment":[{"href":"https:\/\/www.enfasis.mx\/index.php?rest_route=%2Fwp%2Fv2%2Fmedia&parent=96"}],"wp:term":[{"taxonomy":"category","embeddable":true,"href":"https:\/\/www.enfasis.mx\/index.php?rest_route=%2Fwp%2Fv2%2Fcategories&post=96"},{"taxonomy":"post_tag","embeddable":true,"href":"https:\/\/www.enfasis.mx\/index.php?rest_route=%2Fwp%2Fv2%2Ftags&post=96"}],"curies":[{"name":"wp","href":"https:\/\/api.w.org\/{rel}","templated":true}]}}